{"id":142674,"date":"2026-01-15T04:48:10","date_gmt":"2026-01-15T04:48:10","guid":{"rendered":"https:\/\/www.europesays.com\/fi\/142674\/"},"modified":"2026-01-15T04:48:10","modified_gmt":"2026-01-15T04:48:10","slug":"puutalo-tulessa-kaksi-koiraa-ja-asukas-pelastettu","status":"publish","type":"post","link":"https:\/\/www.europesays.com\/fi\/142674\/","title":{"rendered":"Puutalo tulessa \u2013 kaksi koiraa ja asukas pelastettu"},"content":{"rendered":"<p>Tulipalot|Palo syttyi Lohjan Omenakujalla.<\/p>\n<p>14.1. 23:53 | P\u00e4ivitetty 6:00<\/p>\n<p class=\"article-body mb-nof-24 px-nof-16\">Pelastuslaitos sai keskiviikkoiltana h\u00e4lytyksen Lohjalle Omenakujalle, jossa kaksikerroksisen puutalon terassi oli syttynyt palamaan.<\/p>\n<p class=\"article-body mb-nof-24 px-nof-16\">Aiemmin pelastuslaitos kertoi palon syttyneen Puutarhakujalla, mutta korjasi tiedon my\u00f6hemm\u00e4ss\u00e4 tiedotteessaan<\/p>\n<p class=\"article-body mb-nof-24 px-nof-16\">Ennen puoltay\u00f6t\u00e4 sammutusty\u00f6t olivat edelleen k\u00e4ynniss\u00e4. Paikalla olleen kuvaajan mukaan talo savusi runsaasti, ja kattoa jouduttiin avaamaan koura-autolla.<\/p>\n<p class=\"article-body mb-nof-24 px-nof-16\">Pelastuslaitos kertoo pelastaneensa talosta asukkaan ja kaksi koiraa.<\/p>\n<p class=\"article-body mb-nof-24 px-nof-16\">Tulipaloa oli sammuttamassa ainakin 13 yksikk\u00f6\u00e4.<\/p>\n<p><img decoding=\"async\" src=\"https:\/\/www.europesays.com\/fi\/wp-content\/uploads\/2026\/01\/1768452489_694_468.jpg\" alt=\"Talon kattoa jouduttiin avaamaan koura-autolla.\" class=\"_Img_1rerz_1\" style=\"aspect-ratio:1.5\" loading=\"eager\"\/><\/p>\n<p class=\"article-picture-caption\">Talon kattoa jouduttiin avaamaan koura-autolla. Kuva:\u00a0Lassi Rinne<\/p>\n<p><img decoding=\"async\" src=\"https:\/\/www.europesays.com\/fi\/wp-content\/uploads\/2026\/01\/1768452490_345_468.jpg\" alt=\"Palosta levisi runsaasti savua.\" class=\"_Img_1rerz_1\" style=\"aspect-ratio:1.5\" loading=\"eager\"\/><\/p>\n<p class=\"article-picture-caption\">Palosta levisi runsaasti savua. Kuva:\u00a0Lassi Rinne<\/p>\n","protected":false},"excerpt":{"rendered":"Tulipalot|Palo syttyi Lohjan Omenakujalla. 14.1. 23:53 | P\u00e4ivitetty 6:00 Pelastuslaitos sai keskiviikkoiltana h\u00e4lytyksen Lohjalle Omenakujalle, jossa kaksikerroksisen puutalon&hellip;\n","protected":false},"author":2,"featured_media":142675,"comment_status":"","ping_status":"","sticky":false,"template":"","format":"standard","meta":{"footnotes":""},"categories":[12],"tags":[22,23,26,27,33,31,30,17,46,24,25,28,29,15,18,21,32,19,20,16],"class_list":{"0":"post-142674","1":"post","2":"type-post","3":"status-publish","4":"format-standard","5":"has-post-thumbnail","7":"category-suomi","8":"tag-breaking-news","9":"tag-breakingnews","10":"tag-featured-news","11":"tag-featurednews","12":"tag-fi","13":"tag-finland","14":"tag-finnish","15":"tag-headlines","16":"tag-helsingin-sanomat","17":"tag-latest-news","18":"tag-latestnews","19":"tag-main-news","20":"tag-mainnews","21":"tag-news","22":"tag-otsikot","23":"tag-paauutiset","24":"tag-suomi","25":"tag-top-stories","26":"tag-topstories","27":"tag-uutiset"},"share_on_mastodon":{"url":"https:\/\/pubeurope.com\/@fi\/115897309815050535","error":""},"_links":{"self":[{"href":"https:\/\/www.europesays.com\/fi\/wp-json\/wp\/v2\/posts\/142674","targetHints":{"allow":["GET"]}}],"collection":[{"href":"https:\/\/www.europesays.com\/fi\/wp-json\/wp\/v2\/posts"}],"about":[{"href":"https:\/\/www.europesays.com\/fi\/wp-json\/wp\/v2\/types\/post"}],"author":[{"embeddable":true,"href":"https:\/\/www.europesays.com\/fi\/wp-json\/wp\/v2\/users\/2"}],"replies":[{"embeddable":true,"href":"https:\/\/www.europesays.com\/fi\/wp-json\/wp\/v2\/comments?post=142674"}],"version-history":[{"count":0,"href":"https:\/\/www.europesays.com\/fi\/wp-json\/wp\/v2\/posts\/142674\/revisions"}],"wp:featuredmedia":[{"embeddable":true,"href":"https:\/\/www.europesays.com\/fi\/wp-json\/wp\/v2\/media\/142675"}],"wp:attachment":[{"href":"https:\/\/www.europesays.com\/fi\/wp-json\/wp\/v2\/media?parent=142674"}],"wp:term":[{"taxonomy":"category","embeddable":true,"href":"https:\/\/www.europesays.com\/fi\/wp-json\/wp\/v2\/categories?post=142674"},{"taxonomy":"post_tag","embeddable":true,"href":"https:\/\/www.europesays.com\/fi\/wp-json\/wp\/v2\/tags?post=142674"}],"curies":[{"name":"wp","href":"https:\/\/api.w.org\/{rel}","templated":true}]}}