{"id":142676,"date":"2026-01-15T04:49:14","date_gmt":"2026-01-15T04:49:14","guid":{"rendered":"https:\/\/www.europesays.com\/fi\/142676\/"},"modified":"2026-01-15T04:49:14","modified_gmt":"2026-01-15T04:49:14","slug":"kuraattori-ja-psykologipalveluissa-otetaan-kayttoon-digiasioinnin-kiireettomat-viestit-helmikuun-alussa","status":"publish","type":"post","link":"https:\/\/www.europesays.com\/fi\/142676\/","title":{"rendered":"Kuraattori- ja psykologipalveluissa otetaan k\u00e4ytt\u00f6\u00f6n digiasioinnin kiireett\u00f6m\u00e4t viestit helmikuun alussa"},"content":{"rendered":"<p>\n      Keski-Suomen hyvinvointialueen digitaaliset asiointimahdollisuudet laajenevat edelleen, kun digipalveluita otetaan k\u00e4ytt\u00f6\u00f6n koulu- ja opiskeluterveydenhuollon rinnalle my\u00f6s opiskeluhuollon kuraattori- ja psykologipalveluihin 2.2. alkaen.\n  <\/p>\n<p>Opiskeluhuollon kuraattori ja psykologipalveluihin avataan kiireett\u00f6m\u00e4n asioinnin kanava, jonka kautta esi- tai peruskoululainen tai toisen asteen oppilaitosta k\u00e4yv\u00e4 opiskelija tai h\u00e4nen huoltajansa voi j\u00e4tt\u00e4\u00e4 kuraattorille tai psykologille yhteydenottopyynn\u00f6n. Yhteydenottopyynt\u00f6ihin vastataan seitsem\u00e4n arkip\u00e4iv\u00e4n kuluessa. Kiireett\u00f6m\u00e4n asioinnin kanava korvaa Wilman kautta tapahtuneen opiskelijakohtaisen viestinvaihdon kuraattoreille ja psykologeille.\u00a0<\/p>\n<p>Digipalvelut saa k\u00e4ytt\u00f6\u00f6ns\u00e4 lataamalla Keski-Suomen hyvinvointialueen mobiilisovelluksen (OmaHyvaks) tai digiasioinnin selainversiossa, johon p\u00e4\u00e4set <a href=\"https:\/\/hyvaks.fi\/asiointi\/asioi-verkossa\" rel=\"nofollow noopener\" target=\"_blank\">www.hyvaks.fi\/asioi-verkossa<\/a> -sivulta. Kiireett\u00f6m\u00e4n asioinnin k\u00e4ytt\u00f6 edellytt\u00e4\u00e4 vahvaa tunnistautumista mobiilivarmenteella tai verkkopankkitunnuksilla.<\/p>\n<p>Puolesta-asiointi on mahdollista alle 18-vuotiaan lapsen huoltajille. T\u00e4ysi-ik\u00e4isen henkil\u00f6n puolesta asioinnissa vaaditaan valtuutus, jonka voi tehd\u00e4 osoitteessa <a href=\"https:\/\/www.suomi.fi\/valtuudet\" rel=\"nofollow noopener\" target=\"_blank\">suomi.fi\/valtuudet<\/a>.<\/p>\n","protected":false},"excerpt":{"rendered":"Keski-Suomen hyvinvointialueen digitaaliset asiointimahdollisuudet laajenevat edelleen, kun digipalveluita otetaan k\u00e4ytt\u00f6\u00f6n koulu- ja opiskeluterveydenhuollon rinnalle my\u00f6s opiskeluhuollon kuraattori- ja&hellip;\n","protected":false},"author":2,"featured_media":142677,"comment_status":"","ping_status":"","sticky":false,"template":"","format":"standard","meta":{"footnotes":""},"categories":[5],"tags":[22,23,26,27,33,31,30,17,24,25,28,29,15,18,21,32,19,20,16],"class_list":{"0":"post-142676","1":"post","2":"type-post","3":"status-publish","4":"format-standard","5":"has-post-thumbnail","7":"category-otsikot","8":"tag-breaking-news","9":"tag-breakingnews","10":"tag-featured-news","11":"tag-featurednews","12":"tag-fi","13":"tag-finland","14":"tag-finnish","15":"tag-headlines","16":"tag-latest-news","17":"tag-latestnews","18":"tag-main-news","19":"tag-mainnews","20":"tag-news","21":"tag-otsikot","22":"tag-paauutiset","23":"tag-suomi","24":"tag-top-stories","25":"tag-topstories","26":"tag-uutiset"},"share_on_mastodon":{"url":"https:\/\/pubeurope.com\/@fi\/115897313791077181","error":""},"_links":{"self":[{"href":"https:\/\/www.europesays.com\/fi\/wp-json\/wp\/v2\/posts\/142676","targetHints":{"allow":["GET"]}}],"collection":[{"href":"https:\/\/www.europesays.com\/fi\/wp-json\/wp\/v2\/posts"}],"about":[{"href":"https:\/\/www.europesays.com\/fi\/wp-json\/wp\/v2\/types\/post"}],"author":[{"embeddable":true,"href":"https:\/\/www.europesays.com\/fi\/wp-json\/wp\/v2\/users\/2"}],"replies":[{"embeddable":true,"href":"https:\/\/www.europesays.com\/fi\/wp-json\/wp\/v2\/comments?post=142676"}],"version-history":[{"count":0,"href":"https:\/\/www.europesays.com\/fi\/wp-json\/wp\/v2\/posts\/142676\/revisions"}],"wp:featuredmedia":[{"embeddable":true,"href":"https:\/\/www.europesays.com\/fi\/wp-json\/wp\/v2\/media\/142677"}],"wp:attachment":[{"href":"https:\/\/www.europesays.com\/fi\/wp-json\/wp\/v2\/media?parent=142676"}],"wp:term":[{"taxonomy":"category","embeddable":true,"href":"https:\/\/www.europesays.com\/fi\/wp-json\/wp\/v2\/categories?post=142676"},{"taxonomy":"post_tag","embeddable":true,"href":"https:\/\/www.europesays.com\/fi\/wp-json\/wp\/v2\/tags?post=142676"}],"curies":[{"name":"wp","href":"https:\/\/api.w.org\/{rel}","templated":true}]}}