{"id":142680,"date":"2026-01-15T05:01:08","date_gmt":"2026-01-15T05:01:08","guid":{"rendered":"https:\/\/www.europesays.com\/fi\/142680\/"},"modified":"2026-01-15T05:01:08","modified_gmt":"2026-01-15T05:01:08","slug":"kolmiodraama-tinna-ja-tino-viettavat-yon-yhdessa","status":"publish","type":"post","link":"https:\/\/www.europesays.com\/fi\/142680\/","title":{"rendered":"Kolmiodraama: Tinna ja Tino viett\u00e4v\u00e4t y\u00f6n yhdess\u00e4"},"content":{"rendered":"<p>Kolmiodraamassa aamu valkenee yhteisen illanvieton j\u00e4lkeen hempeiss\u00e4 merkeiss\u00e4.<\/p>\n<p class=\"article-body mb-nof-24 px-nof-16\">MTV3-kanavan Kolmiodraama-rakkausrealityssa kaikki osallistujat ovat p\u00e4\u00e4sseet viett\u00e4m\u00e4\u00e4n ensimm\u00e4ist\u00e4 kertaa iltaa yhdess\u00e4.<\/p>\n<p class=\"article-body mb-nof-24 px-nof-16\">Ilta on sujunut mukavissa merkeiss\u00e4 juoden, sy\u00f6den ja jutellen. Joillakin on ollut muita kivempaa, sill\u00e4 Tomin ja h\u00e4nen kumppaniehdokkaidensa <a class=\"font-bold underline-offset-[0.12em] [text-decoration:var(--person-link-text-decoration)] ![text-decoration-color:var(--person-link-text-decoration-color)]\" href=\"https:\/\/www.is.fi\/haku\/?query=Carolinan\" rel=\"nofollow noopener\" target=\"_blank\">Carolinan<\/a> ja <a class=\"font-bold underline-offset-[0.12em] [text-decoration:var(--person-link-text-decoration)] ![text-decoration-color:var(--person-link-text-decoration-color)]\" href=\"https:\/\/www.is.fi\/haku\/?query=Tinnan\" rel=\"nofollow noopener\" target=\"_blank\">Tinnan<\/a> asunnossa Jollaksessa aamu alkaa yll\u00e4tyksell\u00e4.<\/p>\n<p class=\"article-body mb-nof-24 px-nof-16\">Kamerat kuvaavat 9. jaksossa, kuinka Tinna ja rakkautta etsiv\u00e4n Vilman puolisoehdokas <a class=\"font-bold underline-offset-[0.12em] [text-decoration:var(--person-link-text-decoration)] ![text-decoration-color:var(--person-link-text-decoration-color)]\" href=\"https:\/\/www.is.fi\/haku\/?query=Tino\" rel=\"nofollow noopener\" target=\"_blank\">Tino<\/a> k\u00f6mpiv\u00e4t ulos Tinnan makuuhuoneesta tukka pystyss\u00e4 ja aamutakit p\u00e4\u00e4ll\u00e4.<\/p>\n<p class=\"article-body mb-nof-24 px-nof-16\">\u2013 Mites on, onko sit\u00e4 nukuttu? olohuoneessa odottavat Tomi ja Caro kyselev\u00e4t.<\/p>\n<p class=\"article-body mb-nof-24 px-nof-16\">\u2013 On.. V\u00e4h\u00e4n, Tino vastaa.<\/p>\n<p class=\"article-body mb-nof-24 px-nof-16\">\u2013 Mites teid\u00e4n y\u00f6 meni? Caro tiedustelee.<\/p>\n<p class=\"article-body mb-nof-24 px-nof-16\">\u2013 Hyvin, keskustellen, parivaljakko kihert\u00e4\u00e4.<\/p>\n<p class=\"article-body mb-nof-24 px-nof-16\">Muita kiinnostaa, miss\u00e4 v\u00e4liss\u00e4 yhteist\u00e4 illanviettoa pari l\u00f6ysi toisensa.<\/p>\n<p class=\"article-body mb-nof-24 px-nof-16\">\u2013 En tiennyt kenest\u00e4k\u00e4\u00e4n mit\u00e4\u00e4n, niin olin utelias tutustumaan kaikkiin ja juttelemaan kaikille. En m\u00e4 tied\u00e4 miten me p\u00e4\u00e4dyttiin t\u00e4h\u00e4n, Tinna selitt\u00e4\u00e4.<\/p>\n<p class=\"article-body mb-nof-24 px-nof-16\">Tomia ja Caroa kiinnostaa, ett\u00e4 mit\u00e4 Kolmiodraaman yll\u00e4tyspari aikoo nyt seuraavaksi.<\/p>\n<p class=\"article-body mb-nof-24 px-nof-16\">\u2013 Hyv\u00e4 kysymys. T\u00e4m\u00e4 tuli v\u00e4h\u00e4n nopeasti, Tino vastaa.<\/p>\n<p class=\"article-body mb-nof-24 px-nof-16\">Molemmat kertovat, etteiv\u00e4t ole ehtineet mietti\u00e4 seuraavia askelia.<\/p>\n<p class=\"article-body mb-nof-24 px-nof-16\">\u2013 Eilen silleen keskusteltiin ja juteltiin, mutta ei p\u00e4\u00e4sty tutustumaan. Meill\u00e4 on hyv\u00e4t l\u00e4ht\u00f6kohdat, Tinna sanoo.<\/p>\n<p class=\"article-body mb-nof-24 px-nof-16\">Tino naurahtaa laittaneensa viiden aikaan aamulla viesti\u00e4 Vilmalle, ett\u00e4 on elossa ja kaikki hyvin. Toisaalla Vilma ja h\u00e4nen toinen puolisoehdokkaana <a class=\"font-bold underline-offset-[0.12em] [text-decoration:var(--person-link-text-decoration)] ![text-decoration-color:var(--person-link-text-decoration-color)]\" href=\"https:\/\/www.is.fi\/haku\/?query=Pessi\" rel=\"nofollow noopener\" target=\"_blank\">Pessi<\/a> ihmettelev\u00e4t, miss\u00e4 Tino luuraa.<\/p>\n<p class=\"article-body mb-nof-24 px-nof-16\">\u2013 Mihinh\u00e4n lie se on mennyt y\u00f6ksi. Meid\u00e4n pit\u00e4\u00e4 sitten kunnolla grillata, ett\u00e4 kenen vieress\u00e4 on nukkunut y\u00f6ns\u00e4, Vilma ilmoittaa.<\/p>\n<p><img decoding=\"async\" src=\"https:\/\/www.europesays.com\/fi\/wp-content\/uploads\/2026\/01\/1768453268_399_468.jpg\" alt=\"Parilta kysyt\u00e4\u00e4n ohjelmassa, ett\u00e4 nukkuivatko he y\u00f6n lusikassa. \u2013 Kyll\u00e4 joo, oltiin l\u00e4hekk\u00e4in, Tinna ja Tino kuvailevat.\" class=\"_Img_1rerz_1\" style=\"aspect-ratio:1.7777777777777777\" loading=\"eager\"\/><\/p>\n<p class=\"article-picture-caption\">Parilta kysyt\u00e4\u00e4n ohjelmassa, ett\u00e4 nukkuivatko he y\u00f6n lusikassa. \u2013 Kyll\u00e4 joo, oltiin l\u00e4hekk\u00e4in, Tinna ja Tino kuvailevat. Kuva:\u00a0MTV3<\/p>\n<p class=\"article-body mb-nof-24 px-nof-16\">Tinnan ja Tino y\u00f6llinen kohtaaminen ei j\u00e4\u00e4 siihen, vaan he suuntaavat p\u00e4iv\u00e4n valjetessa treffeille. Tinnaa nopea tahti hieman h\u00e4mm\u00e4stytt\u00e4\u00e4 ja naurattaakin.<\/p>\n<p class=\"article-body mb-nof-24 px-nof-16\">\u2013 Herranjumala, oon tuntenut sen ehk\u00e4 24 tuntia jos sit\u00e4k\u00e4\u00e4n ja ollaan vietetty yhteinen y\u00f6 yhdess\u00e4, Tinna nauraa.<\/p>\n<p class=\"article-body mb-nof-24 px-nof-16\">\u2013 Tinokin sanoi, ett\u00e4 oli v\u00e4h\u00e4n heitt\u00e4nyt jo hanskat tiskiin, ett\u00e4 mit\u00e4 h\u00e4n t\u00e4\u00e4ll\u00e4 tekee. Ja yht\u00e4kkii onkin t\u00e4lleen.<\/p>\n<p class=\"article-body mb-nof-24 px-nof-16\">Tinokin kuvailee, ettei olisi arvannut, ett\u00e4 kipin\u00e4t sinkoilisivat Kolmiodraaman kuvauksissa viel\u00e4 loppumetreill\u00e4.<\/p>\n<p class=\"article-body mb-nof-24 px-nof-16\">\u2013 T\u00e4\u00e4 oli meid\u00e4n kohdalla erikoinen, kun yleens\u00e4 k\u00e4yty treffeill\u00e4 ja menty sitten viett\u00e4m\u00e4\u00e4n yhteist\u00e4 y\u00f6t\u00e4. Meill\u00e4 meni toiste p\u00e4in, Tino sanoo.<\/p>\n<p class=\"article-body mb-nof-24 px-nof-16\">Kolmiodraama, jakso 9. katsottavissa nyt MTV Katsomo+ ja MTV3 5.2. klo 21.00<\/p>\n","protected":false},"excerpt":{"rendered":"Kolmiodraamassa aamu valkenee yhteisen illanvieton j\u00e4lkeen hempeiss\u00e4 merkeiss\u00e4. MTV3-kanavan Kolmiodraama-rakkausrealityssa kaikki osallistujat ovat p\u00e4\u00e4sseet viett\u00e4m\u00e4\u00e4n ensimm\u00e4ist\u00e4 kertaa iltaa&hellip;\n","protected":false},"author":2,"featured_media":142681,"comment_status":"","ping_status":"","sticky":false,"template":"","format":"standard","meta":{"footnotes":""},"categories":[136],"tags":[407,137,33,31,30,34,408,32,109],"class_list":{"0":"post-142680","1":"post","2":"type-post","3":"status-publish","4":"format-standard","5":"has-post-thumbnail","7":"category-julkkikset","8":"tag-celebrities","9":"tag-entertainment","10":"tag-fi","11":"tag-finland","12":"tag-finnish","13":"tag-ilta-sanomat","14":"tag-julkkikset","15":"tag-suomi","16":"tag-viihde"},"share_on_mastodon":{"url":"https:\/\/pubeurope.com\/@fi\/115897360888680189","error":""},"_links":{"self":[{"href":"https:\/\/www.europesays.com\/fi\/wp-json\/wp\/v2\/posts\/142680","targetHints":{"allow":["GET"]}}],"collection":[{"href":"https:\/\/www.europesays.com\/fi\/wp-json\/wp\/v2\/posts"}],"about":[{"href":"https:\/\/www.europesays.com\/fi\/wp-json\/wp\/v2\/types\/post"}],"author":[{"embeddable":true,"href":"https:\/\/www.europesays.com\/fi\/wp-json\/wp\/v2\/users\/2"}],"replies":[{"embeddable":true,"href":"https:\/\/www.europesays.com\/fi\/wp-json\/wp\/v2\/comments?post=142680"}],"version-history":[{"count":0,"href":"https:\/\/www.europesays.com\/fi\/wp-json\/wp\/v2\/posts\/142680\/revisions"}],"wp:featuredmedia":[{"embeddable":true,"href":"https:\/\/www.europesays.com\/fi\/wp-json\/wp\/v2\/media\/142681"}],"wp:attachment":[{"href":"https:\/\/www.europesays.com\/fi\/wp-json\/wp\/v2\/media?parent=142680"}],"wp:term":[{"taxonomy":"category","embeddable":true,"href":"https:\/\/www.europesays.com\/fi\/wp-json\/wp\/v2\/categories?post=142680"},{"taxonomy":"post_tag","embeddable":true,"href":"https:\/\/www.europesays.com\/fi\/wp-json\/wp\/v2\/tags?post=142680"}],"curies":[{"name":"wp","href":"https:\/\/api.w.org\/{rel}","templated":true}]}}