{"id":142688,"date":"2026-01-15T05:09:06","date_gmt":"2026-01-15T05:09:06","guid":{"rendered":"https:\/\/www.europesays.com\/fi\/142688\/"},"modified":"2026-01-15T05:09:06","modified_gmt":"2026-01-15T05:09:06","slug":"alvar-aallon-kansainvalinen-menestys-syntyi-ainon-ja-elissan-avulla-muistuttaa-tuore-nayttely","status":"publish","type":"post","link":"https:\/\/www.europesays.com\/fi\/142688\/","title":{"rendered":"Alvar Aallon kansainv\u00e4linen menestys syntyi Ainon ja Elissan avulla, muistuttaa tuore n\u00e4yttely"},"content":{"rendered":"<p>N\u00e4yttelyt|Suomen kuuluisimman arkkitehdin Alvar Aallon p\u00e4\u00e4ty\u00f6n\u00e4 pidettyyn Finlandia-taloon avautunut n\u00e4yttely ylist\u00e4\u00e4 yhteisty\u00f6n voimaa.<\/p>\n<p class=\"article-body mb-nof-24 px-nof-16\">Uudistuneeseen Finlandia-taloon avautui viime kes\u00e4n\u00e4 2025 pysyv\u00e4 Aalto-n\u00e4yttely, jota harva helsinkil\u00e4inen on viel\u00e4 l\u00f6yt\u00e4nyt.<\/p>\n<p class=\"article-body mb-nof-24 px-nof-16\">Se tekee <a class=\"font-bold underline-offset-[0.12em] [text-decoration:var(--person-link-text-decoration)] ![text-decoration-color:var(--person-link-text-decoration-color)]\" href=\"https:\/\/www.hs.fi\/haku\/?query=Alvar%20Aallon\" rel=\"nofollow noopener\" target=\"_blank\">Alvar Aallon<\/a> lis\u00e4ksi kunniaa Artekin toimitusjohtaja <a class=\"font-bold underline-offset-[0.12em] [text-decoration:var(--person-link-text-decoration)] ![text-decoration-color:var(--person-link-text-decoration-color)]\" href=\"https:\/\/www.hs.fi\/haku\/?query=Aino%20Aallolle\" rel=\"nofollow noopener\" target=\"_blank\">Aino Aallolle<\/a> sek\u00e4 v\u00e4hemm\u00e4n huomiota saaneelle toiselle puolisolle, arkkitehti <a class=\"font-bold underline-offset-[0.12em] [text-decoration:var(--person-link-text-decoration)] ![text-decoration-color:var(--person-link-text-decoration-color)]\" href=\"https:\/\/www.hs.fi\/haku\/?query=Elissa%20Aallolle\" rel=\"nofollow noopener\" target=\"_blank\">Elissa Aallolle<\/a>.<\/p>\n","protected":false},"excerpt":{"rendered":"N\u00e4yttelyt|Suomen kuuluisimman arkkitehdin Alvar Aallon p\u00e4\u00e4ty\u00f6n\u00e4 pidettyyn Finlandia-taloon avautunut n\u00e4yttely ylist\u00e4\u00e4 yhteisty\u00f6n voimaa. Uudistuneeseen Finlandia-taloon avautui viime kes\u00e4n\u00e4&hellip;\n","protected":false},"author":2,"featured_media":142689,"comment_status":"","ping_status":"","sticky":false,"template":"","format":"standard","meta":{"footnotes":""},"categories":[130],"tags":[137,33,31,30,46,32,109],"class_list":{"0":"post-142688","1":"post","2":"type-post","3":"status-publish","4":"format-standard","5":"has-post-thumbnail","7":"category-viihde","8":"tag-entertainment","9":"tag-fi","10":"tag-finland","11":"tag-finnish","12":"tag-helsingin-sanomat","13":"tag-suomi","14":"tag-viihde"},"share_on_mastodon":{"url":"https:\/\/pubeurope.com\/@fi\/115897392343174443","error":""},"_links":{"self":[{"href":"https:\/\/www.europesays.com\/fi\/wp-json\/wp\/v2\/posts\/142688","targetHints":{"allow":["GET"]}}],"collection":[{"href":"https:\/\/www.europesays.com\/fi\/wp-json\/wp\/v2\/posts"}],"about":[{"href":"https:\/\/www.europesays.com\/fi\/wp-json\/wp\/v2\/types\/post"}],"author":[{"embeddable":true,"href":"https:\/\/www.europesays.com\/fi\/wp-json\/wp\/v2\/users\/2"}],"replies":[{"embeddable":true,"href":"https:\/\/www.europesays.com\/fi\/wp-json\/wp\/v2\/comments?post=142688"}],"version-history":[{"count":0,"href":"https:\/\/www.europesays.com\/fi\/wp-json\/wp\/v2\/posts\/142688\/revisions"}],"wp:featuredmedia":[{"embeddable":true,"href":"https:\/\/www.europesays.com\/fi\/wp-json\/wp\/v2\/media\/142689"}],"wp:attachment":[{"href":"https:\/\/www.europesays.com\/fi\/wp-json\/wp\/v2\/media?parent=142688"}],"wp:term":[{"taxonomy":"category","embeddable":true,"href":"https:\/\/www.europesays.com\/fi\/wp-json\/wp\/v2\/categories?post=142688"},{"taxonomy":"post_tag","embeddable":true,"href":"https:\/\/www.europesays.com\/fi\/wp-json\/wp\/v2\/tags?post=142688"}],"curies":[{"name":"wp","href":"https:\/\/api.w.org\/{rel}","templated":true}]}}