{"id":142692,"date":"2026-01-15T05:13:08","date_gmt":"2026-01-15T05:13:08","guid":{"rendered":"https:\/\/www.europesays.com\/fi\/142692\/"},"modified":"2026-01-15T05:13:08","modified_gmt":"2026-01-15T05:13:08","slug":"usa-keskeyttaa-viisumien-kasittelyn-75-maan-kansalaisilta","status":"publish","type":"post","link":"https:\/\/www.europesays.com\/fi\/142692\/","title":{"rendered":"USA keskeytt\u00e4\u00e4 viisumien k\u00e4sittelyn 75 maan kansalaisilta"},"content":{"rendered":"<p><strong class=\"typography-bold\">Yhdysvallat keskeytt\u00e4\u00e4 viisumien k\u00e4sittelyn 75 maan kansalaisilta. Asiasta kertoi keskiviikkona Yhdysvaltain ulkoministeri\u00f6 <\/strong><a class=\"underline\" data-testid=\"external-link\" href=\"https:\/\/x.com\/StateDept\/status\/2011478657680757214?s=20\" rel=\"noopener noreferrer nofollow\" data-sentry-component=\"ExternalLink\" data-sentry-source-file=\"ExternalLink.tsx\"><strong class=\"typography-bold\">X-viestipalvelussa<\/strong><\/a><strong class=\"typography-bold\">.<\/strong><\/p>\n<p>USA:n ulkoministeri\u00f6n mukaan viisumiprosessi keskeytet\u00e4\u00e4n muun muassa Somalian, Haitin, Iranin ja Eritrean kansalaisilta.<\/p>\n<p>Ulkoministeri\u00f6n mukaan viisumiprosessit keskeytet\u00e4\u00e4n sen vuoksi, ett\u00e4 maista tulevat viev\u00e4t v\u00e4itetysti sosiaaliavustuksia yhdysvaltalaisilta.<\/p>\n<p>Uutistoimisto AFP:n viranomaisl\u00e4hteen mukaan viisumiprosessi keskeytet\u00e4\u00e4n my\u00f6s muun muassa Brasilian, Egyptin, Thaimaan, Nigerian, Irakin ja Jemenin kansalaisilta. L\u00e4hteen mukaan viisumiprosessit keskeytyv\u00e4t 21. tammikuuta alkaen.<\/p>\n<p>Yhdysvallat <a class=\"underline\" data-testid=\"external-link\" href=\"https:\/\/travel.state.gov\/content\/travel\/en\/News\/visas-news\/suspension-of-visa-issuance-to-foreign-nationals-to-protect-the-united-states-from-foreign-terrorists-and-other-national-security-and-public-safety-threats.html\" rel=\"noopener noreferrer nofollow\" data-sentry-component=\"ExternalLink\" data-sentry-source-file=\"ExternalLink.tsx\" target=\"_blank\">keskeytti<\/a> viisumien my\u00f6nt\u00e4misen 19 maan kansalaisille jo viime vuoden kes\u00e4kuussa. Tuolloin listalla olivat my\u00f6s kaikki ulkoministeri\u00f6n tuoreessa someviestiss\u00e4 mainitsemat maat.<\/p>\n","protected":false},"excerpt":{"rendered":"Yhdysvallat keskeytt\u00e4\u00e4 viisumien k\u00e4sittelyn 75 maan kansalaisilta. Asiasta kertoi keskiviikkona Yhdysvaltain ulkoministeri\u00f6 X-viestipalvelussa. USA:n ulkoministeri\u00f6n mukaan viisumiprosessi keskeytet\u00e4\u00e4n&hellip;\n","protected":false},"author":2,"featured_media":142693,"comment_status":"","ping_status":"","sticky":false,"template":"","format":"standard","meta":{"footnotes":""},"categories":[14],"tags":[22,23,26,27,33,31,30,17,24,25,28,29,15,18,21,32,19,20,56,16,59,60,61],"class_list":{"0":"post-142692","1":"post","2":"type-post","3":"status-publish","4":"format-standard","5":"has-post-thumbnail","7":"category-ulkomaat","8":"tag-breaking-news","9":"tag-breakingnews","10":"tag-featured-news","11":"tag-featurednews","12":"tag-fi","13":"tag-finland","14":"tag-finnish","15":"tag-headlines","16":"tag-latest-news","17":"tag-latestnews","18":"tag-main-news","19":"tag-mainnews","20":"tag-news","21":"tag-otsikot","22":"tag-paauutiset","23":"tag-suomi","24":"tag-top-stories","25":"tag-topstories","26":"tag-ulkomaat","27":"tag-uutiset","28":"tag-world","29":"tag-world-news","30":"tag-worldnews"},"share_on_mastodon":{"url":"https:\/\/pubeurope.com\/@fi\/115897408109213713","error":""},"_links":{"self":[{"href":"https:\/\/www.europesays.com\/fi\/wp-json\/wp\/v2\/posts\/142692","targetHints":{"allow":["GET"]}}],"collection":[{"href":"https:\/\/www.europesays.com\/fi\/wp-json\/wp\/v2\/posts"}],"about":[{"href":"https:\/\/www.europesays.com\/fi\/wp-json\/wp\/v2\/types\/post"}],"author":[{"embeddable":true,"href":"https:\/\/www.europesays.com\/fi\/wp-json\/wp\/v2\/users\/2"}],"replies":[{"embeddable":true,"href":"https:\/\/www.europesays.com\/fi\/wp-json\/wp\/v2\/comments?post=142692"}],"version-history":[{"count":0,"href":"https:\/\/www.europesays.com\/fi\/wp-json\/wp\/v2\/posts\/142692\/revisions"}],"wp:featuredmedia":[{"embeddable":true,"href":"https:\/\/www.europesays.com\/fi\/wp-json\/wp\/v2\/media\/142693"}],"wp:attachment":[{"href":"https:\/\/www.europesays.com\/fi\/wp-json\/wp\/v2\/media?parent=142692"}],"wp:term":[{"taxonomy":"category","embeddable":true,"href":"https:\/\/www.europesays.com\/fi\/wp-json\/wp\/v2\/categories?post=142692"},{"taxonomy":"post_tag","embeddable":true,"href":"https:\/\/www.europesays.com\/fi\/wp-json\/wp\/v2\/tags?post=142692"}],"curies":[{"name":"wp","href":"https:\/\/api.w.org\/{rel}","templated":true}]}}