{"id":142696,"date":"2026-01-15T05:15:07","date_gmt":"2026-01-15T05:15:07","guid":{"rendered":"https:\/\/www.europesays.com\/fi\/142696\/"},"modified":"2026-01-15T05:15:07","modified_gmt":"2026-01-15T05:15:07","slug":"yksityisen-puolen-hoitajat-haluavat-julkisen-sektorin-palkat-sehan-ei-meille-kay-sanoo-tyonantaja-politiikka","status":"publish","type":"post","link":"https:\/\/www.europesays.com\/fi\/142696\/","title":{"rendered":"Yksityisen puolen hoitajat haluavat julkisen sektorin palkat \u2013 seh\u00e4n ei meille k\u00e4y, sanoo ty\u00f6nantaja | Politiikka"},"content":{"rendered":"<p class=\"aw-1gybjub aw-5vja16 kEtdKx kmuxyA yle__article__paragraph\">Yksityisiss\u00e4 sosiaali\u00adpalveluissa ty\u00f6skentelev\u00e4t hoitajat ja muut ammattiryhm\u00e4t haluavat kuroa kiinni palkkaeroa julkisen sektorin ty\u00f6ntekij\u00f6ihin.<\/p>\n<p><img decoding=\"async\" alt=\"Hoitaja avustaa py\u00f6r\u00e4tuolissa istuvaa naista.\" src=\"https:\/\/www.europesays.com\/fi\/wp-content\/uploads\/2026\/01\/39-153675568e8ff16e910e.jpeg\" class=\"aw-1l9m598 hKVVvP\"\/><\/p>\n<p>Avaa kuvien katselu<\/p>\n<p>Palkkaneuvotteluja k\u00e4yvi\u00e4 hoitajia ty\u00f6skentelee muun muassa ymp\u00e4rivuorokautisissa vanhuspalveluissa. Kuva hoivakoti Helenasta. Kuva: Petteri Sopanen \/ Yle<\/p>\n<p class=\"aw-1gybjub aw-1p7kakr kEtdKx cEmitX yle__article__paragraph\">Yksityisen sosiaalipalvelualan palkkaneuvotteluja on k\u00e4yty vuoden vaihteesta l\u00e4htien sopimuksettomassa tilassa. Ty\u00f6taistelut ovat siis mahdollisia, koska edellinen sopimus on ehtinyt p\u00e4\u00e4tty\u00e4 ilman sopua seuraavasta.<\/p>\n<p class=\"aw-1gybjub aw-1p7kakr kEtdKx cEmitX yle__article__paragraph\">Suurin riita koskee palkankorotuksia. Muun muassa yksityisiss\u00e4 vanhus- ja vammaispalveluissa sek\u00e4 lastensuojelussa ja mielenterveyspalveluissa ty\u00f6skentelev\u00e4t palkansaajat ovat vaatineet jopa 13 prosentin palkankorotukset kaksivuotiselle sopimuskaudelle.<\/p>\n<p class=\"aw-1gybjub aw-1p7kakr kEtdKx cEmitX yle__article__paragraph\">Neuvottelut koskevat noin 70 000:tta palkansaajaa.<\/p>\n<p class=\"aw-1gybjub aw-1p7kakr kEtdKx cEmitX yle__article__paragraph\">\u2013 On selv\u00e4\u00e4, ett\u00e4 yksityinen on j\u00e4\u00e4nyt koko ajan julkisen sektorin palkkauksessa j\u00e4lkeen. On t\u00e4rke\u00e4t\u00e4, ett\u00e4 t\u00e4ss\u00e4 kohtaa pystytt\u00e4isiin hieman kuromaan sit\u00e4, sanoo l\u00e4hihoitajia neuvotteluissa edustavan ammattiliitto Superin puheenjohtaja <strong class=\"aw-ak79eh KyCXm yle__article__strong\">P\u00e4ivi Inberg<\/strong>.<\/p>\n<p class=\"aw-1gybjub aw-1p7kakr kEtdKx cEmitX yle__article__paragraph\">Hyvinvointialan ty\u00f6nantajaj\u00e4rjest\u00f6n Hali ry:n ty\u00f6markkinajohtaja <strong class=\"aw-ak79eh KyCXm yle__article__strong\">Kati Virtanen<\/strong> kuitenkin torjuu vaatimuksen. Ty\u00f6nantajan mielest\u00e4 korotuskaton muodostaa niin sanottu yleinen linja, joka on 7,8 prosenttia kolmen vuoden aikana.<\/p>\n<p class=\"aw-1gybjub aw-1p7kakr kEtdKx cEmitX yle__article__paragraph\">\u2013 Palkansaajapuoli on tavoitellut hyvinvointialueiden palkkakehityst\u00e4, ja seh\u00e4n meille ei oikein k\u00e4y, koska se vaarantaa alan toimijoiden toimintaedellytyksi\u00e4, Virtanen sanoo.<\/p>\n<p>Yksityisen puolen palkat j\u00e4\u00e4neet julkisesta sektorista<\/p>\n<p class=\"aw-1gybjub aw-1p7kakr kEtdKx cEmitX yle__article__paragraph\">Molemmat osapuolet my\u00f6nt\u00e4v\u00e4t, ett\u00e4 yksityisen sosiaalipalvelualan palkat ovat j\u00e4\u00e4neet <a class=\"aw-iao6s4 iHOxEa yle__article__link\" href=\"https:\/\/yle.fi\/a\/74-20160210\" role=\"link\" rel=\"nofollow noopener\" target=\"_blank\">julkisella sektorilla vastaavia t\u00f6it\u00e4 tekevien<\/a> palkoista, vaikka konkreettisia palkkaeroja he eiv\u00e4t halua eurom\u00e4\u00e4r\u00e4isesti luonnehtiakaan.<\/p>\n<p class=\"aw-1gybjub aw-1p7kakr kEtdKx cEmitX yle__article__paragraph\">Viime aikoina eroa ovat lis\u00e4nneet sote-uudistuksen yhteydess\u00e4 tehty palkkaharmonisaatio, uutuutena k\u00e4ytt\u00f6\u00f6n otettu tasopalkkamalli julkisella puolella, sek\u00e4 vuonna 2022 viisivuotiseksi sovittu palkkaohjelma, joka nostaa julkisen puolen palkkoja yli yleisen linjan korotusten.<\/p>\n<p class=\"aw-1gybjub aw-1p7kakr kEtdKx cEmitX yle__article__paragraph\">\u2013 Hyvinvointialueiden muodostumisesta on aiheutunut hallitsematonta palkkaharmonisaatiota. Ei voi ajatella, ett\u00e4 se tuodaan yksityiselle sektorille, Hali ry:n ty\u00f6markkinajohtaja Kati Virtanen sanoo.<\/p>\n<p class=\"aw-1gybjub aw-1p7kakr kEtdKx cEmitX yle__article__paragraph\">Virtasen mukaan ty\u00f6nantajakin haluaa silti pit\u00e4\u00e4 kiinni alan ty\u00f6ntekij\u00f6ist\u00e4 ja on avoin esimerkiksi korotusten kohdentamiselle eniten j\u00e4lkeen j\u00e4\u00e4neisiin ammattiryhmiin.<\/p>\n<p class=\"aw-1gybjub aw-1p7kakr kEtdKx cEmitX yle__article__paragraph\">Superin P\u00e4ivi Inberg korostaa, ett\u00e4 esimerkiksi l\u00e4hihoitajat tekev\u00e4t julkisella ja yksityisell\u00e4 puolella tismalleen samaa ty\u00f6t\u00e4, jolloin my\u00f6s palkan tulisi olla saman tasoinen.<\/p>\n<p class=\"aw-1gybjub aw-1p7kakr kEtdKx cEmitX yle__article__paragraph\">Osapuolten mukaan ty\u00f6ehtosopimusneuvotteluja k\u00e4yd\u00e4\u00e4n edelleen rakentavasti, eik\u00e4 lakkoasetta ole toistaiseksi heiluteltu. Neuvotteluaikoja on jo sovittu my\u00f6s ensi viikolle.<\/p>\n","protected":false},"excerpt":{"rendered":"Yksityisiss\u00e4 sosiaali\u00adpalveluissa ty\u00f6skentelev\u00e4t hoitajat ja muut ammattiryhm\u00e4t haluavat kuroa kiinni palkkaeroa julkisen sektorin ty\u00f6ntekij\u00f6ihin. Avaa kuvien katselu Palkkaneuvotteluja&hellip;\n","protected":false},"author":2,"featured_media":142697,"comment_status":"","ping_status":"","sticky":false,"template":"","format":"standard","meta":{"footnotes":""},"categories":[5],"tags":[22,23,26,27,33,31,30,17,24505,24,25,28,29,15,18,21,24504,637,13128,32,19,20,2247,16],"class_list":{"0":"post-142696","1":"post","2":"type-post","3":"status-publish","4":"format-standard","5":"has-post-thumbnail","7":"category-otsikot","8":"tag-breaking-news","9":"tag-breakingnews","10":"tag-featured-news","11":"tag-featurednews","12":"tag-fi","13":"tag-finland","14":"tag-finnish","15":"tag-headlines","16":"tag-hyvinvointiala-hali","17":"tag-latest-news","18":"tag-latestnews","19":"tag-main-news","20":"tag-mainnews","21":"tag-news","22":"tag-otsikot","23":"tag-paauutiset","24":"tag-palkkaneuvottelut","25":"tag-politiikka","26":"tag-suomen-lahi-ja-perushoitajaliitto-super","27":"tag-suomi","28":"tag-top-stories","29":"tag-topstories","30":"tag-tyomarkkinat","31":"tag-uutiset"},"share_on_mastodon":{"url":"https:\/\/pubeurope.com\/@fi\/115897415991086273","error":""},"_links":{"self":[{"href":"https:\/\/www.europesays.com\/fi\/wp-json\/wp\/v2\/posts\/142696","targetHints":{"allow":["GET"]}}],"collection":[{"href":"https:\/\/www.europesays.com\/fi\/wp-json\/wp\/v2\/posts"}],"about":[{"href":"https:\/\/www.europesays.com\/fi\/wp-json\/wp\/v2\/types\/post"}],"author":[{"embeddable":true,"href":"https:\/\/www.europesays.com\/fi\/wp-json\/wp\/v2\/users\/2"}],"replies":[{"embeddable":true,"href":"https:\/\/www.europesays.com\/fi\/wp-json\/wp\/v2\/comments?post=142696"}],"version-history":[{"count":0,"href":"https:\/\/www.europesays.com\/fi\/wp-json\/wp\/v2\/posts\/142696\/revisions"}],"wp:featuredmedia":[{"embeddable":true,"href":"https:\/\/www.europesays.com\/fi\/wp-json\/wp\/v2\/media\/142697"}],"wp:attachment":[{"href":"https:\/\/www.europesays.com\/fi\/wp-json\/wp\/v2\/media?parent=142696"}],"wp:term":[{"taxonomy":"category","embeddable":true,"href":"https:\/\/www.europesays.com\/fi\/wp-json\/wp\/v2\/categories?post=142696"},{"taxonomy":"post_tag","embeddable":true,"href":"https:\/\/www.europesays.com\/fi\/wp-json\/wp\/v2\/tags?post=142696"}],"curies":[{"name":"wp","href":"https:\/\/api.w.org\/{rel}","templated":true}]}}