{"id":14270,"date":"2025-08-23T17:29:18","date_gmt":"2025-08-23T17:29:18","guid":{"rendered":"https:\/\/www.europesays.com\/fi\/14270\/"},"modified":"2025-08-23T17:29:18","modified_gmt":"2025-08-23T17:29:18","slug":"petri-tamminen-vaimossani-on-yksi-verraton-ominaisuus","status":"publish","type":"post","link":"https:\/\/www.europesays.com\/fi\/14270\/","title":{"rendered":"Petri Tamminen: Vaimossani on yksi verraton ominaisuus"},"content":{"rendered":"<p class=\"ingress\">Vastik\u00e4\u00e4n ilmestyneess\u00e4 romaanissa Sinua sinua Petri halusi poikkeuksellisesti k\u00e4sitell\u00e4 aihetta, josta ei tied\u00e4 paljoakaan. Rakkautta. Sen ajattelemiseen uskallus ja aika eiv\u00e4t ole riitt\u00e4neet.<\/p>\n<p>Taidan l\u00e4hte\u00e4 Prahaan.<\/p>\n<p>Niin <strong>Petri Tamminen<\/strong> ilmoitti vaimolleen, muina miehin\u00e4. Praha oli sana, jota kotona ei mielell\u00e4\u00e4n lausuttu \u00e4\u00e4neen. Kaupunkiin liittyi vaikeita, k\u00e4sittelem\u00e4tt\u00f6mi\u00e4 tunteita. Nuoruudenrakkaus, josta Petri oli turhaan yritt\u00e4nyt kirjoittaa.<\/p>\n<p>Ensimm\u00e4isen kerran se pyrki ulos 1980-luvun lopulla episodimaisina p\u00e4tkin\u00e4 novellissa, joka sai kunniamaininnan J.H. Erkon kilpailussa. Seuraavien vuosikymmenten aikana tietokoneen uumeniin kertyi lukuisia tuokiokuvia ja tarinanh\u00e4nti\u00e4.<\/p>\n<p>Mutta jotakin puuttui.<\/p>\n<p>Yh\u00e4 uudestaan kirjailija joutui toteamaan, ett\u00e4 suurikaan tunne ei ole teoksen aihe\u2009\u2013\u2009paremminkin sen tiell\u00e4. Ty\u00f6 alkoi luonnistaa vasta, kun h\u00e4n hoksasi kuvata sit\u00e4, miten mielenh\u00e4iri\u00f6\u00f6n verrattavan rakastumisen muisto vaikuttaa l\u00e4pi el\u00e4m\u00e4n. <\/p>\n<p>\u201dMuistoista etsit\u00e4\u00e4n aina selityst\u00e4 nykyhetkelle. Teemme sit\u00e4 jatkuvasti ymm\u00e4rt\u00e4\u00e4ksemme itse\u00e4mme. Mutta kun muisto liittyy siihen, miten on omalla tolkuttomalla toiminnallaan vaikuttanut l\u00e4heisiin, sen k\u00e4sittely j\u00e4\u00e4 helposti kesken\u201d, Petri sanoo.<\/p>\n<p>Oli palattava tarinan alkul\u00e4hteille.<\/p>\n<p>    N\u00e4in saat k\u00e4ytt\u00f6\u00f6si kaikki upeat edut<\/p>\n<p class=\"paywall-placeholder__paragraph\">\n    Annan tilaaja p\u00e4\u00e4see k\u00e4siksi kaikkiin klubietuihin.\n    <\/p>\n<p class=\"paywall-placeholder__paragraph\">\n    Tilaaja: Kirjaudu tai luo tili t\u00e4st\u00e4.\n    <\/p>\n<p>    <a href=\"https:\/\/anna.fi?option=oauthredirect&amp;app_name=openid&amp;redirect_url=https%3A%2F%2Fanna.fi%2Fihmiset%2Fnuoruudenrakkaus-ei-jattanyt-petri-tammista-rauhaan\" role=\"button\" class=\"paywall-placeholder__button\">Kirjaudu<\/a><\/p>\n<p class=\"paywall-placeholder__paragraph\">\n    Mik\u00e4li et ole viel\u00e4 tilaaja, tilaa Anna t\u00e4st\u00e4.\n    <\/p>\n<p>    <a href=\"https:\/\/tilaus.anna.fi\/varamuuri?promoID=OM_tilaa-varamuuri&amp;promoName=OM_AN&amp;promoCreative=onlinetarjous&amp;promoPosition=maksumuuri\" role=\"button\" class=\"paywall-placeholder__button\">Tilaa<\/a><\/p>\n<p class=\"paywall-placeholder__paragraph\">\n      Pulmatilanteissa ole yhteydess\u00e4 <a href=\"https:\/\/otavamedia.fi\/asiakaspalvelu\/\" class=\"paywall-placeholder__link\" rel=\"nofollow noopener\" target=\"_blank\">asiakaspalveluun.<\/a>\n    <\/p>\n<p>    Sinua voi kiinnostaa my\u00f6s:<\/p>\n<ol class=\"read-also__list\">\n<li>\n<p>            <img loading=\"lazy\" decoding=\"async\" class=\"card__image awpo-lqip awpo-lazy\" width=\"2121\" height=\"1414\" src=\"https:\/\/www.europesays.com\/fi\/wp-content\/uploads\/2025\/08\/istock-1458769595.jpg\"\/>                <a href=\"https:\/\/anna.fi\/kategoria\/ihmiset\/suhteet\" class=\"card__vignette\" rel=\"nofollow noopener\" target=\"_blank\"><br \/>\n            Suhteet          <\/a><\/p>\n<p>      <a href=\"https:\/\/anna.fi\/ihmiset\/suhteet\/rakkausviesti\" class=\"card__link-overlay\" rel=\"nofollow noopener\" target=\"_blank\">Rakkausviesti, jota ei poista ikin\u00e4 \u2013 t\u00e4llaisia viestej\u00e4 suomalaiset vaalivat t\u00e4rkeimpin\u00e4\u00e4n<\/a><\/p>\n<\/li>\n<li>\n<p>            <img loading=\"lazy\" decoding=\"async\" class=\"card__image awpo-lqip awpo-lazy\" width=\"2121\" height=\"1414\" src=\"https:\/\/www.europesays.com\/fi\/wp-content\/uploads\/2025\/08\/istock-996828442.jpg\"\/>                <a href=\"https:\/\/anna.fi\/kategoria\/hyvinvointi\/itsetuntemus\" class=\"card__vignette\" rel=\"nofollow noopener\" target=\"_blank\"><br \/>\n            Itsetuntemus          <\/a><\/p>\n<p>      <a href=\"https:\/\/anna.fi\/hyvinvointi\/itsetuntemus\/tutkijat-selvittivat-tallainen-rakkaus-tuntuu-kaikkialla-kehossa-eri-tavat-rakastaa-tuntuvat-fyysisesti-eri-tavalla\" class=\"card__link-overlay\" rel=\"nofollow noopener\" target=\"_blank\">Tutkijat selvittiv\u00e4t: T\u00e4llainen rakkaus tuntuu kaikkialla kehossa \u2013 eri tavat rakastaa tuntuvat fyysisesti eri tavalla<\/a><\/p>\n<\/li>\n<li>\n<p>            <img loading=\"lazy\" decoding=\"async\" class=\"card__image awpo-lqip awpo-lazy\" width=\"2560\" height=\"1943\" src=\"https:\/\/www.europesays.com\/fi\/wp-content\/uploads\/2025\/08\/dscf5636-scaled.jpg\"\/>                <a href=\"https:\/\/anna.fi\/kategoria\/ihmiset\" class=\"card__vignette\" rel=\"nofollow noopener\" target=\"_blank\"><br \/>\n            Ihmiset          <\/a><\/p>\n<p>      <a href=\"https:\/\/anna.fi\/ihmiset\/kirjailija-miika-nousiaisen-hapea\" class=\"card__link-overlay\" rel=\"nofollow noopener\" target=\"_blank\">Kirjailija Miika Nousiainen t\u00e4ht\u00e4\u00e4 veteraanien EM-kisoihin \u2013 tavoitteeseen liittyy my\u00f6s h\u00e4pe\u00e4\u00e4<\/a><\/p>\n<\/li>\n<\/ol>\n","protected":false},"excerpt":{"rendered":"Vastik\u00e4\u00e4n ilmestyneess\u00e4 romaanissa Sinua sinua Petri halusi poikkeuksellisesti k\u00e4sitell\u00e4 aihetta, josta ei tied\u00e4 paljoakaan. Rakkautta. Sen ajattelemiseen uskallus&hellip;\n","protected":false},"author":2,"featured_media":14271,"comment_status":"","ping_status":"","sticky":false,"template":"","format":"standard","meta":{"footnotes":""},"categories":[134],"tags":[377,137,33,31,30,5770,378,5771,1311,2085,32,109],"class_list":{"0":"post-14270","1":"post","2":"type-post","3":"status-publish","4":"format-standard","5":"has-post-thumbnail","7":"category-kirjat","8":"tag-books","9":"tag-entertainment","10":"tag-fi","11":"tag-finland","12":"tag-finnish","13":"tag-ihastuminen","14":"tag-kirjat","15":"tag-onnellisuus","16":"tag-rakkaus","17":"tag-suomalaiset-kirjailijat","18":"tag-suomi","19":"tag-viihde"},"share_on_mastodon":{"url":"","error":""},"_links":{"self":[{"href":"https:\/\/www.europesays.com\/fi\/wp-json\/wp\/v2\/posts\/14270","targetHints":{"allow":["GET"]}}],"collection":[{"href":"https:\/\/www.europesays.com\/fi\/wp-json\/wp\/v2\/posts"}],"about":[{"href":"https:\/\/www.europesays.com\/fi\/wp-json\/wp\/v2\/types\/post"}],"author":[{"embeddable":true,"href":"https:\/\/www.europesays.com\/fi\/wp-json\/wp\/v2\/users\/2"}],"replies":[{"embeddable":true,"href":"https:\/\/www.europesays.com\/fi\/wp-json\/wp\/v2\/comments?post=14270"}],"version-history":[{"count":0,"href":"https:\/\/www.europesays.com\/fi\/wp-json\/wp\/v2\/posts\/14270\/revisions"}],"wp:featuredmedia":[{"embeddable":true,"href":"https:\/\/www.europesays.com\/fi\/wp-json\/wp\/v2\/media\/14271"}],"wp:attachment":[{"href":"https:\/\/www.europesays.com\/fi\/wp-json\/wp\/v2\/media?parent=14270"}],"wp:term":[{"taxonomy":"category","embeddable":true,"href":"https:\/\/www.europesays.com\/fi\/wp-json\/wp\/v2\/categories?post=14270"},{"taxonomy":"post_tag","embeddable":true,"href":"https:\/\/www.europesays.com\/fi\/wp-json\/wp\/v2\/tags?post=14270"}],"curies":[{"name":"wp","href":"https:\/\/api.w.org\/{rel}","templated":true}]}}