{"id":142708,"date":"2026-01-15T05:34:06","date_gmt":"2026-01-15T05:34:06","guid":{"rendered":"https:\/\/www.europesays.com\/fi\/142708\/"},"modified":"2026-01-15T05:34:06","modified_gmt":"2026-01-15T05:34:06","slug":"akk-motorsport-ralliautoilija-teemu-suninen-ja-kartturi-janni-hussi-osallistuvat-ruotsin-mm-ralliin-helmikuussa-2026","status":"publish","type":"post","link":"https:\/\/www.europesays.com\/fi\/142708\/","title":{"rendered":"AKK Motorsport &#8211; Ralliautoilija Teemu Suninen ja kartturi Janni Hussi osallistuvat Ruotsin MM-ralliin helmikuussa 2026"},"content":{"rendered":"<p>\u00a0<\/p>\n<p>Molemmilla on kokemusta aiemmilta kausilta Ruotsin lumilta, Kilpailu ajetaan Pohjois-Ruotsissa Uumajassa ja tunnetaan nopeana rallina. Sunisen ja Hussin tavoitteena on ker\u00e4t\u00e4 mahdollisimman paljon yhteisi\u00e4 kilpailukilometrej\u00e4 ja menesty\u00e4 my\u00f6s urheilullisesti vakuuttavalla tavalla. Ruotsi talvirallina on yksi kauden hienoimmista osakilpailuista Sunisen mielest\u00e4.<\/p>\n<p>&#8211; Ruotsin ralliin on tosi hyv\u00e4t ja odottavat fiilikset. Talvirallit ovat aina olleet itselle mieluisia, ja Ruotsissa ajaminen lumella ja j\u00e4\u00e4ll\u00e4 on juuri sit\u00e4, mist\u00e4 t\u00e4ss\u00e4 lajissa eniten nauttii.<\/p>\n<p>\u00a0<\/p>\n<p>Suninen kertoo talviolosuhteiden tarjoavan kuljettajalle mahdollisuuden keskitty\u00e4 vain ajamiseen. Korkeat lumipenkat varmistavat auton pysymist\u00e4 tiell\u00e4, ja se mahdollistaa suuremman riskinottamisen p\u00e4tkil\u00e4.<\/p>\n<p>&#8211; Odotan kovaa ja tasav\u00e4kist\u00e4 kisaa. Ruotsi on suorituskykyralli, miss\u00e4 kuljettaja ja auto ratkaisee tuloksen eik\u00e4 tekniikan kest\u00e4mist\u00e4 tarvitse niin mietti\u00e4. Jos kaikki loksahtaa kohdalleen ja pystyt\u00e4\u00e4n ajamaan omalla parhaalla tasolla niin uskon, ett\u00e4 Ruotsista on mahdollista hakea todella hyv\u00e4 tulos.<\/p>\n<p>\u00a0<\/p>\n<p><strong>Kartturina on Sunisen vierell\u00e4 uusi kasvo, kun Janni Hussi palaa j\u00e4lleen WRC2-auton kyytiin.<\/strong> Sunisen sanojen mukaisesti Hussi on lukenut nuottia vakuuttavasti ja h\u00e4n odottaa positiivisesti yhteisty\u00f6t\u00e4.<\/p>\n<p>&#8211; Varmasti meill\u00e4 on yhteist\u00e4 oppimista edess\u00e4. Molemmilla on motivaatio korkealla ja haluamme tehd\u00e4 ty\u00f6n kunnolla, suuntaan ralliin Jannin kanssa luottavaisin mielin, Suninen tiivist\u00e4\u00e4.<\/p>\n<p>\u00a0<\/p>\n<p>Hussi on kilpaillut Ruotsissa aiemmin, ja h\u00e4nelt\u00e4 l\u00f6ytyy kokemusta my\u00f6s WRC2-autosta. Hussin kalenteri onkin t\u00e4yttynyt viime vuosina erilaisista teht\u00e4vist\u00e4 rallin parissa. H\u00e4n suuntaa kilpailuun eritt\u00e4in motivoituneesti.<\/p>\n<p>&#8211; Teemu on kovan tason kuljettaja, jonka kyytiin hypp\u00e4\u00e4n mielenkiinnolla. Tavoitteet ovat meill\u00e4 molemmilla korkealla. On hienoa palata WRC2-kilpailuihin heti kauden alussa, Hussi kertoo yhteisty\u00f6n alkumetreill\u00e4.<\/p>\n<p>\u00a0<\/p>\n<p><strong>Suninen ja Hussi starttaavat kilpailuun Delta Rally tiimin Toyota GR Yaris Rally2-autolla.<\/strong> &#8211; Olemme molemmat (Delta Rally ja Movisport) eritt\u00e4in iloisia ja ylpeit\u00e4 saadessamme mahdollisuuden kilpailla n\u00e4in ikonisessa rallissa kuin Ruotsi, viel\u00e4p\u00e4 loistavan kuljettajan, Teemun, kanssa. Delta Rallylle t\u00e4m\u00e4 on ensimm\u00e4inen yhteisty\u00f6 Teemun kanssa, kun taas meille t\u00e4m\u00e4 on toinen kerta. Teimme yhteisty\u00f6t\u00e4 my\u00f6s vuonna 2021 Secto Rally Finlandissa. H\u00e4n voitti WRC2-luokan ja antoi merkitt\u00e4v\u00e4n panoksen WRC:n tiimien maailmanmestaruuden saavuttamiseen, kertoo Movisportin Riccardo Berlucchi.<\/p>\n<p>&#8211; Teemme tosissaan t\u00f6it\u00e4 my\u00f6s sen eteen, ett\u00e4 kilpailuja tulisi t\u00e4m\u00e4n vuoden aikana my\u00f6s lis\u00e4\u00e4. T\u00e4ss\u00e4 lajissa se vaatii useamman palasen loksahtamisen kohdalleen, mutta tarkoituksena ei ole j\u00e4tt\u00e4\u00e4 t\u00e4t\u00e4 kertaesiintymiseksi, Suninen kertoo jatkosuunnitelmistaan.<\/p>\n<p>\u00a0<\/p>\n<p>Ruotsin MM-ralli ajetaan <strong>12.-15.2.2026<\/strong>. <br \/>\u00a0<\/p>\n<p><strong>L\u00e4hde:\u00a0<\/strong>Elina H\u00f6ltt\u00e4 +358 40 593 2650<\/p>\n<p>\u00a0<\/p>\n","protected":false},"excerpt":{"rendered":"\u00a0 Molemmilla on kokemusta aiemmilta kausilta Ruotsin lumilta, Kilpailu ajetaan Pohjois-Ruotsissa Uumajassa ja tunnetaan nopeana rallina. Sunisen ja&hellip;\n","protected":false},"author":2,"featured_media":142709,"comment_status":"","ping_status":"","sticky":false,"template":"","format":"standard","meta":{"footnotes":""},"categories":[158],"tags":[33,31,30,159,32,160],"class_list":{"0":"post-142708","1":"post","2":"type-post","3":"status-publish","4":"format-standard","5":"has-post-thumbnail","7":"category-urheilu","8":"tag-fi","9":"tag-finland","10":"tag-finnish","11":"tag-sports","12":"tag-suomi","13":"tag-urheilu"},"share_on_mastodon":{"url":"https:\/\/pubeurope.com\/@fi\/115897490766393406","error":""},"_links":{"self":[{"href":"https:\/\/www.europesays.com\/fi\/wp-json\/wp\/v2\/posts\/142708","targetHints":{"allow":["GET"]}}],"collection":[{"href":"https:\/\/www.europesays.com\/fi\/wp-json\/wp\/v2\/posts"}],"about":[{"href":"https:\/\/www.europesays.com\/fi\/wp-json\/wp\/v2\/types\/post"}],"author":[{"embeddable":true,"href":"https:\/\/www.europesays.com\/fi\/wp-json\/wp\/v2\/users\/2"}],"replies":[{"embeddable":true,"href":"https:\/\/www.europesays.com\/fi\/wp-json\/wp\/v2\/comments?post=142708"}],"version-history":[{"count":0,"href":"https:\/\/www.europesays.com\/fi\/wp-json\/wp\/v2\/posts\/142708\/revisions"}],"wp:featuredmedia":[{"embeddable":true,"href":"https:\/\/www.europesays.com\/fi\/wp-json\/wp\/v2\/media\/142709"}],"wp:attachment":[{"href":"https:\/\/www.europesays.com\/fi\/wp-json\/wp\/v2\/media?parent=142708"}],"wp:term":[{"taxonomy":"category","embeddable":true,"href":"https:\/\/www.europesays.com\/fi\/wp-json\/wp\/v2\/categories?post=142708"},{"taxonomy":"post_tag","embeddable":true,"href":"https:\/\/www.europesays.com\/fi\/wp-json\/wp\/v2\/tags?post=142708"}],"curies":[{"name":"wp","href":"https:\/\/api.w.org\/{rel}","templated":true}]}}