{"id":142710,"date":"2026-01-15T05:35:08","date_gmt":"2026-01-15T05:35:08","guid":{"rendered":"https:\/\/www.europesays.com\/fi\/142710\/"},"modified":"2026-01-15T05:35:08","modified_gmt":"2026-01-15T05:35:08","slug":"kulttuuria-senioreille-kulttuuridosetissa-tarjolla-musiikkia-tanssia-ja-tyopajoja","status":"publish","type":"post","link":"https:\/\/www.europesays.com\/fi\/142710\/","title":{"rendered":"Kulttuuria senioreille \u2013 Kulttuuridosetissa tarjolla musiikkia, tanssia ja ty\u00f6pajoja"},"content":{"rendered":"<p>Kulttuuridosetin ohjelmaan sis\u00e4ltyy mm. tanssitapahtumia, yhteislaulua ja musiikkity\u00f6pajoja.<\/p>\n<p>\u2013 Kulttuuridosetin tapahtumat ovat maksuttomia eik\u00e4 niihin vaadita ennakkoilmoittautumista. Jotkut tapahtumat, kuten Korson Lumosalin Leffan lumoa -elokuvan\u00e4yt\u00f6kset ovat niin suosittuja, ett\u00e4 paikalle kannattaa tulla hyviss\u00e4 ajoin paikalle varmistaakseen sis\u00e4\u00e4np\u00e4\u00e4syn, kertoo kulttuurituottaja <strong>Terho Valkonen<\/strong>. \u00a0<\/p>\n<p>Kulttuuridosetin esite l\u00f6ytyy s\u00e4hk\u00f6isesti osoitteesta: \u00a0<\/p>\n<p><a href=\"https:\/\/www.vantaa.fi\/kulttuuria-senioreille\" rel=\"nofollow noopener\" target=\"_blank\">https:\/\/www.vantaa.fi\/kulttuuria-senioreille<\/a> \u00a0<\/p>\n<p>Esitteen voi noutaa my\u00f6s paperiversiona esimerkiksi Vantaa-infoista, kirjastoista tai asukastiloista.\u00a0<\/p>\n<p>Poimintoja kev\u00e4\u00e4n 2026 tarjonnasta<br \/>\nARMAS-festivaali 10-vuotta<\/p>\n<p>Uusia tuulia kev\u00e4tkaudelle tuo kansallisen ARMAS-festivaalin 10-vuotisjuhlavuosi, jonka kunniaksi Oopperan teetanssit j\u00e4rjestet\u00e4\u00e4n Tulisuudelmassa (Hertaksentie 2) keskiviikkona 18.3. klo 15\u201317. ARMAS on valtakunnallinen taide- ja kulttuurifestivaali, joka juhlistaa ik\u00e4\u00e4ntymist\u00e4. Vantaan ARMAS-festivaalin ohjelma t\u00e4ydentyy viel\u00e4 my\u00f6hemmin.<\/p>\n<p><a href=\"https:\/\/tapahtumat.vantaa.fi\/fi-FI\/topic\/5d89ece569e44977eaa69508?mode=event&amp;count=9\" data-entity-type=\"external\" rel=\"nofollow noopener\" target=\"_blank\">Lis\u00e4tietoa Vantaan tapahtumakalenterista<\/a><\/p>\n<p>P\u00e4iv\u00e4tansseja tanssitaan uudessa paikassa<\/p>\n<p>Myyrm\u00e4en vanhustenkeskuksessa j\u00e4rjestetyt Toiveikkaat p\u00e4iv\u00e4tanssit siirtyv\u00e4t Kilterin koululle. Uuden tapahtumapaikan toivotaan madaltavat kynnyst\u00e4 osallistua tapahtumaan. Tansseja s\u00e4est\u00e4\u00e4 fanijoukkonsa aiemmin Myyrm\u00e4en vanhustenkeskukseen vet\u00e4nyt <strong>Satumaarit ja Juhani Rautiainen yhtyeineen<\/strong>.\u00a0<\/p>\n<p>Ke 11.2., 11.3., 8.4. ja 20.5. klo 14\u201315.30 Kilterin koululla (Iskostie 8).<\/p>\n<p><a href=\"https:\/\/tapahtumat.vantaa.fi\/fi-FI\/page\/693ff85315425e5b3c424648?count=24&amp;sort=creationDate&amp;reverse=true\" data-entity-type=\"external\" rel=\"nofollow noopener\" target=\"_blank\">Lis\u00e4tietoa Vantaan tapahtumakalenterista<\/a><\/p>\n<p>Teetanssit<\/p>\n<p>Ke 18.3. klo 15\u201317 Tulisuudelmassa (Hertaksentie 2). S\u00e4est\u00e4m\u00e4ss\u00e4 sopraano <strong>Marianne Montonen ja Kimmo Lepp\u00e4l\u00e4n orkesteri ja juontajana Juha Moisio<\/strong>. Tapahtuma on osa ARMAS-festivaalin ohjelmaa.<\/p>\n<p><a href=\"https:\/\/tapahtumat.vantaa.fi\/fi-FI\/page\/693ff85315425e5b3c424648?count=24&amp;sort=creationDate&amp;reverse=true\" data-entity-type=\"external\" rel=\"nofollow noopener\" target=\"_blank\">Lis\u00e4tietoa Vantaan tapahtumakalenterista<\/a><\/p>\n<p>TempoSeniorit<\/p>\n<p>Perjantaisin 20.3., 17.4. ja 15.5. klo 13\u201314.30 Tikkurilan kirjastotalon Lummesalissa (Lummetie 4). Tule kokeilemaan jousisoittimien soittamista ammattilaisen opastuksella. Voit osallistua ilman omaa soitinta.<\/p>\n<p><a href=\"https:\/\/tapahtumat.vantaa.fi\/fi-FI\/page\/683e9fdf48bb1f19a8e1162d?count=24&amp;sort=creationDate&amp;reverse=true\" data-entity-type=\"external\" rel=\"nofollow noopener\" target=\"_blank\">Lis\u00e4tietoa Vantaan tapahtumakalenterista<\/a><\/p>\n<p>Tikkurilassa kajahtaa -yhteislaulutilaisuudet<\/p>\n<p>Tiistaisin 24.3., 28.4. ja 26.5 klo 13\u201314.30 Tikkurilan kirjastotalon Lummesalissa (Lummetie 4). Yhteislaulutilaisuudet vet\u00e4\u00e4 Musiikkikoulu Demon Tiia Katajam\u00e4ki. \u00a0<\/p>\n<p><a href=\"https:\/\/tapahtumat.vantaa.fi\/fi-FI\/page\/6880be4ae9d57205b950f0fa?count=24&amp;sort=creationDate&amp;reverse=true\" data-entity-type=\"external\" rel=\"nofollow noopener\" target=\"_blank\">Lis\u00e4tietoa Vantaan tapahtumakalenterista<\/a><\/p>\n<p>Korttelib\u00e4ndi<\/p>\n<p>Tule Korttelib\u00e4ndiin testaamaan b\u00e4ndisoittimien soittamista ammattiopettajan johdolla. Ty\u00f6pajaan osallistuminen ei edellyt\u00e4 aiempaa kokemusta mink\u00e4\u00e4n instrumentin soittamisesta. Maksuton, ei ennakkoilmoittautumista. Voit osallistua ilman omaa soitinta. Korttelib\u00e4ndi kokoontuu Vantaan musiikkiopiston Patotien p\u00e4\u00e4opetuspisteess\u00e4 (Patotie 2) tiistaisin 14.4. ja 12.5. klo 11\u201313.<\/p>\n<p><a href=\"https:\/\/tapahtumat.vantaa.fi\/fi-FI\/page\/68540329a90d291c64596338?count=24&amp;sort=creationDate&amp;reverse=true\" data-entity-type=\"external\" rel=\"nofollow noopener\" target=\"_blank\">Lis\u00e4tietoa Vantaan tapahtumakalenterista<\/a><\/p>\n<p>Leffan lumoa -elokuvan\u00e4yt\u00f6s<\/p>\n<p>Kev\u00e4tkauden viimeinen Leffan lumoa -elokuvan\u00e4yt\u00f6s j\u00e4rjestet\u00e4\u00e4n 23.4. klo 13 Lumosalissa (Urpiaisentie 14). Katso mik\u00e4 elokuva n\u00e4yt\u00f6ksess\u00e4 esitet\u00e4\u00e4n osoitteesta <a href=\"https:\/\/tapahtumat.vantaa.fi\/elokuvat\" data-entity-type=\"external\" rel=\"nofollow noopener\" target=\"_blank\">tapahtumat.vantaa.fi\/elokuvat<\/a>.<\/p>\n<p>Senioriaamup\u00e4iv\u00e4t\u00a0<\/p>\n<p>Torstaisin 12.2. ja 12.3. klo 10.30\u201312 Vantaan taidemuseo Artsissa<br \/>Senioriaamup\u00e4iviss\u00e4 on mukavaa yhdess\u00e4oloa taiteen \u00e4\u00e4rell\u00e4. Kahvitarjoilu.<\/p>\n<p><a href=\"https:\/\/tapahtumat.vantaa.fi\/fi-FI\/page\/686669552a66f86f07379206?count=24&amp;sort=creationDate&amp;reverse=true\" data-entity-type=\"external\" rel=\"nofollow noopener\" target=\"_blank\">Lis\u00e4tietoa Vantaan tapahtumakalenterista<\/a><\/p>\n<p>Seniori-iltap\u00e4iv\u00e4t\u00a0<\/p>\n<p>Keskiviikkoisin 28.1., 25.2., 25.3., 29.4., 27.5. klo 13\u201314.30 Vantaan kaupunginmuseossa\u00a0<br \/>Seniori-iltap\u00e4iviss\u00e4 jutellaan, katsellaan ja kuullaan paikkakunnan historiaa eri kanteilta. Osallistua voi itselle sopivan ajan verran. Kahvitarjoilu.\u00a0<\/p>\n<p><a href=\"https:\/\/tapahtumat.vantaa.fi\/fi-FI\/page\/65d4603d574d6b731dc1ba79?count=24&amp;sort=creationDate&amp;reverse=true \" rel=\"nofollow noopener\" target=\"_blank\">Lis\u00e4tietoa Vantaan tapahtumakalenterista<\/a><\/p>\n<p>Toiveikkaita p\u00e4iv\u00e4tansseja s\u00e4est\u00e4\u00e4 Satumaarit ja Juhani Rautiainen yhtyeineen.\u00a0<\/p>\n<p>Uutinen p\u00e4ivitetty 14.1.2026.<\/p>\n","protected":false},"excerpt":{"rendered":"Kulttuuridosetin ohjelmaan sis\u00e4ltyy mm. tanssitapahtumia, yhteislaulua ja musiikkity\u00f6pajoja. \u2013 Kulttuuridosetin tapahtumat ovat maksuttomia eik\u00e4 niihin vaadita ennakkoilmoittautumista. Jotkut&hellip;\n","protected":false},"author":2,"featured_media":142711,"comment_status":"","ping_status":"","sticky":false,"template":"","format":"standard","meta":{"footnotes":""},"categories":[130],"tags":[137,33,31,30,32,109],"class_list":{"0":"post-142710","1":"post","2":"type-post","3":"status-publish","4":"format-standard","5":"has-post-thumbnail","7":"category-viihde","8":"tag-entertainment","9":"tag-fi","10":"tag-finland","11":"tag-finnish","12":"tag-suomi","13":"tag-viihde"},"share_on_mastodon":{"url":"https:\/\/pubeurope.com\/@fi\/115897494633689228","error":""},"_links":{"self":[{"href":"https:\/\/www.europesays.com\/fi\/wp-json\/wp\/v2\/posts\/142710","targetHints":{"allow":["GET"]}}],"collection":[{"href":"https:\/\/www.europesays.com\/fi\/wp-json\/wp\/v2\/posts"}],"about":[{"href":"https:\/\/www.europesays.com\/fi\/wp-json\/wp\/v2\/types\/post"}],"author":[{"embeddable":true,"href":"https:\/\/www.europesays.com\/fi\/wp-json\/wp\/v2\/users\/2"}],"replies":[{"embeddable":true,"href":"https:\/\/www.europesays.com\/fi\/wp-json\/wp\/v2\/comments?post=142710"}],"version-history":[{"count":0,"href":"https:\/\/www.europesays.com\/fi\/wp-json\/wp\/v2\/posts\/142710\/revisions"}],"wp:featuredmedia":[{"embeddable":true,"href":"https:\/\/www.europesays.com\/fi\/wp-json\/wp\/v2\/media\/142711"}],"wp:attachment":[{"href":"https:\/\/www.europesays.com\/fi\/wp-json\/wp\/v2\/media?parent=142710"}],"wp:term":[{"taxonomy":"category","embeddable":true,"href":"https:\/\/www.europesays.com\/fi\/wp-json\/wp\/v2\/categories?post=142710"},{"taxonomy":"post_tag","embeddable":true,"href":"https:\/\/www.europesays.com\/fi\/wp-json\/wp\/v2\/tags?post=142710"}],"curies":[{"name":"wp","href":"https:\/\/api.w.org\/{rel}","templated":true}]}}