{"id":142715,"date":"2026-01-15T05:39:08","date_gmt":"2026-01-15T05:39:08","guid":{"rendered":"https:\/\/www.europesays.com\/fi\/142715\/"},"modified":"2026-01-15T05:39:08","modified_gmt":"2026-01-15T05:39:08","slug":"trump-naytti-keskisormea-hanta-solvanneelle-tehdastyontekijalle-uutissuomalainen","status":"publish","type":"post","link":"https:\/\/www.europesays.com\/fi\/142715\/","title":{"rendered":"Trump n\u00e4ytti keskisormea h\u00e4nt\u00e4 solvanneelle tehdasty\u00f6ntekij\u00e4lle | Uutissuomalainen"},"content":{"rendered":"<p>Yhdysvaltain presidentti <strong>Donald Trump<\/strong> n\u00e4ytti tiistaina keskisormea tehdasty\u00f6ntekij\u00e4lle Michiganin osavaltiossa t\u00e4m\u00e4n syytetty\u00e4 presidentti\u00e4 pedofiilien suojelusta. Dearbornissa autovalmistaja Fordin tehtaalla sattuneesta tilanteesta <a href=\"https:\/\/www.washingtonpost.com\/politics\/2026\/01\/13\/trump-ford-factory-heckler-detroit\/\" rel=\"nofollow noopener\" target=\"_blank\">kertoo<\/a> muun muassa Washington Post.<\/p>\n<p>Tilanteesta kuvatulla videolla Trump k\u00e4\u00e4ntyy ty\u00f6ntekij\u00e4\u00e4 kohti, vaikuttaa kiroilevan ja n\u00e4ytt\u00e4\u00e4 t\u00e4lle keskisormeaan. Sen j\u00e4lkeen presidentti jatkaa tehdaskierrosta ja vilkuttaa muille ty\u00f6ntekij\u00f6ille.<\/p>\n<p>Valkoisen talon viestint\u00e4johtaja <strong>Steven Cheung<\/strong> vahvistaa tapahtuneen Washington Postille. Cheung kuvailee presidentin vastauksen olleen tilanteeseen sopiva.<\/p>\n<p>\u2013\u2009Mielipuoli huusi kirosanoja t\u00e4ydellisess\u00e4 raivonpuuskassa, ja presidentti antoi asianmukaisen ja yksiselitteisen vastauksen, Cheung kertoi lehdelle.<\/p>\n<p>Ty\u00f6ntekij\u00e4 kertoo lehdelle ilmaisseensa turhautumisensa Trumpin tapaan k\u00e4sitell\u00e4 seksuaalirikoksista tuomitun <strong>Jeffrey Epsteinin<\/strong> tapausta.<\/p>\n<p>H\u00e4n kertoo olleensa tilanteen aikana parinkymmenen metrin p\u00e4\u00e4ss\u00e4 presidentist\u00e4 ja uskoo t\u00e4m\u00e4n kuulleen h\u00e4net hyvin. Ty\u00f6ntekij\u00e4 sanoo, ettei kadu tekemisi\u00e4\u00e4n, mutta on huolissaan t\u00f6idens\u00e4 jatkosta.<\/p>\n<p>Washington Postin mukaan tapaus ei ole historiassa ainoa laatuaan. Vuonna 1976 Yhdysvaltain tuolloinen varapresidentti <strong>Nelson Rockefeller<\/strong> valokuvattiin n\u00e4ytt\u00e4m\u00e4ss\u00e4 keskisormeaan yliopisto-opiskelijoille New Yorkissa.<\/p>\n","protected":false},"excerpt":{"rendered":"Yhdysvaltain presidentti Donald Trump n\u00e4ytti tiistaina keskisormea tehdasty\u00f6ntekij\u00e4lle Michiganin osavaltiossa t\u00e4m\u00e4n syytetty\u00e4 presidentti\u00e4 pedofiilien suojelusta. Dearbornissa autovalmistaja Fordin&hellip;\n","protected":false},"author":2,"featured_media":142716,"comment_status":"","ping_status":"","sticky":false,"template":"","format":"standard","meta":{"footnotes":""},"categories":[14],"tags":[22,23,585,26,27,33,31,30,17,24,25,28,29,15,18,21,142,144,32,19,20,56,16,59,60,61,24507,143,751,145],"class_list":{"0":"post-142715","1":"post","2":"type-post","3":"status-publish","4":"format-standard","5":"has-post-thumbnail","7":"category-ulkomaat","8":"tag-breaking-news","9":"tag-breakingnews","10":"tag-donald-trump","11":"tag-featured-news","12":"tag-featurednews","13":"tag-fi","14":"tag-finland","15":"tag-finnish","16":"tag-headlines","17":"tag-latest-news","18":"tag-latestnews","19":"tag-main-news","20":"tag-mainnews","21":"tag-news","22":"tag-otsikot","23":"tag-paauutiset","24":"tag-poliitikot","25":"tag-presidentti","26":"tag-suomi","27":"tag-top-stories","28":"tag-topstories","29":"tag-ulkomaat","30":"tag-uutiset","31":"tag-world","32":"tag-world-news","33":"tag-worldnews","34":"tag-yhdysvallat-usa","35":"tag-yhdysvaltain-politiikka","36":"tag-yhdysvaltalaiset-poliitikot","37":"tag-yhdysvaltalaiset-poliittiset-puolueet"},"share_on_mastodon":{"url":"https:\/\/pubeurope.com\/@fi\/115897510380077886","error":""},"_links":{"self":[{"href":"https:\/\/www.europesays.com\/fi\/wp-json\/wp\/v2\/posts\/142715","targetHints":{"allow":["GET"]}}],"collection":[{"href":"https:\/\/www.europesays.com\/fi\/wp-json\/wp\/v2\/posts"}],"about":[{"href":"https:\/\/www.europesays.com\/fi\/wp-json\/wp\/v2\/types\/post"}],"author":[{"embeddable":true,"href":"https:\/\/www.europesays.com\/fi\/wp-json\/wp\/v2\/users\/2"}],"replies":[{"embeddable":true,"href":"https:\/\/www.europesays.com\/fi\/wp-json\/wp\/v2\/comments?post=142715"}],"version-history":[{"count":0,"href":"https:\/\/www.europesays.com\/fi\/wp-json\/wp\/v2\/posts\/142715\/revisions"}],"wp:featuredmedia":[{"embeddable":true,"href":"https:\/\/www.europesays.com\/fi\/wp-json\/wp\/v2\/media\/142716"}],"wp:attachment":[{"href":"https:\/\/www.europesays.com\/fi\/wp-json\/wp\/v2\/media?parent=142715"}],"wp:term":[{"taxonomy":"category","embeddable":true,"href":"https:\/\/www.europesays.com\/fi\/wp-json\/wp\/v2\/categories?post=142715"},{"taxonomy":"post_tag","embeddable":true,"href":"https:\/\/www.europesays.com\/fi\/wp-json\/wp\/v2\/tags?post=142715"}],"curies":[{"name":"wp","href":"https:\/\/api.w.org\/{rel}","templated":true}]}}