{"id":142717,"date":"2026-01-15T05:40:08","date_gmt":"2026-01-15T05:40:08","guid":{"rendered":"https:\/\/www.europesays.com\/fi\/142717\/"},"modified":"2026-01-15T05:40:08","modified_gmt":"2026-01-15T05:40:08","slug":"ajokortti-kuinka-toimia-jos-laheinen-ei-ole-enaa-ajokuntoinen","status":"publish","type":"post","link":"https:\/\/www.europesays.com\/fi\/142717\/","title":{"rendered":"Ajokortti: Kuinka toimia, jos l\u00e4heinen ei ole en\u00e4\u00e4 ajokuntoinen?"},"content":{"rendered":"<p>Kauhukuvat py\u00f6riv\u00e4t Marjaanan mieless\u00e4, kun h\u00e4n pohti is\u00e4ns\u00e4 tilannetta. Nyt h\u00e4n suosittaa samassa, vaikeassa tilanteessa olevia toimimaan samalla tavalla. Saman kehotuksen antaa my\u00f6s poliisi.<\/p>\n<p class=\"article-body mb-nof-24 px-nof-16\">Kun l\u00e4hiomaisen ajokyky huolettaa, voi tie olla pitk\u00e4 ja kivinen tilanteen ratkaisemiseksi.<\/p>\n<p class=\"article-body mb-nof-24 px-nof-16\">Sen tiet\u00e4\u00e4 <a class=\"font-bold underline-offset-[0.12em] [text-decoration:var(--person-link-text-decoration)] ![text-decoration-color:var(--person-link-text-decoration-color)]\" href=\"https:\/\/www.is.fi\/haku\/?query=Marjaana\" rel=\"nofollow noopener\" target=\"_blank\">Marjaana<\/a>, joka taisteli is\u00e4ns\u00e4 kanssa asiasta vuositolkulla. Lopulta h\u00e4n teki uskaliaan ratkaisun, mik\u00e4 toi kuitenkin rauhan naiselle ja vei kortin is\u00e4lt\u00e4.<\/p>\n<p class=\"article-body mb-nof-24 px-nof-16\">Marjaana esiintyy jutussa etunimell\u00e4\u00e4n asian arkaluonteisuuden vuoksi. H\u00e4nen henkil\u00f6llisyytens\u00e4 on toimituksen tiedossa.<\/p>\n<p class=\"article-body mb-nof-24 px-nof-16\">Kaikki alkoi jo 2000-luvun puoliv\u00e4liss\u00e4, kun perhe oli palaamassa lomamatkalta Lapista Pyh\u00e4lt\u00e4 Kuopioon, jossa he tuolloin asuivat.<\/p>\n<p class=\"article-body mb-nof-24 px-nof-16\">Marjaana muistelee, ett\u00e4 keli oli hirmuinen ja tiet \u201dkirkkaalla j\u00e4\u00e4ll\u00e4\u201d. S\u00e4\u00e4 ei kuusikymppist\u00e4 is\u00e4\u00e4 hirvitt\u00e4nyt ja kaasujalka oli raskas.<\/p>\n<p class=\"article-body mb-nof-24 px-nof-16\">\u2013 Sanoimme \u00e4itini kanssa, ett\u00e4 \u201dhiljenn\u00e4 nyt, hyv\u00e4 ihminen. Kohta ollaan met\u00e4ss\u00e4\u201d.<\/p>\n<p><img decoding=\"async\" src=\"https:\/\/www.europesays.com\/fi\/wp-content\/uploads\/2026\/01\/1768455607_418_468.jpg\" alt=\"Marjaana k\u00e4vi pitk\u00e4n taistelun ajokortista is\u00e4ns\u00e4 kanssa. Kuvituskuva.\" class=\"_Img_1rerz_1\" style=\"aspect-ratio:1.5035238841033673\" loading=\"eager\"\/><\/p>\n<p class=\"article-picture-caption\">Marjaana k\u00e4vi pitk\u00e4n taistelun ajokortista is\u00e4ns\u00e4 kanssa. Kuvituskuva. Kuva:\u00a0Elias Lahtinen<\/p>\n<p class=\"article-body mb-nof-24 px-nof-16\">Lopulta tyt\u00e4r jyr\u00e4hti sen verran kovaa, ett\u00e4 tilanteesta suivaantunut is\u00e4 suostui pys\u00e4htym\u00e4\u00e4n, ja kuski vaihtui. Marjaana kertoo, ett\u00e4 h\u00e4nen is\u00e4ns\u00e4 yleinen selitys nopeudelle oli jo p\u00e4\u00e4ttynyt linja-autokuskin ura. Ammatista h\u00e4n oli jo tuolloin j\u00e4\u00e4nyt sairasel\u00e4kkeelle niskanikamien ongelmien vuoksi.<\/p>\n<p class=\"article-body mb-nof-24 px-nof-16\">Pyh\u00e4n-reissulta perhe p\u00e4\u00e4si kotiin, mutta huoli ajokyvyst\u00e4 ei h\u00e4vinnyt.<\/p>\n<p class=\"article-body mb-nof-24 px-nof-16\">\u2013 Vuosia v\u00e4\u00e4nnettiin ja k\u00e4\u00e4nnettiin t\u00e4st\u00e4 samasta aiheesta.<\/p>\n<p class=\"article-body mb-nof-24 px-nof-16\">Ja vuosien mittaan ilmaantui my\u00f6s lis\u00e4\u00e4 terveyshuolia, kuten ongelmia tasapainoelimiss\u00e4 ja kuulossa. Toinen korva kuuroutui t\u00e4ysin.<\/p>\n<p class=\"article-body mb-nof-24 px-nof-16\">\u2013 Kun sairauksia rupesi tulemaan, niin silm\u00e4-jalka-k\u00e4si-koordinaatio ei ollut en\u00e4\u00e4 sit\u00e4, mit\u00e4 sen olisi tarvinnut olla, Marjaana kertoo.<\/p>\n<p class=\"article-body mb-nof-24 px-nof-16\">Sen huomasi muun muassa, kun vanhemmat tulivat k\u00e4ym\u00e4\u00e4n tytt\u00e4rens\u00e4 luona.<\/p>\n<p class=\"article-body mb-nof-24 px-nof-16\">\u2013 Asuin silloin seitsem\u00e4nness\u00e4 kerroksessa ja kuulin, milloin \u00e4iti ja is\u00e4 tulivat pihaamme, kun toinen jalka makasi kytkimell\u00e4 ja toinen kaasulla.<\/p>\n<p class=\"article-body mb-nof-24 px-nof-16\">Kytkimen ja kaasun reippaalla yht\u00e4aikaisella painamisella moottori huutaa \u00e4\u00e4nekk\u00e4\u00e4sti.<\/p>\n<p class=\"article-body mb-nof-24 px-nof-16\">Marjaanalle lopulta riitti, kun is\u00e4 kaahasi keskustassa viidenkympin alueella 80 kilometrin tuntivauhtia pariinkin otteeseen.<\/p>\n<p class=\"article-body mb-nof-24 px-nof-16\">\u2013 Yhdess\u00e4 mutkassa auto l\u00e4hti jo v\u00e4h\u00e4n k\u00e4sist\u00e4kin.<\/p>\n<p class=\"article-body mb-nof-24 px-nof-16\">\u2013 Siin\u00e4 vaiheessa p\u00e4\u00e4tin, ett\u00e4 t\u00e4lle pit\u00e4\u00e4 saada stoppi ennen kuin h\u00e4n ajaa jonkun yli tai itse kolarin ja halvaantuu. Kauhukuvat py\u00f6riv\u00e4t p\u00e4\u00e4ss\u00e4ni.<\/p>\n<p class=\"article-body mb-nof-24 px-nof-16\">Niinp\u00e4 Marjaana soitti paikallisen poliisin lupaosastolle ja kysyi neuvoa, olisiko seitsem\u00e4nkymppisen is\u00e4n ajokorttia jotenkin mahdollista saada pois.<\/p>\n<p class=\"article-body mb-nof-24 px-nof-16\">Ensimm\u00e4isen\u00e4 puheeksi tulivat viiden vuoden v\u00e4lein teht\u00e4v\u00e4t l\u00e4\u00e4k\u00e4rintarkastukset. Se olisi kuitenkin varsin hidas keino. Puhelun p\u00e4\u00e4tteeksi poliisi otti yl\u00f6s miehen auton rekisterinumeron ja lupasi pit\u00e4\u00e4 sit\u00e4 silm\u00e4ll\u00e4, jos auto tulee partioinnin ohessa vastaan.<\/p>\n<p class=\"article-body mb-nof-24 px-nof-16\">\u2013 Olin ilmiantamisen j\u00e4lkeen aika helpottunut. Tiesin, ett\u00e4 kun saan auton ja kortin is\u00e4lt\u00e4 pois, niin h\u00e4nelle ei voi k\u00e4yd\u00e4 mit\u00e4\u00e4n eik\u00e4 h\u00e4n voi rampauttaa ket\u00e4\u00e4n muuta, Marjaana kertoo.<\/p>\n<p><img decoding=\"async\" src=\"https:\/\/www.europesays.com\/fi\/wp-content\/uploads\/2026\/01\/1768455608_164_468.jpg\" alt=\"Marjaana ilmoitti is\u00e4ns\u00e4 ajamisesta poliisille.\" class=\"_Img_1rerz_1\" style=\"aspect-ratio:1.5011727912431587\" loading=\"eager\"\/><\/p>\n<p class=\"article-picture-caption\">Marjaana ilmoitti is\u00e4ns\u00e4 ajamisesta poliisille. Kuva:\u00a0Aleksi Jalava \/ IS<\/p>\n<p class=\"article-body mb-nof-24 px-nof-16\">Sitten j\u00e4i en\u00e4\u00e4 j\u00e4nnitett\u00e4v\u00e4ksi, k\u00e4r\u00e4ht\u00e4isik\u00f6 Marjaana is\u00e4ns\u00e4 ilmiantamisesta ja j\u00e4isik\u00f6 t\u00e4m\u00e4 poliisin haaviin. Er\u00e4\u00e4ll\u00e4 kauppareissulla vuonna 2015 se sitten tapahtui.<\/p>\n<p class=\"article-body mb-nof-24 px-nof-16\">\u2013 Is\u00e4 oli ajelemassa \u00e4idin kanssa kaupasta kotiin, ja poliisit olivat huomioineet heid\u00e4t ja ajaneet per\u00e4ss\u00e4 kotiparkkipaikalle.<\/p>\n<p class=\"article-body mb-nof-24 px-nof-16\">Marjaanalle on j\u00e4\u00e4nyt kuva, ett\u00e4 matkan aikana olisi tapahtunut jotakin \u201dt\u00f6t\u00f6ily\u00e4\u201d, sill\u00e4 \u00e4itins\u00e4 kertoman mukaan poliisi oli tiukasti ojentanut is\u00e4\u00e4 ajamisesta. Varmuutta tapahtumista ei kuitenkaan ole.<\/p>\n<p class=\"article-body mb-nof-24 px-nof-16\">Joka tapauksessa poliisi m\u00e4\u00e4r\u00e4si is\u00e4n ylim\u00e4\u00e4r\u00e4iseen l\u00e4\u00e4k\u00e4rintarkastukseen, jossa todettiin, ettei ajokyky ollut en\u00e4\u00e4 ajokortin edellytt\u00e4m\u00e4ll\u00e4 tasolla. Poliisilta tuli sen j\u00e4lkeen pyynt\u00f6 luovuttaa ajokortti, ja is\u00e4 totteli.<\/p>\n<p class=\"article-body mb-nof-24 px-nof-16\">\u2013 H\u00e4n oli hirve\u00e4n kiukkuinen, ett\u00e4 ihmisi\u00e4 kyt\u00e4t\u00e4\u00e4n t\u00e4ll\u00e4 tavalla ja vied\u00e4\u00e4n liikkuminen.<\/p>\n<p class=\"article-body mb-nof-24 px-nof-16\">Ilmianto ei paljastunut miss\u00e4\u00e4n vaiheessa, joten v\u00e4lit is\u00e4\u00e4n pysyiv\u00e4t hyvin\u00e4 loppuun asti. Is\u00e4 menehtyi pari vuotta kortin l\u00e4htemisen j\u00e4lkeen.<\/p>\n<p class=\"article-body mb-nof-24 px-nof-16\">Marjaana kehottaa rohkeasti tarttumaan toimeen, jos l\u00e4hiomaisen ajokyky huolettaa. Ensiksi voi yritt\u00e4\u00e4 puhua suoraan, mik\u00e4 ei Marjaanan is\u00e4\u00e4n tepsinyt. Sen sijaan h\u00e4nen appiukkonsa luopui autostaan parin vuoden pehmittelyn j\u00e4lkeen noin vuosi sitten.<\/p>\n<p class=\"article-body mb-nof-24 px-nof-16\">\u2013 Puhuimme pidemm\u00e4n aikaa asiasta, h\u00e4n sulatteli sit\u00e4 ja tuli itsekin siihen tulokseen, ett\u00e4 on aika luopua autosta.<\/p>\n<p class=\"article-body mb-nof-24 px-nof-16\">Toissijaisena vaihtoehtona voi ottaa yhteytt\u00e4 virkavaltaan.<\/p>\n<p class=\"article-body mb-nof-24 px-nof-16\">\u2013 Rohkeasti poliisin juttusille. Selitt\u00e4\u00e4 tilanteen, niin kyll\u00e4 sielt\u00e4 tulee todella hyv\u00e4t neuvot, miten asiaa l\u00e4hdet\u00e4\u00e4n viem\u00e4\u00e4n eteenp\u00e4in, Marjaana sanoo.<\/p>\n<p class=\"article-body mb-nof-24 px-nof-16\">\u2013 Suosittelen l\u00e4mpim\u00e4sti toimimaan, jos v\u00e4h\u00e4nkin miettii l\u00e4heisen ajokyky\u00e4. Ihan sen takia, ett\u00e4 mit\u00e4\u00e4n ei tapahdu.<\/p>\n<p><img decoding=\"async\" src=\"https:\/\/www.europesays.com\/fi\/wp-content\/uploads\/2026\/01\/1768455608_924_468.jpg\" alt=\"Poliisin ei tarvitse paljastaa ilmiantajaa, kertoo poliisitarkastaja.\" class=\"_Img_1rerz_1\" style=\"aspect-ratio:1.5\" loading=\"eager\"\/><\/p>\n<p class=\"article-picture-caption\">Poliisin ei tarvitse paljastaa ilmiantajaa, kertoo poliisitarkastaja. Kuva:\u00a0Aleksi Jalava \/ IS<\/p>\n<p class=\"article-body mb-nof-24 px-nof-16\">Poliisitarkastaja <a class=\"font-bold underline-offset-[0.12em] [text-decoration:var(--person-link-text-decoration)] ![text-decoration-color:var(--person-link-text-decoration-color)]\" href=\"https:\/\/www.is.fi\/haku\/?query=Heikki%20Ihalainen\" rel=\"nofollow noopener\" target=\"_blank\">Heikki Ihalainen<\/a> poliisihallituksesta neuvoo niin ik\u00e4\u00e4n ilmoittamaan poliisille, jos l\u00e4heisen ajokyky arveluttaa.<\/p>\n<p class=\"article-body mb-nof-24 px-nof-16\">\u2013 Kyll\u00e4h\u00e4n n\u00e4m\u00e4 ovat hankalia tapauksia perheen kannalta. Mutta toisaalta, jos vanhempi ihminen ei ymm\u00e4rr\u00e4, ett\u00e4 h\u00e4n alkaa olla vaaraksi liikenteess\u00e4, on syyt\u00e4 ilmoittaa asiasta poliisille. Ei tarvitse j\u00e4lkik\u00e4teen mietti\u00e4, miksi ei ilmoittanut, jos jotakin tapahtuu, Ihalainen sanoo.<\/p>\n<p class=\"article-body mb-nof-24 px-nof-16\">Ilmoituksen voi Ihalaisen mukaan tehd\u00e4 poliisilaitoksen lupahallintoon tai vihjepuhelimeen. Ihalainen suosittaa kertomaan my\u00f6s oman nimens\u00e4, sill\u00e4 se auttaa poliisia varmentamaan ilmoitusta.<\/p>\n<p class=\"article-body mb-nof-24 px-nof-16\">Oman nimen p\u00e4\u00e4tymist\u00e4 l\u00e4heisen tietoon ei tarvitse pel\u00e4t\u00e4.<\/p>\n<p class=\"article-body mb-nof-24 px-nof-16\">\u2013 Poliisin ei tarvitse ilmoittaa nime\u00e4 kenellek\u00e4\u00e4n eik\u00e4 ilmoitakaan. Hallinto-oikeuden p\u00e4\u00e4t\u00f6ksen mukaan nimen saa pit\u00e4\u00e4 salassa, Ihalainen kertoo.<\/p>\n<p class=\"article-body mb-nof-24 px-nof-16\">Varmuuden vuoksi on kuitenkin hyv\u00e4 mainita, jos nime\u00e4\u00e4n ei halua ilmiannettavan tietoon.<\/p>\n<p><img decoding=\"async\" src=\"https:\/\/www.europesays.com\/fi\/wp-content\/uploads\/2026\/01\/1768455608_624_468.jpg\" alt=\"Talvikeli haastaa kuljettajien ajokyky\u00e4.\" class=\"_Img_1rerz_1\" style=\"aspect-ratio:1.5\" loading=\"eager\"\/><\/p>\n<p class=\"article-picture-caption\">Talvikeli haastaa kuljettajien ajokyky\u00e4. Kuva:\u00a0Rio Gandara \/ HS<\/p>\n<p class=\"article-body mb-nof-24 px-nof-16\">Ilmiannon j\u00e4lkeen poliisi voi kutsua henkil\u00f6n kuultavaksi, varmentaa ilmiannon aitoutta ja m\u00e4\u00e4r\u00e4t\u00e4 sen j\u00e4lkeen l\u00e4\u00e4k\u00e4rintarkastukseen, jos on syyt\u00e4 ep\u00e4ill\u00e4, ettei henkil\u00f6 t\u00e4yt\u00e4 en\u00e4\u00e4 ajokortin vaatimuksia.<\/p>\n<p class=\"article-body mb-nof-24 px-nof-16\">Poliisi voi my\u00f6s m\u00e4\u00e4r\u00e4t\u00e4 henkil\u00f6n uuteen ajokokeeseen tai antamaan ajon\u00e4ytteen, joka on ajokoetta suppeampi.<\/p>\n<p class=\"article-body mb-nof-24 px-nof-16\">L\u00e4\u00e4k\u00e4rintarkastuksen ja mahdollisen n\u00e4ytteen tai kokeen perusteella arvioidaan edellytyksi\u00e4 ajokortille tai jollekin ajokorttiluokalle.<\/p>\n<p class=\"article-body mb-nof-24 px-nof-16\">Ihalaisen mukaan osa vanhemmista ihmisist\u00e4 tajuaa my\u00f6s itse, ettei ole en\u00e4\u00e4 ajokykyinen.<\/p>\n<p class=\"article-body mb-nof-24 px-nof-16\">\u2013 Usein he ovat naispuolisia, jotka luopuvat ajo-oikeudesta. Miehill\u00e4 ajokortista luopuminen on vaikeampaa. Se on v\u00e4h\u00e4n niin kuin miehyyden mitta, Ihalainen sanoo.<\/p>\n<p class=\"article-body mb-nof-24 px-nof-16\">Toisessa \u00e4\u00e4rip\u00e4\u00e4ss\u00e4 ovat henkil\u00f6t, jotka ajavat autolla, vaikka korttikin olisi jo l\u00e4htenyt.<\/p>\n<p class=\"article-body mb-nof-24 px-nof-16\">\u2013 Siin\u00e4 tilanteessa kannattaisi autostakin hankkiutua aika nopeasti eroon. Tied\u00e4n tapauksia, joissa auto on l\u00e4htenyt \u201dhuoltoon\u201d, ja huolto onkin kest\u00e4nyt v\u00e4h\u00e4n kauemmin ja auto on saatu myyty\u00e4 jotenkin, Ihalainen kertoo.<\/p>\n","protected":false},"excerpt":{"rendered":"Kauhukuvat py\u00f6riv\u00e4t Marjaanan mieless\u00e4, kun h\u00e4n pohti is\u00e4ns\u00e4 tilannetta. Nyt h\u00e4n suosittaa samassa, vaikeassa tilanteessa olevia toimimaan samalla&hellip;\n","protected":false},"author":2,"featured_media":142718,"comment_status":"","ping_status":"","sticky":false,"template":"","format":"standard","meta":{"footnotes":""},"categories":[12],"tags":[22,23,26,27,33,31,30,17,34,24,25,28,29,15,18,21,32,19,20,16],"class_list":{"0":"post-142717","1":"post","2":"type-post","3":"status-publish","4":"format-standard","5":"has-post-thumbnail","7":"category-suomi","8":"tag-breaking-news","9":"tag-breakingnews","10":"tag-featured-news","11":"tag-featurednews","12":"tag-fi","13":"tag-finland","14":"tag-finnish","15":"tag-headlines","16":"tag-ilta-sanomat","17":"tag-latest-news","18":"tag-latestnews","19":"tag-main-news","20":"tag-mainnews","21":"tag-news","22":"tag-otsikot","23":"tag-paauutiset","24":"tag-suomi","25":"tag-top-stories","26":"tag-topstories","27":"tag-uutiset"},"share_on_mastodon":{"url":"https:\/\/pubeurope.com\/@fi\/115897514405614990","error":""},"_links":{"self":[{"href":"https:\/\/www.europesays.com\/fi\/wp-json\/wp\/v2\/posts\/142717","targetHints":{"allow":["GET"]}}],"collection":[{"href":"https:\/\/www.europesays.com\/fi\/wp-json\/wp\/v2\/posts"}],"about":[{"href":"https:\/\/www.europesays.com\/fi\/wp-json\/wp\/v2\/types\/post"}],"author":[{"embeddable":true,"href":"https:\/\/www.europesays.com\/fi\/wp-json\/wp\/v2\/users\/2"}],"replies":[{"embeddable":true,"href":"https:\/\/www.europesays.com\/fi\/wp-json\/wp\/v2\/comments?post=142717"}],"version-history":[{"count":0,"href":"https:\/\/www.europesays.com\/fi\/wp-json\/wp\/v2\/posts\/142717\/revisions"}],"wp:featuredmedia":[{"embeddable":true,"href":"https:\/\/www.europesays.com\/fi\/wp-json\/wp\/v2\/media\/142718"}],"wp:attachment":[{"href":"https:\/\/www.europesays.com\/fi\/wp-json\/wp\/v2\/media?parent=142717"}],"wp:term":[{"taxonomy":"category","embeddable":true,"href":"https:\/\/www.europesays.com\/fi\/wp-json\/wp\/v2\/categories?post=142717"},{"taxonomy":"post_tag","embeddable":true,"href":"https:\/\/www.europesays.com\/fi\/wp-json\/wp\/v2\/tags?post=142717"}],"curies":[{"name":"wp","href":"https:\/\/api.w.org\/{rel}","templated":true}]}}