{"id":142719,"date":"2026-01-15T05:41:09","date_gmt":"2026-01-15T05:41:09","guid":{"rendered":"https:\/\/www.europesays.com\/fi\/142719\/"},"modified":"2026-01-15T05:41:09","modified_gmt":"2026-01-15T05:41:09","slug":"janni-hussista-jymyuutinen-palaa-rallin-mm-sarjaan","status":"publish","type":"post","link":"https:\/\/www.europesays.com\/fi\/142719\/","title":{"rendered":"Janni Hussista jymyuutinen: palaa rallin MM-sarjaan"},"content":{"rendered":"<p>Janni Hussista tiedotettiin.<\/p>\n<p>Lue tiivistelm\u00e4<\/p>\n<p class=\"article-body mb-nof-24 px-nof-16 sndp-summary-bullet-point-font\">Ralliautoilija Janni Hussi, 34, toimii kartturina kokeneen kilpakuljettajan Teemu Sunisen, 31, kanssa helmikuussa ajettavassa Ruotsin MM-rallissa.<\/p>\n<p class=\"article-body mb-nof-24 px-nof-16 sndp-summary-bullet-point-font\">Kaksikko kilpailee WRC2-luokassa Toyotan Rally2-autolla, ja italialainen Delta Rally -talli huoltaa heid\u00e4n kilpa-autoaan.<\/p>\n<p class=\"article-body mb-nof-24 px-nof-16 sndp-summary-bullet-point-font\">Hussi on aiemmin ty\u00f6skennellyt Jari-Matti Latvalan kartturina, mutta h\u00e4n on tavoitellut paikkaa MM-sarjan WRC2-luokasta.<\/p>\n<p class=\"article-body mb-nof-24 px-nof-16\">Ralliautoilussa uraa luovan <a class=\"font-bold underline-offset-[0.12em] [text-decoration:var(--person-link-text-decoration)] ![text-decoration-color:var(--person-link-text-decoration-color)]\" href=\"https:\/\/www.is.fi\/haku\/?query=Janni%20Hussin\" rel=\"nofollow noopener\" target=\"_blank\">Janni Hussin<\/a> ja kokeneen kilpakuljettajan <a class=\"font-bold underline-offset-[0.12em] [text-decoration:var(--person-link-text-decoration)] ![text-decoration-color:var(--person-link-text-decoration-color)]\" href=\"https:\/\/www.is.fi\/haku\/?query=Teemu%20Sunisen\" rel=\"nofollow noopener\" target=\"_blank\">Teemu Sunisen<\/a> ammatillinen yhteisty\u00f6 on varmistunut.<\/p>\n<p class=\"article-body mb-nof-24 px-nof-16\">Kaksikosta kertovassa tiedotteessa ilmoitetaan, ett\u00e4 Suninen ja Hussi osallistuvat kilpailijaparina helmikuussa ajettavaan Ruotsin MM-ralliin.<\/p>\n<p class=\"article-body mb-nof-24 px-nof-16\">He kilpailevat Ruotsin lumilla WRC2-luokassa Toyotan Rally2-ajokilla. Heid\u00e4n kilpa-autoaan huoltaa ja yll\u00e4pit\u00e4\u00e4 italialainen Delta Rally -talli.<\/p>\n<p class=\"article-body mb-nof-24 px-nof-16\">Sunisen kakkoskuljettajaksi eli kartturiksi ensi kertaa ryhtyv\u00e4 Hussi on innoissaan uudesta pestist\u00e4\u00e4n.<\/p>\n<p class=\"article-body mb-nof-24 px-nof-16\">\u2013 Teemu on kovan tason kuljettaja, jonka kyytiin hypp\u00e4\u00e4n mielenkiinnolla. Tavoitteet ovat meill\u00e4 molemmilla korkealla. On hienoa palata WRC2-kilpailuihin heti kauden alussa, aiemminkin WRC2-luokassa kisannut Hussi, 34, sanoi tiedotteen mukaan.<\/p>\n<p><img decoding=\"async\" src=\"https:\/\/www.europesays.com\/fi\/wp-content\/uploads\/2026\/01\/1768455668_51_468.jpg\" alt=\"Janni Hussi hypp\u00e4\u00e4 Teemu Sunisen kartanlukijaksi.\" class=\"_Img_1rerz_1\" style=\"aspect-ratio:1.5\" loading=\"eager\"\/><\/p>\n<p class=\"article-picture-caption\">Janni Hussi hypp\u00e4\u00e4 Teemu Sunisen kartanlukijaksi. Kuva:\u00a0SANIA_SVINARENKO<\/p>\n<p class=\"article-body mb-nof-24 px-nof-16\">Mediapersoonanakin tunnettu Hussi on aiemmin kertonut palavasta halustaan tavoitella t\u00e4ysipainoista ralliammattilaisuutta kakkoskuljettajana.<\/p>\n<p class=\"article-body mb-nof-24 px-nof-16\">Hussi aloitteli ralliuraansa noin kolme vuotta sitten, ja h\u00e4n on sittemmin edennyt piinkovien rallijermujenkin arvostamaksi kartturiksi.<\/p>\n<p class=\"article-body mb-nof-24 px-nof-16\">Viime vuonna Hussi ty\u00f6skenteli <a class=\"font-bold underline-offset-[0.12em] [text-decoration:var(--person-link-text-decoration)] ![text-decoration-color:var(--person-link-text-decoration-color)]\" href=\"https:\/\/www.is.fi\/haku\/?query=Jari-Matti%20Latvalan\" rel=\"nofollow noopener\" target=\"_blank\">Jari-Matti Latvalan<\/a>, 40, kakkoskuljettajana.<\/p>\n<p class=\"article-body mb-nof-24 px-nof-16\">P\u00e4\u00e4osin historic-luokan kilpailuissa nostalgisella Toyota Celicalla hurjasteleva Latvala kertoi aiemmin puhuneensa yhteisty\u00f6n jatkamisesta Hussin kanssa my\u00f6s t\u00e4n\u00e4 vuonna, mutta Hussin <a class=\"underline underline-offset-[0.12em] [text-decoration-thickness:var(--generic-link-underline-thickness)] [text-decoration-color:var(--generic-link-underline-color)] [text-decoration-skip-ink:var(--generic-link-underline-skip-ink)] break-words\" href=\"https:\/\/www.is.fi\/urheilu\/art-2000011743379.html\" rel=\"nofollow noopener\" target=\"_blank\">tiedettiin<\/a> havittelevan ensisijaisesti paikkaa MM-sarjan WRC2-luokasta ja Sunisen vierelt\u00e4.<\/p>\n<p class=\"article-body mb-nof-24 px-nof-16\">MM-kauden avausrallissa, tammikuun loppupuolella Monte Carlossa Hussi ei viel\u00e4 kilpaile, sill\u00e4 h\u00e4n ty\u00f6skentelee kyseisess\u00e4 rallissa Toyotan japanilaiskuljettajan <a class=\"font-bold underline-offset-[0.12em] [text-decoration:var(--person-link-text-decoration)] ![text-decoration-color:var(--person-link-text-decoration-color)]\" href=\"https:\/\/www.is.fi\/haku\/?query=Takamoto%20Katsutan\" rel=\"nofollow noopener\" target=\"_blank\">Takamoto Katsutan<\/a>, 32, etuautoteht\u00e4viss\u00e4.<\/p>\n<p class=\"article-body mb-nof-24 px-nof-16\">Suninen, 31, mainitsi tiedotteessa, ett\u00e4 h\u00e4n pyrkii saamaan lis\u00e4\u00e4 kilpailuja Hussin kanssa t\u00e4m\u00e4n vuoden aikana.<\/p>\n<p class=\"article-body mb-nof-24 px-nof-16\">\u2013 Tarkoituksena ei ole j\u00e4tt\u00e4\u00e4 t\u00e4t\u00e4 kertaesiintymiseksi, Suninen totesi.<\/p>\n<p><img decoding=\"async\" src=\"https:\/\/www.europesays.com\/fi\/wp-content\/uploads\/2026\/01\/1768249328_553_468.jpg\" alt=\"Teemu Suninen, 31, on kokenut rallimies.\" class=\"_Img_1rerz_1\" style=\"aspect-ratio:1.5\" loading=\"eager\"\/><\/p>\n<p class=\"article-picture-caption\">Teemu Suninen, 31, on kokenut rallimies. Kuva:\u00a0Aleksi Jalava \/ IS<\/p>\n<p class=\"article-body mb-nof-24 px-nof-16\">Sunisen mielest\u00e4 Hussi on lukenut nuotteja vakuuttavasti. Suninen sanoo odottavansa \u201dpositiivisesti yhteisty\u00f6t\u00e4\u201d.<\/p>\n<p class=\"article-body mb-nof-24 px-nof-16\">\u2013\u2009Varmasti meill\u00e4 on yhteist\u00e4 oppimista edess\u00e4. Molemmilla on motivaatio korkealla ja haluamme tehd\u00e4 ty\u00f6n kunnolla, suuntaan ralliin Jannin kanssa luottavaisin mielin, Suninen lausui tiedotteen mukaan.<\/p>\n<p class=\"article-body mb-nof-24 px-nof-16\">Sunisen oma ura ammattilaiskuljettajana on ollut viime ajat j\u00e4iss\u00e4. H\u00e4n ei silti j\u00e4\u00e4nyt kotiinsa p\u00f6lyttym\u00e4\u00e4n.<\/p>\n<p class=\"article-body mb-nof-24 px-nof-16\">Suninen on ty\u00f6skennellyt viime aikoina rallivalmentajana, eik\u00e4 hyl\u00e4nnyt ajatusta oman kuljettajauransa elvytt\u00e4misest\u00e4.<\/p>\n<p class=\"article-body mb-nof-24 px-nof-16\">Suninen kilpaili MM-sarjassa Rally2-luokan Hyundailla viel\u00e4 vuonna 2024, mutta viime vuodesta tuli h\u00e4nelle kilpailullisesti v\u00e4livuosi. Vuonna 2023 h\u00e4n kilpaili osan MM-sarjan ralleista p\u00e4\u00e4luokan Hyundailla.<\/p>\n<p><img decoding=\"async\" src=\"https:\/\/www.europesays.com\/fi\/wp-content\/uploads\/2026\/01\/1768455669_686_468.jpg\" alt=\"Teemu Suninen lenn\u00e4tti Hyundain ralliautoa vuonna 2023.\" class=\"_Img_1rerz_1\" style=\"aspect-ratio:1.5\" loading=\"eager\"\/><\/p>\n<p class=\"article-picture-caption\">Teemu Suninen lenn\u00e4tti Hyundain ralliautoa vuonna 2023. Kuva:\u00a0Hannu Rainamo<\/p>\n<p class=\"article-body mb-nof-24 px-nof-16\">Suninen on saavuttanut ajajana yhteens\u00e4 kolme palkintopallisijoitusta MM-sarjan p\u00e4\u00e4luokassa. H\u00e4nen paras tuloksensa on Sardinian MM-rallin toinen sija Fordilla vuonna 2019.<\/p>\n<p class=\"article-body mb-nof-24 px-nof-16\">Valmennushommien lis\u00e4ksi h\u00e4n on pit\u00e4nyt omaa ajotuntumaansa yll\u00e4, jotta mahdollinen paluu kisakuljettajaksi olisi sujuva. H\u00e4n on ajanut testej\u00e4 sek\u00e4 tallien ett\u00e4 rengasvalmistaja Hankookin piikkiin.<\/p>\n","protected":false},"excerpt":{"rendered":"Janni Hussista tiedotettiin. Lue tiivistelm\u00e4 Ralliautoilija Janni Hussi, 34, toimii kartturina kokeneen kilpakuljettajan Teemu Sunisen, 31, kanssa helmikuussa&hellip;\n","protected":false},"author":2,"featured_media":142720,"comment_status":"","ping_status":"","sticky":false,"template":"","format":"standard","meta":{"footnotes":""},"categories":[5],"tags":[22,23,26,27,33,31,30,17,34,24,25,28,29,15,18,21,32,19,20,16],"class_list":{"0":"post-142719","1":"post","2":"type-post","3":"status-publish","4":"format-standard","5":"has-post-thumbnail","7":"category-otsikot","8":"tag-breaking-news","9":"tag-breakingnews","10":"tag-featured-news","11":"tag-featurednews","12":"tag-fi","13":"tag-finland","14":"tag-finnish","15":"tag-headlines","16":"tag-ilta-sanomat","17":"tag-latest-news","18":"tag-latestnews","19":"tag-main-news","20":"tag-mainnews","21":"tag-news","22":"tag-otsikot","23":"tag-paauutiset","24":"tag-suomi","25":"tag-top-stories","26":"tag-topstories","27":"tag-uutiset"},"share_on_mastodon":{"url":"https:\/\/pubeurope.com\/@fi\/115897518274177653","error":""},"_links":{"self":[{"href":"https:\/\/www.europesays.com\/fi\/wp-json\/wp\/v2\/posts\/142719","targetHints":{"allow":["GET"]}}],"collection":[{"href":"https:\/\/www.europesays.com\/fi\/wp-json\/wp\/v2\/posts"}],"about":[{"href":"https:\/\/www.europesays.com\/fi\/wp-json\/wp\/v2\/types\/post"}],"author":[{"embeddable":true,"href":"https:\/\/www.europesays.com\/fi\/wp-json\/wp\/v2\/users\/2"}],"replies":[{"embeddable":true,"href":"https:\/\/www.europesays.com\/fi\/wp-json\/wp\/v2\/comments?post=142719"}],"version-history":[{"count":0,"href":"https:\/\/www.europesays.com\/fi\/wp-json\/wp\/v2\/posts\/142719\/revisions"}],"wp:featuredmedia":[{"embeddable":true,"href":"https:\/\/www.europesays.com\/fi\/wp-json\/wp\/v2\/media\/142720"}],"wp:attachment":[{"href":"https:\/\/www.europesays.com\/fi\/wp-json\/wp\/v2\/media?parent=142719"}],"wp:term":[{"taxonomy":"category","embeddable":true,"href":"https:\/\/www.europesays.com\/fi\/wp-json\/wp\/v2\/categories?post=142719"},{"taxonomy":"post_tag","embeddable":true,"href":"https:\/\/www.europesays.com\/fi\/wp-json\/wp\/v2\/tags?post=142719"}],"curies":[{"name":"wp","href":"https:\/\/api.w.org\/{rel}","templated":true}]}}