{"id":142723,"date":"2026-01-15T05:53:07","date_gmt":"2026-01-15T05:53:07","guid":{"rendered":"https:\/\/www.europesays.com\/fi\/142723\/"},"modified":"2026-01-15T05:53:07","modified_gmt":"2026-01-15T05:53:07","slug":"podcast-rita-manninen-haluaa-viela-vauvan-aki-tyrmaa","status":"publish","type":"post","link":"https:\/\/www.europesays.com\/fi\/142723\/","title":{"rendered":"Podcast: Rita Manninen haluaa viel\u00e4 vauvan, Aki tyrm\u00e4\u00e4"},"content":{"rendered":"<p>Mannisten podcastin tuoreessa jaksossa puhutaan perheenlis\u00e4yksest\u00e4.<\/p>\n<p class=\"article-body mb-nof-24 px-nof-16\">Aki ja Rita Mannisen <a class=\"underline underline-offset-[0.12em] [text-decoration-thickness:var(--generic-link-underline-thickness)] [text-decoration-color:var(--generic-link-underline-color)] [text-decoration-skip-ink:var(--generic-link-underline-skip-ink)] break-words\" href=\"https:\/\/www.podway.fi\/podcast\/Xbk218lrmx1cvbsxdHwL\/bhg09MjStSq86aiS6i1Y\" rel=\"nofollow noopener\" target=\"_blank\">Sillai kai<\/a> -podcastin tuoreessa Vauva vai vapaus? -nimisess\u00e4 jaksossa keskustellaan lapsihaaveista \u2013 v\u00e4lill\u00e4 melko v\u00e4rikk\u00e4in sanak\u00e4\u00e4ntein.<\/p>\n<p class=\"article-body mb-nof-24 px-nof-16\">\u2013 T\u00e4m\u00e4 on sulle vaikea aihe. Sulla on aika k\u00e4rk\u00e4s mielipide, Rita pohjustaa aihetta.<\/p>\n<p class=\"article-body mb-nof-24 px-nof-16\">\u2013 Haluan puhua t\u00e4st\u00e4 julkisesti, koska voisin kuvitella, ett\u00e4 on my\u00f6s muita pariskuntia, joilla on t\u00e4m\u00e4 sama tilanne. Toinen haluaa ja toinen ei, Rita kertoo.<\/p>\n<p class=\"article-body mb-nof-24 px-nof-16\">Aki ei ole yht\u00e4\u00e4n innoissaan perheenlis\u00e4yshaaveista.<\/p>\n<p class=\"article-body mb-nof-24 px-nof-16\">\u2013 Nyth\u00e4n me ollaan taas t\u00e4m\u00e4n asian kynnyksell\u00e4. T\u00e4ss\u00e4 on eletty t\u00e4llaisessa on-off-tilassa semmoinen pari vuotta, Aki sanoo.<\/p>\n<p class=\"article-body mb-nof-24 px-nof-16\">\u2013 Jo pari kes\u00e4\u00e4 sitten toin hyvin selke\u00e4sti kantani esille, etten halua enemp\u00e4\u00e4 lapsia.<\/p>\n<p class=\"article-body mb-nof-24 px-nof-16\">Rita kertoo muistavansa keskustelun, mutta painottaa parin p\u00e4\u00e4tt\u00e4neen yhdess\u00e4, ett\u00e4 he j\u00e4tt\u00e4v\u00e4t ehk\u00e4isyn pois hetkeksi ja antavat luonnon hoitaa asian.<\/p>\n<p class=\"article-body mb-nof-24 px-nof-16\">\u2013 Me p\u00e4\u00e4tettiin yhdess\u00e4, ett\u00e4 katsotaan. Jos tulee, niin tulee. Siit\u00e4 alkaa olla kohta se kolme vuotta, Rita laskeskelee.<\/p>\n<p class=\"article-body mb-nof-24 px-nof-16\">\u2013 Joo, se oli mun el\u00e4m\u00e4ni pisin aika, kun olen pel\u00e4nnyt, Aki pamauttaa.<\/p>\n<p class=\"article-body mb-nof-24 px-nof-16\">Nyt pariskunta kertoo p\u00e4\u00e4tt\u00e4neens\u00e4 yhdess\u00e4, ett\u00e4 aika ei ole oikea vauvasuunnitelmille.<\/p>\n<p class=\"article-body mb-nof-24 px-nof-16\">\u2013 Annetaan ajan v\u00e4h\u00e4n kulua, Rita sanoo.<\/p>\n<p class=\"article-body mb-nof-24 px-nof-16\">Akin mukaan h\u00e4nelle on kristallisoitunut, ett\u00e4 heill\u00e4 on perheess\u00e4 t\u00e4ll\u00e4 hetkell\u00e4 t\u00e4ydellinen kolmen ihmisen kombo. Vuonna 2015 naimisiin menneell\u00e4 pariskunnalla on vuonna 2019 syntynyt <a class=\"font-bold underline-offset-[0.12em] [text-decoration:var(--person-link-text-decoration)] ![text-decoration-color:var(--person-link-text-decoration-color)]\" href=\"https:\/\/www.is.fi\/haku\/?query=Donna\" rel=\"nofollow noopener\" target=\"_blank\">Donna<\/a>-tyt\u00e4r.<\/p>\n<p class=\"article-body mb-nof-24 px-nof-16\">\u2013 Tytt\u00f6 kasvaa kivaa vauhtia ja me saadaan tehd\u00e4 t\u00e4t\u00e4 t\u00e4rke\u00e4\u00e4 duuniamme.<\/p>\n<p class=\"article-body mb-nof-24 px-nof-16\">Akin mukaan ajatus pienest\u00e4 vauvasta on h\u00e4nelle t\u00e4n\u00e4 p\u00e4iv\u00e4n\u00e4 hyvin kaukainen asia.<\/p>\n<p class=\"article-body mb-nof-24 px-nof-16\">Rita puolestaan kertoo ajatelleensa jo viime syksyn\u00e4, ett\u00e4 haluaisi viel\u00e4 pikkuisen \u2013 ja tunne on vain vahvistunut.<\/p>\n<p class=\"article-body mb-nof-24 px-nof-16\">\u2013 Musta olisi ihan normaalia, ett\u00e4 meille tulisi viel\u00e4 vauva, Rita sanoo.<\/p>\n<p class=\"article-body mb-nof-24 px-nof-16\">Aki, 50, ei muuta mielt\u00e4\u00e4n. H\u00e4nen mukaansa jo pelk\u00e4st\u00e4\u00e4n ik\u00e4 on este.<\/p>\n<p class=\"article-body mb-nof-24 px-nof-16\">\u2013 Tulee ihan t\u00e4m\u00e4 mun ik\u00e4 mieleen. Ja miten mun vapauden k\u00e4y? Se on seuraavat kuusi vuotta taas sitten hys-hys-el\u00e4m\u00e4\u00e4, h\u00e4n ep\u00e4ilee.<\/p>\n<p class=\"article-body mb-nof-24 px-nof-16\">\u2013 Sen kuusi vuotta, mit\u00e4 meid\u00e4n tytt\u00f6 on ollut l\u00e4sn\u00e4, on mun el\u00e4m\u00e4ni hienointa aikaa. Kyse ei ole siis siit\u00e4. Mutta m\u00e4 olen vaan joutunut karsimaan omasta el\u00e4m\u00e4st\u00e4ni todella t\u00e4rkeit\u00e4 harrastuksia ja asioita, ja joutunut uhraamaan omaa kallista aikaa, Aki sanailee.<\/p>\n<p class=\"article-body mb-nof-24 px-nof-16\">\u2013 Mit\u00e4 parempaa s\u00e4 olisit tehnyt sill\u00e4 ajallasi? Rita, 46, ihmettelee.<\/p>\n<p class=\"article-body mb-nof-24 px-nof-16\">Aki kertoo, ett\u00e4 muun muassa moottoripy\u00f6r\u00e4n rakennusprojekti on ollut pitk\u00e4\u00e4n j\u00e4iss\u00e4.<\/p>\n<p class=\"article-body mb-nof-24 px-nof-16\">\u2013 No et s\u00e4 rakentanut sit\u00e4 ennenk\u00e4\u00e4n, Rita kivahtaa.<\/p>\n<p class=\"article-body mb-nof-24 px-nof-16\">\u2013 Mulla on fokus siin\u00e4 t\u00e4ll\u00e4kin hetkell\u00e4. Heti kun saan isommat projektit p\u00e4\u00e4t\u00f6kseen, niin m\u00e4 saan istua siell\u00e4 tallissa, kuunnella J\u00e4rviradiota ja rakentaa sit\u00e4 mun rakasta, Aki puolustelee.<\/p>\n<p class=\"article-body mb-nof-24 px-nof-16\">\u2013 Sullahan on hyvin aikaa saada moottoripy\u00f6r\u00e4 valmiiksi ennen kuin vauva syntyisi maailmaan, Rita ehdottaa.<\/p>\n<p class=\"article-body mb-nof-24 px-nof-16\">Aki ep\u00e4ilee, ett\u00e4 raskaana olevan Ritan hormonitoiminta ajaisi h\u00e4net joka tapauksessa talliin.<\/p>\n<p class=\"article-body mb-nof-24 px-nof-16\">\u2013 Edellisen raskauden aikana olit niin hormonihuuruissa, ett\u00e4 m\u00e4 vietin tallissa kyll\u00e4 tosi paljon aikaa. Silloin tulee tehty\u00e4 asioita. Silloin m\u00e4 olen my\u00f6s saanut el\u00e4m\u00e4ni parasta seksi\u00e4, Aki kehaisee.<\/p>\n","protected":false},"excerpt":{"rendered":"Mannisten podcastin tuoreessa jaksossa puhutaan perheenlis\u00e4yksest\u00e4. Aki ja Rita Mannisen Sillai kai -podcastin tuoreessa Vauva vai vapaus? -nimisess\u00e4&hellip;\n","protected":false},"author":2,"featured_media":142724,"comment_status":"","ping_status":"","sticky":false,"template":"","format":"standard","meta":{"footnotes":""},"categories":[136],"tags":[407,137,33,31,30,34,408,32,109],"class_list":{"0":"post-142723","1":"post","2":"type-post","3":"status-publish","4":"format-standard","5":"has-post-thumbnail","7":"category-julkkikset","8":"tag-celebrities","9":"tag-entertainment","10":"tag-fi","11":"tag-finland","12":"tag-finnish","13":"tag-ilta-sanomat","14":"tag-julkkikset","15":"tag-suomi","16":"tag-viihde"},"share_on_mastodon":{"url":"https:\/\/pubeurope.com\/@fi\/115897565349528107","error":""},"_links":{"self":[{"href":"https:\/\/www.europesays.com\/fi\/wp-json\/wp\/v2\/posts\/142723","targetHints":{"allow":["GET"]}}],"collection":[{"href":"https:\/\/www.europesays.com\/fi\/wp-json\/wp\/v2\/posts"}],"about":[{"href":"https:\/\/www.europesays.com\/fi\/wp-json\/wp\/v2\/types\/post"}],"author":[{"embeddable":true,"href":"https:\/\/www.europesays.com\/fi\/wp-json\/wp\/v2\/users\/2"}],"replies":[{"embeddable":true,"href":"https:\/\/www.europesays.com\/fi\/wp-json\/wp\/v2\/comments?post=142723"}],"version-history":[{"count":0,"href":"https:\/\/www.europesays.com\/fi\/wp-json\/wp\/v2\/posts\/142723\/revisions"}],"wp:featuredmedia":[{"embeddable":true,"href":"https:\/\/www.europesays.com\/fi\/wp-json\/wp\/v2\/media\/142724"}],"wp:attachment":[{"href":"https:\/\/www.europesays.com\/fi\/wp-json\/wp\/v2\/media?parent=142723"}],"wp:term":[{"taxonomy":"category","embeddable":true,"href":"https:\/\/www.europesays.com\/fi\/wp-json\/wp\/v2\/categories?post=142723"},{"taxonomy":"post_tag","embeddable":true,"href":"https:\/\/www.europesays.com\/fi\/wp-json\/wp\/v2\/tags?post=142723"}],"curies":[{"name":"wp","href":"https:\/\/api.w.org\/{rel}","templated":true}]}}