{"id":142725,"date":"2026-01-15T06:00:08","date_gmt":"2026-01-15T06:00:08","guid":{"rendered":"https:\/\/www.europesays.com\/fi\/142725\/"},"modified":"2026-01-15T06:00:08","modified_gmt":"2026-01-15T06:00:08","slug":"lauri-markkanen-sairastui","status":"publish","type":"post","link":"https:\/\/www.europesays.com\/fi\/142725\/","title":{"rendered":"Lauri Markkanen sairastui"},"content":{"rendered":"<p>Utahin suomalaist\u00e4hti ei p\u00e4\u00e4ssyt kohtaamaan entist\u00e4 joukkuettaan.<\/p>\n<p><img decoding=\"async\" class=\"image image-show image-preview\" src=\"https:\/\/www.europesays.com\/fi\/wp-content\/uploads\/2026\/01\/48a4280a2d84d79b2e332ac2a83372ba6785f44f1b5d13311e76412e4f57fd1e.jpg\" alt=\"\"\/><img decoding=\"async\" class=\"image image-show\" src=\"https:\/\/www.europesays.com\/fi\/wp-content\/uploads\/2026\/01\/1768456808_682_48a4280a2d84d79b2e332ac2a83372ba6785f44f1b5d13311e76412e4f57fd1e.jpg\" alt=\"\"\/><\/p>\n<p>Lauri Markkanen sairastui ennen Chicago-peli\u00e4. AOP \/ USA TODAY SPORTS<\/p>\n<p class=\"paragraph\">Utah Jazz jakoi keskiviikkona nelj\u00e4 tiedotetta <strong>Lauri Markkaseen<\/strong> liittyen.<\/p>\n<p class=\"paragraph\">Ensin joukkue ilmoitti loukkaantumislistan, jossa suomalaista ei ollut.<\/p>\n<p class=\"paragraph\">Hieman my\u00f6hemmin Markkasen osallistuminen Chicago-peliin oli kysymysmerkki. Syyn\u00e4 oli sairastuminen.<\/p>\n<p class=\"paragraph\">Sitten h\u00e4nen pelaamisensa oli ep\u00e4varmaa.<\/p>\n<p class=\"paragraph\">Ja lopuksi tiedotettiin, ett\u00e4 t\u00e4htipelaajalta j\u00e4\u00e4 matsi v\u00e4liin.<\/p>\n<p class=\"paragraph\">Ilman ykk\u00f6st\u00e4hte\u00e4\u00e4n pelannut Utah k\u00e4rsi niukan kahden pisteen tappion United Centeriss\u00e4. Ottelun ykk\u00f6sh\u00e4rk\u00e4 oli Utahin <strong>Brice Sensabaugh<\/strong>, joka rohmusi 43 pistett\u00e4.<\/p>\n<p class=\"paragraph\">Utah jatkaa l\u00e4ntisess\u00e4 konferenssissa sijalla 13\/15. Chicago on id\u00e4ss\u00e4 kymmenenten\u00e4.<\/p>\n<p class=\"paragraph\">Utahin pelit jatkuvat jo ensi y\u00f6n\u00e4, kun joukkue kohtaa Dallas Mavericksin vieraissa.<\/p>\n","protected":false},"excerpt":{"rendered":"Utahin suomalaist\u00e4hti ei p\u00e4\u00e4ssyt kohtaamaan entist\u00e4 joukkuettaan. Lauri Markkanen sairastui ennen Chicago-peli\u00e4. AOP \/ USA TODAY SPORTS Utah&hellip;\n","protected":false},"author":2,"featured_media":142726,"comment_status":"","ping_status":"","sticky":false,"template":"","format":"standard","meta":{"footnotes":""},"categories":[158],"tags":[35,722,1274,33,31,30,41,159,32,160,161,1638],"class_list":{"0":"post-142725","1":"post","2":"type-post","3":"status-publish","4":"format-standard","5":"has-post-thumbnail","7":"category-urheilu","8":"tag-24h","9":"tag-amerikka","10":"tag-ammattiurheilu","11":"tag-fi","12":"tag-finland","13":"tag-finnish","14":"tag-liikunta-ja-urheilu","15":"tag-sports","16":"tag-suomi","17":"tag-urheilu","18":"tag-urheilutapahtumat","19":"tag-yhdysvaltojen-osavaltiot"},"share_on_mastodon":{"url":"https:\/\/pubeurope.com\/@fi\/115897592946013141","error":""},"_links":{"self":[{"href":"https:\/\/www.europesays.com\/fi\/wp-json\/wp\/v2\/posts\/142725","targetHints":{"allow":["GET"]}}],"collection":[{"href":"https:\/\/www.europesays.com\/fi\/wp-json\/wp\/v2\/posts"}],"about":[{"href":"https:\/\/www.europesays.com\/fi\/wp-json\/wp\/v2\/types\/post"}],"author":[{"embeddable":true,"href":"https:\/\/www.europesays.com\/fi\/wp-json\/wp\/v2\/users\/2"}],"replies":[{"embeddable":true,"href":"https:\/\/www.europesays.com\/fi\/wp-json\/wp\/v2\/comments?post=142725"}],"version-history":[{"count":0,"href":"https:\/\/www.europesays.com\/fi\/wp-json\/wp\/v2\/posts\/142725\/revisions"}],"wp:featuredmedia":[{"embeddable":true,"href":"https:\/\/www.europesays.com\/fi\/wp-json\/wp\/v2\/media\/142726"}],"wp:attachment":[{"href":"https:\/\/www.europesays.com\/fi\/wp-json\/wp\/v2\/media?parent=142725"}],"wp:term":[{"taxonomy":"category","embeddable":true,"href":"https:\/\/www.europesays.com\/fi\/wp-json\/wp\/v2\/categories?post=142725"},{"taxonomy":"post_tag","embeddable":true,"href":"https:\/\/www.europesays.com\/fi\/wp-json\/wp\/v2\/tags?post=142725"}],"curies":[{"name":"wp","href":"https:\/\/api.w.org\/{rel}","templated":true}]}}