{"id":142727,"date":"2026-01-15T06:01:15","date_gmt":"2026-01-15T06:01:15","guid":{"rendered":"https:\/\/www.europesays.com\/fi\/142727\/"},"modified":"2026-01-15T06:01:15","modified_gmt":"2026-01-15T06:01:15","slug":"stranger-thingsin-viimeisen-jakson-isoin-aivopieru-oli-koko-ajan-tekijoiden-tiedossa-hullua-jos-siella-ei-ole-mitaan-muropaketti-com","status":"publish","type":"post","link":"https:\/\/www.europesays.com\/fi\/142727\/","title":{"rendered":"Stranger Thingsin viimeisen jakson isoin aivopieru oli koko ajan tekij\u00f6iden tiedossa: \u201cHullua jos siell\u00e4 ei ole mit\u00e4\u00e4n\u201d &#8211; Muropaketti.com"},"content":{"rendered":"<ol>\n<li><a href=\"https:\/\/news.google.com\/rss\/articles\/CBMi-AFBVV95cUxPTlMyZnpOd3M3di1qOUlYWEFPbWFBUkNHdTBMaFVvbmktd2NWb3J6UmlhU1ZYbC02NzQ3UzhmeW01eXg4RVVpNXN2ZDFGTzUzQ3hHbm1xOVE5WUhiZTlyeU5QRHUwQUktdGJTWW9KZ2huUTI0NTljbjNLUUNxUWpxUGdrQzNHdjhrcGhZNHQyd3hELTMtLWdSeGx5TlBGdHhtbnpqS19QYldXZGY0aHI4aF9nQllYYi00LWIyenJwQloxTUMyVlRVZ0xqd1VPWVVhUlowSHZmNDB0NkdpcnJJeFZ6RFRMLWRoNVlRZGluZFdNOUpKS2NLXw?oc=5\" target=\"_blank\" rel=\"nofollow noopener\">Stranger Thingsin viimeisen jakson isoin aivopieru oli koko ajan tekij\u00f6iden tiedossa: \u201cHullua jos siell\u00e4 ei ole mit\u00e4\u00e4n\u201d<\/a>&nbsp;&nbsp;Muropaketti.com<\/li>\n<li><a href=\"https:\/\/news.google.com\/rss\/articles\/CBMi2AFBVV95cUxQOVpjSWhRQ3dBQkNlOFpjYXl1Z0l2Z0ZnNjEwZUJfRGtULUE1UXhJamN4SjFnTlNyQjMzSXRfbHdYZWY4TUFlcXNJNTcydjREVHJKQ0RXczIzZnJ2U0JEZzV4SXRkYTZkVklNU01DSUZscnlxcjduWnBXTnBsOWhMUTFYckV0c1NvWURiejlVSFJjUlh0NDBRZjhBWXhJU19LN19nTFcyMUhVZ05zSXdROVdiVVc3YUNRSWw3ek9GT1oxajBBTXBYZ3ZIX2RJam9uWm9xQ2FTWTE?oc=5\" target=\"_blank\" rel=\"nofollow noopener\">Stranger Thingsin lopputaistelu &#8221;korjattiin&#8221; teko\u00e4lyll\u00e4 &#8211; lopputuloksesta voi olla montaa mielt\u00e4<\/a>&nbsp;&nbsp;Muropaketti.com<\/li>\n<li><a href=\"https:\/\/news.google.com\/rss\/articles\/CBMiqgFBVV95cUxQM0NKbHNxSkZ3RGs3b0JsbC00RVJnT2MyLWJCcUppQTFsb3BMck1KcTJCdGpWdF9YbGZJUk1OUTN0R1doX2JvZDBGMVduV1VjbHpRWl85ZEFsMnBkeTVBX0hhMWtDam9iZGRrbkNhaEhwOEJIWEVrbnpnRTV1N25JbW5Cc0I4c0hBazI4enpMSDIyV2hnbF9tNXJaa3lDMS0tMWZ1Smlud0ljZw?oc=5\" target=\"_blank\" rel=\"nofollow noopener\">Netflix-dokumentti paljastaa miksi Stranger Thingsin loppu meni &#8221;pl\u00f6rin\u00e4ksi&#8221;<\/a>&nbsp;&nbsp;Episodi<\/li>\n<li><a href=\"https:\/\/news.google.com\/rss\/articles\/CBMiWkFVX3lxTE81RXNZRWZwOW5zOEZkdkwtMzlHbHpiSEZZUWNPcmI5TXk1Y29zc0RJX0hwbUNYb0Nxbkh1Y3ZBc3NOaC03U0ZPbTZFNkEtdk1qNlpMdnBlWGZldw?oc=5\" target=\"_blank\" rel=\"nofollow noopener\">Kommentti | Viisi kautta jatkunut Stranger Things p\u00e4\u00e4ttyi pettymykseen<\/a>&nbsp;&nbsp;HS.fi<\/li>\n<li><a href=\"https:\/\/news.google.com\/rss\/articles\/CBMiX0FVX3lxTE00QUsyYzZLUHd5Sld6THk0SV9BS2JMN09HQjBGUlpRV0RPczZKdkV4TExZYzVTdjkxc0xxaENkUUV5RG8xTWsycEF0R2JRZkFxNHd0MDIwYkJUa3A1ZGcw?oc=5\" target=\"_blank\" rel=\"nofollow noopener\">Hurja teoria alkoi kiert\u00e4\u00e4 Stranger Thingsista \u2013 n\u00e4in k\u00e4vi<\/a>&nbsp;&nbsp;Ilta-Sanomat<\/li>\n<\/ol>\n","protected":false},"excerpt":{"rendered":"Stranger Thingsin viimeisen jakson isoin aivopieru oli koko ajan tekij\u00f6iden tiedossa: \u201cHullua jos siell\u00e4 ei ole mit\u00e4\u00e4n\u201d&nbsp;&nbsp;Muropaketti.com Stranger&hellip;\n","protected":false},"author":2,"featured_media":194,"comment_status":"","ping_status":"","sticky":false,"template":"","format":"standard","meta":{"footnotes":""},"categories":[130],"tags":[137,33,31,30,32,109],"class_list":{"0":"post-142727","1":"post","2":"type-post","3":"status-publish","4":"format-standard","5":"has-post-thumbnail","7":"category-viihde","8":"tag-entertainment","9":"tag-fi","10":"tag-finland","11":"tag-finnish","12":"tag-suomi","13":"tag-viihde"},"share_on_mastodon":{"url":"https:\/\/pubeurope.com\/@fi\/115897596777643405","error":""},"_links":{"self":[{"href":"https:\/\/www.europesays.com\/fi\/wp-json\/wp\/v2\/posts\/142727","targetHints":{"allow":["GET"]}}],"collection":[{"href":"https:\/\/www.europesays.com\/fi\/wp-json\/wp\/v2\/posts"}],"about":[{"href":"https:\/\/www.europesays.com\/fi\/wp-json\/wp\/v2\/types\/post"}],"author":[{"embeddable":true,"href":"https:\/\/www.europesays.com\/fi\/wp-json\/wp\/v2\/users\/2"}],"replies":[{"embeddable":true,"href":"https:\/\/www.europesays.com\/fi\/wp-json\/wp\/v2\/comments?post=142727"}],"version-history":[{"count":0,"href":"https:\/\/www.europesays.com\/fi\/wp-json\/wp\/v2\/posts\/142727\/revisions"}],"wp:featuredmedia":[{"embeddable":true,"href":"https:\/\/www.europesays.com\/fi\/wp-json\/wp\/v2\/media\/194"}],"wp:attachment":[{"href":"https:\/\/www.europesays.com\/fi\/wp-json\/wp\/v2\/media?parent=142727"}],"wp:term":[{"taxonomy":"category","embeddable":true,"href":"https:\/\/www.europesays.com\/fi\/wp-json\/wp\/v2\/categories?post=142727"},{"taxonomy":"post_tag","embeddable":true,"href":"https:\/\/www.europesays.com\/fi\/wp-json\/wp\/v2\/tags?post=142727"}],"curies":[{"name":"wp","href":"https:\/\/api.w.org\/{rel}","templated":true}]}}