{"id":142730,"date":"2026-01-15T06:05:07","date_gmt":"2026-01-15T06:05:07","guid":{"rendered":"https:\/\/www.europesays.com\/fi\/142730\/"},"modified":"2026-01-15T06:05:07","modified_gmt":"2026-01-15T06:05:07","slug":"odotettu-gronlanti-kokous-paattyi-pattitilanteeseen-silti-se-oli-tanskalle-helpotus","status":"publish","type":"post","link":"https:\/\/www.europesays.com\/fi\/142730\/","title":{"rendered":"Odotettu Gr\u00f6nlanti-kokous p\u00e4\u00e4ttyi pattitilanteeseen \u2013 Silti se oli Tanskalle helpotus"},"content":{"rendered":"<p>Kommentti|Keskiviikon Gr\u00f6nlanti-kokouksessa t\u00e4rkeint\u00e4 oli, ett\u00e4 tapaaminen ylip\u00e4\u00e4t\u00e4\u00e4n tapahtui, kirjoittaa HS:n Pohjoismaiden-kirjeenvaihtaja Aino Vasankari.<\/p>\n<p>Lue tiivistelm\u00e4<\/p>\n<p class=\"article-body mb-nof-24 px-nof-16 sndp-summary-bullet-point-font\">Yhdysvaltojen, Tanskan ja Gr\u00f6nlannin ulkoministerit tapasivat keskiviikkona, mutta eiv\u00e4t p\u00e4\u00e4sseet sopuun Gr\u00f6nlannin tulevaisuudesta.<\/p>\n<p class=\"article-body mb-nof-24 px-nof-16 sndp-summary-bullet-point-font\">Presidentti Donald Trump vaatii Gr\u00f6nlantia Yhdysvalloille turvallisuussyist\u00e4, mutta Tanska pysyy kannassaan, ett\u00e4 kuningaskunnan rajoja on kunnioitettava.<\/p>\n<p class=\"article-body mb-nof-24 px-nof-16 sndp-summary-bullet-point-font\">Tanskalaismediassa tapaamista pidettiin onnistuneena, koska se ylip\u00e4\u00e4t\u00e4\u00e4n toteutui ja p\u00e4\u00e4ttyi ilman julkista riitaa.<\/p>\n<p class=\"article-body mb-nof-24 px-nof-16 sndp-summary-bullet-point-font\">Tilanne pysyy ratkaisemattomana, ja ty\u00f6ryhm\u00e4n on m\u00e4\u00e4r\u00e4 jatkaa neuvotteluita.<\/p>\n<p class=\"article-body mb-nof-24 px-nof-16\">Yhdysvaltojen, Tanskan ja Gr\u00f6nlannin ulkoministereiden kokouksen j\u00e4lkikommentit eiv\u00e4t her\u00e4t\u00e4 toivoa tilanteen ratkeamisesta.<\/p>\n<p class=\"article-body mb-nof-24 px-nof-16\">Yhdysvaltojen kantaa ei pystytty muuttamaan. My\u00f6s Tanska pysyi j\u00e4rkkym\u00e4tt\u00f6m\u00e4n\u00e4: Yhdysvallat voi tehd\u00e4 Gr\u00f6nlannin turvallisuuden parantamiseksi kaiken haluamansa, kunhan Tanskan kuningaskunnan rajoja kunnioitetaan. Kotiin viemiseksi j\u00e4i ty\u00f6ryhm\u00e4, jonka on tarkoitus jatkaa neuvotteluita.<\/p>\n<p class=\"article-body mb-nof-24 px-nof-16\">Tanskan ulkoministeri <a class=\"font-bold underline-offset-[0.12em] [text-decoration:var(--person-link-text-decoration)] ![text-decoration-color:var(--person-link-text-decoration-color)]\" href=\"https:\/\/www.hs.fi\/haku\/?query=Lars%20L%C3%B8kke%20Rasmussen\" rel=\"nofollow noopener\" target=\"_blank\">Lars L\u00f8kke Rasmussen<\/a> totesi lehdist\u00f6tilaisuudessa Yhdysvaltojen ja Tanskan olevan yht\u00e4 mielt\u00e4 siit\u00e4, ett\u00e4 Gr\u00f6nlanti-kysymyksest\u00e4 ollaan perustavalla tasolla eri mielt\u00e4.<\/p>\n<p class=\"article-body mb-nof-24 px-nof-16\">Presidentti <a class=\"font-bold underline-offset-[0.12em] [text-decoration:var(--person-link-text-decoration)] ![text-decoration-color:var(--person-link-text-decoration-color)]\" href=\"https:\/\/www.hs.fi\/haku\/?query=Donald%20Trump\" rel=\"nofollow noopener\" target=\"_blank\">Donald Trump<\/a> toisti my\u00f6hemmin omassa tiedotustilaisuudessaan kantansa siit\u00e4, ett\u00e4 Yhdysvallat tarvitsee Gr\u00f6nlannin. Trumpin mukaan Yhdysvallat ei voi luottaa siihen, ett\u00e4 Tanska pystyisi tarvittaessa puolustamaan Gr\u00f6nlantia Kiinan ja Ven\u00e4j\u00e4n pyrkimyksilt\u00e4. Trump kuitenkin uskoo, ett\u00e4 \u201djotain keksit\u00e4\u00e4n\u201d.<\/p>\n<p class=\"article-body mb-nof-24 px-nof-16\">Trumpin hallinnon kannan paljasti jo heti tapaamisen p\u00e4\u00e4ttyess\u00e4 julkaistu kuva koiravaljakosta, jonka on valittava tie, joka johtaa aurinkoiselle Valkoiselle talolle tai tie, joka vie synkkiin ja myrskyisiin Kiinaan ja Ven\u00e4j\u00e4\u00e4n. Kuvassa Gr\u00f6nlannille esitet\u00e4\u00e4n kysymys \u201dkumpaan suuntaan?\u201d.<\/p>\n<p class=\"article-body mb-nof-24 px-nof-16\">Tanskalaismediassa tapaaminen julistettiin kuitenkin onnistuneeksi. On nimitt\u00e4in voitto jo itsess\u00e4\u00e4n, ett\u00e4 tapaaminen Yhdysvaltain varapresidentin <a class=\"font-bold underline-offset-[0.12em] [text-decoration:var(--person-link-text-decoration)] ![text-decoration-color:var(--person-link-text-decoration-color)]\" href=\"https:\/\/www.hs.fi\/haku\/?query=J.D.%20Vancen\" rel=\"nofollow noopener\" target=\"_blank\">J.D. Vancen<\/a> ja ulkoministeri <a class=\"font-bold underline-offset-[0.12em] [text-decoration:var(--person-link-text-decoration)] ![text-decoration-color:var(--person-link-text-decoration-color)]\" href=\"https:\/\/www.hs.fi\/haku\/?query=Marco%20Rubion\" rel=\"nofollow noopener\" target=\"_blank\">Marco Rubion<\/a> kanssa ylip\u00e4\u00e4t\u00e4\u00e4n toteutui.<\/p>\n<p class=\"article-body mb-nof-24 px-nof-16\">Tanska on pyrkinyt viem\u00e4\u00e4n keskustelua sosiaalisen median t\u00f6r\u00e4hdyksist\u00e4 kohti perinteisempi\u00e4 diplomatian keinoja viime vuoden tammikuusta l\u00e4htien. Gr\u00f6nlannin ulkoministeri<a class=\"font-bold underline-offset-[0.12em] [text-decoration:var(--person-link-text-decoration)] ![text-decoration-color:var(--person-link-text-decoration-color)]\" href=\"https:\/\/www.hs.fi\/haku\/?query=%20Vivian%20Motzfeldt\" rel=\"nofollow noopener\" target=\"_blank\"> Vivian Motzfeldt <\/a>on aiemmin kertonut Gr\u00f6nlannin ja Tanskan pyyt\u00e4neen tapaamista Rubion kanssa jo viime vuonna, tuloksetta.<\/p>\n<p class=\"article-body mb-nof-24 px-nof-16\">Onnistumisena voidaan pit\u00e4\u00e4 my\u00f6s tapaamisen kestoa ja sit\u00e4, ettei kukaan lent\u00e4nyt pihalle tai joutunut julkisen n\u00f6yryytyksen kohteeksi. Pelkona kai oli, ett\u00e4 delegaatiolle k\u00e4y kuten Ukrainan presidentti <a class=\"font-bold underline-offset-[0.12em] [text-decoration:var(--person-link-text-decoration)] ![text-decoration-color:var(--person-link-text-decoration-color)]\" href=\"https:\/\/www.hs.fi\/haku\/?query=Volodymyr%20Zelenskyille\" rel=\"nofollow noopener\" target=\"_blank\">Volodymyr Zelenskyille<\/a>. Zelenskyin<a class=\"underline underline-offset-[0.12em] [text-decoration-thickness:var(--generic-link-underline-thickness)] [text-decoration-color:var(--generic-link-underline-color)] [text-decoration-skip-ink:var(--generic-link-underline-skip-ink)] break-words\" href=\"https:\/\/www.hs.fi\/maailma\/art-2000011067703.html\" rel=\"nofollow noopener\" target=\"_blank\"> vierailu<\/a> Valkoisessa talossa viime helmikuussa yltyi ilmiriidaksi ja p\u00e4\u00e4ttyi ennen aikojaan.<\/p>\n<p class=\"article-body mb-nof-24 px-nof-16\">Vaikka Tanskan johto huokaiseekin t\u00e4lt\u00e4 er\u00e4\u00e4 helpotuksesta, ei ongelma ole poistunut p\u00f6yd\u00e4lt\u00e4. Eik\u00e4 ratkaisu vaikuttaisi olevan l\u00e4hemp\u00e4n\u00e4 kuin ennen tapaamista.<\/p>\n<p class=\"article-body mb-nof-24 px-nof-16\">On ep\u00e4selv\u00e4\u00e4, kuinka pattitilanteesta ylip\u00e4\u00e4t\u00e4\u00e4n p\u00e4\u00e4st\u00e4\u00e4n eteenp\u00e4in. Tanskan kumppanit ilmaisivat tapaamisen aikana tukensa ilmoittamalla Gr\u00f6nlantiin l\u00e4hetett\u00e4vist\u00e4 joukoista. Ele oli l\u00e4hinn\u00e4 symbolinen, sill\u00e4 kyse on vain muutamista hassuista sotilaista, jotka tuskin riitt\u00e4v\u00e4t vastaamaan Trumpin turvallisuushuoliin.<\/p>\n<p class=\"article-body mb-nof-24 px-nof-16\">Lis\u00e4ksi Tanskaa pit\u00e4\u00e4 varpaillaan Yhdysvaltain johdon nopeat liikkeet. Vaikka keskiviikko taputeltiin p\u00e4\u00e4t\u00f6kseen hyv\u00e4ss\u00e4 hengess\u00e4, voi tilanne k\u00e4rjisty\u00e4 hetkess\u00e4 uudelleen.<\/p>\n","protected":false},"excerpt":{"rendered":"Kommentti|Keskiviikon Gr\u00f6nlanti-kokouksessa t\u00e4rkeint\u00e4 oli, ett\u00e4 tapaaminen ylip\u00e4\u00e4t\u00e4\u00e4n tapahtui, kirjoittaa HS:n Pohjoismaiden-kirjeenvaihtaja Aino Vasankari. Lue tiivistelm\u00e4 Yhdysvaltojen, Tanskan ja&hellip;\n","protected":false},"author":2,"featured_media":142731,"comment_status":"","ping_status":"","sticky":false,"template":"","format":"standard","meta":{"footnotes":""},"categories":[14],"tags":[22,23,26,27,33,31,30,17,46,24,25,28,29,15,18,21,32,19,20,56,16,59,60,61],"class_list":{"0":"post-142730","1":"post","2":"type-post","3":"status-publish","4":"format-standard","5":"has-post-thumbnail","7":"category-ulkomaat","8":"tag-breaking-news","9":"tag-breakingnews","10":"tag-featured-news","11":"tag-featurednews","12":"tag-fi","13":"tag-finland","14":"tag-finnish","15":"tag-headlines","16":"tag-helsingin-sanomat","17":"tag-latest-news","18":"tag-latestnews","19":"tag-main-news","20":"tag-mainnews","21":"tag-news","22":"tag-otsikot","23":"tag-paauutiset","24":"tag-suomi","25":"tag-top-stories","26":"tag-topstories","27":"tag-ulkomaat","28":"tag-uutiset","29":"tag-world","30":"tag-world-news","31":"tag-worldnews"},"share_on_mastodon":{"url":"https:\/\/pubeurope.com\/@fi\/115897612744934394","error":""},"_links":{"self":[{"href":"https:\/\/www.europesays.com\/fi\/wp-json\/wp\/v2\/posts\/142730","targetHints":{"allow":["GET"]}}],"collection":[{"href":"https:\/\/www.europesays.com\/fi\/wp-json\/wp\/v2\/posts"}],"about":[{"href":"https:\/\/www.europesays.com\/fi\/wp-json\/wp\/v2\/types\/post"}],"author":[{"embeddable":true,"href":"https:\/\/www.europesays.com\/fi\/wp-json\/wp\/v2\/users\/2"}],"replies":[{"embeddable":true,"href":"https:\/\/www.europesays.com\/fi\/wp-json\/wp\/v2\/comments?post=142730"}],"version-history":[{"count":0,"href":"https:\/\/www.europesays.com\/fi\/wp-json\/wp\/v2\/posts\/142730\/revisions"}],"wp:featuredmedia":[{"embeddable":true,"href":"https:\/\/www.europesays.com\/fi\/wp-json\/wp\/v2\/media\/142731"}],"wp:attachment":[{"href":"https:\/\/www.europesays.com\/fi\/wp-json\/wp\/v2\/media?parent=142730"}],"wp:term":[{"taxonomy":"category","embeddable":true,"href":"https:\/\/www.europesays.com\/fi\/wp-json\/wp\/v2\/categories?post=142730"},{"taxonomy":"post_tag","embeddable":true,"href":"https:\/\/www.europesays.com\/fi\/wp-json\/wp\/v2\/tags?post=142730"}],"curies":[{"name":"wp","href":"https:\/\/api.w.org\/{rel}","templated":true}]}}