{"id":142732,"date":"2026-01-15T06:06:08","date_gmt":"2026-01-15T06:06:08","guid":{"rendered":"https:\/\/www.europesays.com\/fi\/142732\/"},"modified":"2026-01-15T06:06:08","modified_gmt":"2026-01-15T06:06:08","slug":"kirkkonummen-masalaan-kolme-uutta-valkky-suojatievaroitinta-kirkkonummi","status":"publish","type":"post","link":"https:\/\/www.europesays.com\/fi\/142732\/","title":{"rendered":"Kirkkonummen\u00a0Masalaan\u00a0kolme uutta V\u00e4lkky-suojatievaroitinta\u00a0 &#8211; Kirkkonummi"},"content":{"rendered":"<p><strong>Masalantien\u00a0kiertoliittym\u00e4\u00e4n on asennettu joulun v\u00e4lip\u00e4ivin\u00e4 kolme uutta V\u00e4lkky-suojatievaroitinta\u00a0Nissnikun\u00a0koulun v\u00e4ist\u00f6tilojen ajaksi.\u00a0Laitteet\u00a0ovat\u00a0sijoitettu\u00a0Sundsbergintielle\u00a0sek\u00e4\u00a0Masalantien\u00a0molemmille puolille\u00a0Nissnikun\u00a0koulun ja rakenteilla olevan\u00a0Nissnikun\u00a0monitoimijatalon l\u00e4heisyyteen.<\/strong>\u00a0<\/p>\n<p>Masalantien\u00a0kiertoliittym\u00e4ss\u00e4 koululaiset ylitt\u00e4v\u00e4t tien useita kertoja p\u00e4iv\u00e4n aikana siirtyess\u00e4\u00e4n tilap\u00e4isist\u00e4 koulurakennuksista ruokailemaan\u00a0ja liikuntatunneille. Uusilla V\u00e4lkyill\u00e4 kunta tehostaa suojateiden havaittavuutta vilkkaassa ymp\u00e4rist\u00f6ss\u00e4, jossa sek\u00e4 ajoneuvo- ett\u00e4 jalankulkijavirrat kohtaavat erityisesti aamu- ja iltap\u00e4iv\u00e4ruuhkissa.\u00a0Suojatievaroittimet\u00a0on\u00a0sijoitettu kyseiseen risteykseen\u00a0tilap\u00e4isesti ainakin\u00a0Nissnikun\u00a0monitoimijatalon\u00a0rakentamisen ajaksi, vuoteen 2028 asti.\u00a0\u00a0<\/p>\n<p>V\u00e4lkyt kiinnitt\u00e4v\u00e4t huomion vilkkaissa tienylityksiss\u00e4\u00a0<\/p>\n<p>Nissnikun\u00a0koulun tilalle rakennetaan uusi monitoimijatalo, jossa koulu tulee toimimaan. Oppilaat liikkuvat p\u00e4ivitt\u00e4in rakennusten v\u00e4lill\u00e4, ja\u00a0Masalantien\u00a0ylityksi\u00e4 kertyy useita esimerkiksi ruokailun ja liikunnan vuoksi. V\u00e4lkky-varoittimet lis\u00e4\u00e4v\u00e4t havaittavuutta juuri t\u00e4llaisissa paikoissa, joissa huomiota tarvitaan eniten.\u00a0<\/p>\n<p>Kirkkonummen kunnan liikennesuunnittelija\u00a0<strong>Marko Suni<\/strong>\u00a0kuvaa ratkaisun taustaa:\u00a0\u00a0<\/p>\n<p>\u2013\u00a0Masalantien\u00a0kiertoliittym\u00e4ss\u00e4 liikenne on vilkasta ja tienylityksi\u00e4 tapahtuu pitkin koulup\u00e4iv\u00e4\u00e4. V\u00e4lkky-suojatievaroittimet\u00a0auttavat kuljettajia huomaamaan jalankulkijat ajoissa ja tekev\u00e4t arjesta turvallisempaa koulun ymp\u00e4rist\u00f6ss\u00e4.\u00a0<\/p>\n<p>Liikenneturvan jalankulkijoita koskevan tilaston mukaan loukkaantumisista\u00a0<a href=\"https:\/\/www.liikenneturva.fi\/tutkimukset\/jalankulkijoiden-henkilovahingot-tieliikenteessa\/\" target=\"_blank\" rel=\"noreferrer noopener nofollow\">yli puolet tapahtuu suojatiell\u00e4<\/a>. Sama havainto n\u00e4kyy my\u00f6s lasten osalta.\u00a0Sama n\u00e4kyy lasten tilastoissa:\u00a0<a href=\"https:\/\/www.liikenneturva.fi\/tutkimukset\/lasten-henkilovahingot-tieliikenteessa\/\" target=\"_blank\" rel=\"noreferrer noopener nofollow\">loukkaantumisista yli puolet tapahtuu suojatiell\u00e4 vuosina 2022\u20132024<\/a>.\u00a0\u00a0<\/p>\n<p>Miten V\u00e4lkky toimii\u00a0<\/p>\n<p>V\u00e4lkky tunnistaa suojatiealueelle tulevan jalankulkijan tai py\u00f6r\u00e4ilij\u00e4n ja k\u00e4ynnist\u00e4\u00e4 vilkutuksen autoilijoille. Laite toimii ymp\u00e4ri vuorokauden ja vilkutus n\u00e4kyy my\u00f6s p\u00e4iv\u00e4saikaan, jolloin kulkijoita on yleens\u00e4 enemm\u00e4n. V\u00e4lkky on kotimainen innovaatio, ja sen on todettu hillitsev\u00e4n ajonopeuksia suojateiden l\u00e4heisyydess\u00e4.\u00a0<\/p>\n<p>Masalan\u00a0alue kehittyy monitoimijatalon my\u00f6t\u00e4\u00a0<\/p>\n<p>Nissnikun\u00a0monitoimijatalo toteutetaan elinkaarihankkeena. Rakennus kokoaa\u00a0Masalan\u00a0alueen keskeisi\u00e4 oppimisen ja vapaa-ajan palveluja saman katon alle, ja ty\u00f6maa etenee vaiheittain. Hankkeen laajuus on noin 9\u202f500 bruttoneli\u00f6metri\u00e4.\u00a0\u00a0<\/p>\n<p>Suni\u00a0muistuttaa my\u00f6s kuljettajien vastuusta.\u00a0\u00a0<\/p>\n<p>\u2013\u00a0Turvallinen koulutie syntyy ennen kaikkea ennakoinnista. Kun nopeudet pidet\u00e4\u00e4n olosuhteisiin sopivina ja suojaties\u00e4\u00e4nt\u00f6j\u00e4 noudatetaan, V\u00e4lkky-suojatievaroittimista\u00a0saadaan\u00a0suurin hy\u00f6ty.\u00a0\u00a0<\/p>\n<p>Lis\u00e4tiedot\u00a0\u00a0<\/p>\n<p><strong>Marko Suni<\/strong> <br \/>Liikennesuunnittelija, Kirkkonummen kunta\u00a0\u00a0<\/p>\n<p><a href=\"https:\/\/kirkkonummi.fi\/kirkkonummen-masalaan-kolme-uutta-valkky-suojatievaroitinta\/mailto:marko.suni@kirkkonummi.fi\" target=\"_blank\" rel=\"noreferrer noopener nofollow\">marko.suni@kirkkonummi.fi<\/a>\u00a0<\/p>\n<p>Lue lis\u00e4\u00e4\u00a0aiemmin asennetuista V\u00e4lkky-suojatievaroittimista:\u00a0<\/p>\n<p><a href=\"https:\/\/kirkkonummi.fi\/lahitapiola-lahjoittaa-valkky-suojatievaroittimia-kirkkonummelle\/\" target=\"_blank\" rel=\"noreferrer noopener nofollow\">L\u00e4hiTapiola lahjoittaa V\u00e4lkky-suojatievaroittimia Kirkkonummelle (29.10.2024)<\/a>\u00a0<\/p>\n<p><a href=\"https:\/\/kirkkonummi.fi\/lahitapiolan-lahjoittamia-valkky-suojatievaroittimia-asennettu-nyt-myos-kartanonrantaan-ja-kantvikiin\/\" target=\"_blank\" rel=\"noreferrer noopener nofollow\">L\u00e4hiTapiolan lahjoittamia V\u00e4lkky-suojatievaroittimia asennettu Kartanonrantaan ja\u00a0Kantvikiin\u00a0(19.12.2024)<\/a>\u00a0<\/p>\n<p>\n\tAiheeseen liittyy<\/p>\n","protected":false},"excerpt":{"rendered":"Masalantien\u00a0kiertoliittym\u00e4\u00e4n on asennettu joulun v\u00e4lip\u00e4ivin\u00e4 kolme uutta V\u00e4lkky-suojatievaroitinta\u00a0Nissnikun\u00a0koulun v\u00e4ist\u00f6tilojen ajaksi.\u00a0Laitteet\u00a0ovat\u00a0sijoitettu\u00a0Sundsbergintielle\u00a0sek\u00e4\u00a0Masalantien\u00a0molemmille puolille\u00a0Nissnikun\u00a0koulun ja rakenteilla olevan\u00a0Nissnikun\u00a0monitoimijatalon l\u00e4heisyyteen.\u00a0 Masalantien\u00a0kiertoliittym\u00e4ss\u00e4 koululaiset ylitt\u00e4v\u00e4t&hellip;\n","protected":false},"author":2,"featured_media":142733,"comment_status":"","ping_status":"","sticky":false,"template":"","format":"standard","meta":{"footnotes":""},"categories":[12],"tags":[22,23,26,27,33,31,30,17,24,25,28,29,15,18,21,32,19,20,16],"class_list":{"0":"post-142732","1":"post","2":"type-post","3":"status-publish","4":"format-standard","5":"has-post-thumbnail","7":"category-suomi","8":"tag-breaking-news","9":"tag-breakingnews","10":"tag-featured-news","11":"tag-featurednews","12":"tag-fi","13":"tag-finland","14":"tag-finnish","15":"tag-headlines","16":"tag-latest-news","17":"tag-latestnews","18":"tag-main-news","19":"tag-mainnews","20":"tag-news","21":"tag-otsikot","22":"tag-paauutiset","23":"tag-suomi","24":"tag-top-stories","25":"tag-topstories","26":"tag-uutiset"},"share_on_mastodon":{"url":"https:\/\/pubeurope.com\/@fi\/115897616648714073","error":""},"_links":{"self":[{"href":"https:\/\/www.europesays.com\/fi\/wp-json\/wp\/v2\/posts\/142732","targetHints":{"allow":["GET"]}}],"collection":[{"href":"https:\/\/www.europesays.com\/fi\/wp-json\/wp\/v2\/posts"}],"about":[{"href":"https:\/\/www.europesays.com\/fi\/wp-json\/wp\/v2\/types\/post"}],"author":[{"embeddable":true,"href":"https:\/\/www.europesays.com\/fi\/wp-json\/wp\/v2\/users\/2"}],"replies":[{"embeddable":true,"href":"https:\/\/www.europesays.com\/fi\/wp-json\/wp\/v2\/comments?post=142732"}],"version-history":[{"count":0,"href":"https:\/\/www.europesays.com\/fi\/wp-json\/wp\/v2\/posts\/142732\/revisions"}],"wp:featuredmedia":[{"embeddable":true,"href":"https:\/\/www.europesays.com\/fi\/wp-json\/wp\/v2\/media\/142733"}],"wp:attachment":[{"href":"https:\/\/www.europesays.com\/fi\/wp-json\/wp\/v2\/media?parent=142732"}],"wp:term":[{"taxonomy":"category","embeddable":true,"href":"https:\/\/www.europesays.com\/fi\/wp-json\/wp\/v2\/categories?post=142732"},{"taxonomy":"post_tag","embeddable":true,"href":"https:\/\/www.europesays.com\/fi\/wp-json\/wp\/v2\/tags?post=142732"}],"curies":[{"name":"wp","href":"https:\/\/api.w.org\/{rel}","templated":true}]}}