{"id":142734,"date":"2026-01-15T06:07:09","date_gmt":"2026-01-15T06:07:09","guid":{"rendered":"https:\/\/www.europesays.com\/fi\/142734\/"},"modified":"2026-01-15T06:07:09","modified_gmt":"2026-01-15T06:07:09","slug":"katriinan-tyttaren-kaulanauha-varastettiin-uurnaholvista","status":"publish","type":"post","link":"https:\/\/www.europesays.com\/fi\/142734\/","title":{"rendered":"Katriinan tytt\u00e4ren kaulanauha varastettiin uurnaholvista"},"content":{"rendered":"<p>Hautaustoimen p\u00e4\u00e4llikk\u00f6 pit\u00e4\u00e4 ilmi\u00f6t\u00e4 k\u00e4sitt\u00e4m\u00e4tt\u00f6m\u00e4n\u00e4.<\/p>\n<p class=\"article-body mb-nof-24 px-nof-16\">Katriina Huttusen tyt\u00e4r teki itsemurhan 26-vuotiaana.<\/p>\n<p class=\"article-body mb-nof-24 px-nof-16\">Katriina Huttunen vastaa puhelimeen Hietaniemen hautausmaalla. Siell\u00e4 h\u00e4n k\u00e4ynyt joka p\u00e4iv\u00e4 viimeisen kymmenen vuoden ajan.<\/p>\n<p class=\"article-body mb-nof-24 px-nof-16\">Huttusen tyt\u00e4r on haudattu uurnaholviin eli kolumbaarioon. Huttunen on vienyt vuosien aikana hautalaatalle muistoesineit\u00e4.<\/p>\n<p class=\"article-body mb-nof-24 px-nof-16\">Huttunen vei hautalaatalle Murano-lasista k\u00e4sin tehdyn kaulanauhan, jonka \u00e4iti ja tyt\u00e4r ostivat yhdess\u00e4 Amsterdamista. Se varastettiin.<\/p>\n<p class=\"article-body mb-nof-24 px-nof-16\">Kirjailija ja pohjoismaisen kirjallisuuden palkittu suomentaja kirjoitti Ylen Kulttuuricocktailiin varkaudesta esseen.<\/p>\n<p class=\"article-body mb-nof-24 px-nof-16\">\u2013\u2009Sen julkaisun j\u00e4lkeen joku oli palauttanut helminauhan. Se on sen verran arvokas, etten uskalla sit\u00e4 en\u00e4\u00e4 sinne vied\u00e4.<\/p>\n<p><img decoding=\"async\" src=\"https:\/\/www.europesays.com\/fi\/wp-content\/uploads\/2026\/01\/1768457228_725_468.jpg\" alt=\"Murano-lasista tehty, 120 cm pitk\u00e4 helminauha varastettiin ja palautettiin.\" class=\"_Img_1rerz_1\" style=\"aspect-ratio:0.75\" loading=\"eager\"\/><\/p>\n<p class=\"article-picture-caption\">Murano-lasista tehty, 120 cm pitk\u00e4 helminauha varastettiin ja palautettiin. Kuva:\u00a0Lukijan kuva<\/p>\n<p><img decoding=\"async\" src=\"https:\/\/www.europesays.com\/fi\/wp-content\/uploads\/2026\/01\/1768457229_819_468.jpg\" alt=\"Tytt\u00e4ren hautalaattaa koristavat nyt n\u00e4m\u00e4 muistoesineet. Tytt\u00e4ren nimi ja syntym\u00e4aika piilotettu Ilta-Sanomien toimituksessa.\" class=\"_Img_1rerz_1\" style=\"aspect-ratio:1.4264487369985142\" loading=\"eager\"\/><\/p>\n<p class=\"article-picture-caption\">Tytt\u00e4ren hautalaattaa koristavat nyt n\u00e4m\u00e4 muistoesineet. Tytt\u00e4ren nimi ja syntym\u00e4aika piilotettu Ilta-Sanomien toimituksessa. Kuva:\u00a0Lukijan kuva<\/p>\n<p class=\"article-body mb-nof-24 px-nof-16\">My\u00f6s toinen helminauha vietiin, eik\u00e4 sit\u00e4 t\u00e4ll\u00e4 kertaa saatu takaisin. My\u00f6s sill\u00e4 oli valtava tunnearvo. Se oli tehty korupajassa tytt\u00e4ren j\u00e4\u00e4mist\u00f6st\u00e4 l\u00f6ytyneist\u00e4 rikkin\u00e4isist\u00e4 koruista.<\/p>\n<p class=\"article-body mb-nof-24 px-nof-16\">Lis\u00e4ksi ikkunalta on viety marokkolainen hautalyhty.<\/p>\n<p class=\"article-body mb-nof-24 px-nof-16\">\u2013\u2009Sen takia minulla on kotona halvempia varalyhtyj\u00e4. Olen kirjoittanut niihin tussilla tytt\u00e4reni nimen kylkeen \u2013 niin ainakin se joka vie sen tiet\u00e4\u00e4, ett\u00e4 se on toisen ihmisen.<\/p>\n<p class=\"article-body mb-nof-24 px-nof-16\">Huttunen ihmettelee, ett\u00e4 jonkun on todella t\u00e4ytynyt n\u00e4hd\u00e4 vaivaa varkauksien eteen. Hautalaatta on sis\u00e4tiloissa, uurnaholvin perukoilla. Holvin ovessa on lappu, jossa kerrotaan, ett\u00e4 holvi on rauhoitettu haudoilla k\u00e4vij\u00f6ille.<\/p>\n<blockquote class=\"p-[var(--citation-padding)] m-[var(--citation-margin)] border-y-[length:var(--citation-border-width)] border-y-[color:var(--citation-border-color)]\">\n<p>Tuntuu, ett\u00e4 kaikkien turvallisuudentunne rikkoutuu siit\u00e4.<\/p>\n<\/blockquote>\n<p class=\"article-body mb-nof-24 px-nof-16\">Huttusen mukaan uurnaholvissa on muutenkin esiintynyt ilkivaltaa, varsinkin kes\u00e4ll\u00e4. Hautausmaan vieress\u00e4 sijaitsee suosittu uimaranta, ja uteliaita saapuu katselemaan uurnaholvia.<\/p>\n<p class=\"article-body mb-nof-24 px-nof-16\">\u2013\u2009Nyt t\u00e4\u00e4ll\u00e4 on kameravalvonta. Olen joutunut t\u00e4nne kutsumaan vartiointiliikkeen, kun paikkoja on rikottu.<\/p>\n<p class=\"article-body mb-nof-24 px-nof-16\">Huttunen kertoo, ett\u00e4 ilkivalta ja muistoesineiden vieminen on ottanut koville.<\/p>\n<p class=\"article-body mb-nof-24 px-nof-16\">\u2013\u2009En pid\u00e4 itse\u00e4ni kovin tunteellisena ihmisen\u00e4 ja v\u00e4h\u00e4n yll\u00e4tyin, kuinka kierroksille menin t\u00e4st\u00e4. Tuntuu, ett\u00e4 kaikkien turvallisuudentunne rikkoutuu siit\u00e4. K\u00e4yn t\u00e4\u00e4ll\u00e4 siksikin joka p\u00e4iv\u00e4 katsomassa, ett\u00e4 haudassa on kaikki hyvin, Huttunen sanoo.<\/p>\n<p class=\"article-body mb-nof-24 px-nof-16\">\u2013\u2009Kuolleet ovat kuolleita, joten on omaisten armoilla puolustaa heit\u00e4. Vaikka ei taloudellista tappiota tulisi, niin emotionaalisesti n\u00e4m\u00e4 ovat raskaita menetyksi\u00e4.<\/p>\n<p><img decoding=\"async\" src=\"https:\/\/www.europesays.com\/fi\/wp-content\/uploads\/2026\/01\/1768457229_302_468.jpg\" alt=\"Katriina Huttunen sairastaa kroonista lymfaattista leukemiaa. H\u00e4n kertoi siit\u00e4 IS:ss\u00e4 syksyll\u00e4.\" class=\"_Img_1rerz_1\" style=\"aspect-ratio:1.5\" loading=\"eager\"\/><\/p>\n<p class=\"article-picture-caption\">Katriina Huttunen sairastaa kroonista lymfaattista leukemiaa. H\u00e4n kertoi siit\u00e4 IS:ss\u00e4 syksyll\u00e4. Kuva:\u00a0Paula Kaskimaa \/ IS<\/p>\n<p class=\"article-body mb-nof-24 px-nof-16\">Huttunen on kirjoittanut tytt\u00e4rens\u00e4 kuolemasta kirjan Surun istukka (2019).<\/p>\n<p class=\"article-body mb-nof-24 px-nof-16\">H\u00e4n on puhunut julkisesti omasta parantumattomasta sy\u00f6v\u00e4st\u00e4ns\u00e4.<\/p>\n<p class=\"article-body mb-nof-24 px-nof-16\">\u2013\u2009Toivon, ett\u00e4 uurnani p\u00e4\u00e4see Hietaniemen hautausmaan kolumbaarioon tytt\u00e4reni uurnan viereen. En usko kuolemanj\u00e4lkeiseen el\u00e4m\u00e4\u00e4n, eli en ajattele, ett\u00e4 tapaan tytt\u00e4reni. Min\u00e4 vain lakkaan olemasta, Huttunen kertoi syyskuussa Ilta-Sanomien haastattelussa.<\/p>\n<p class=\"article-body mb-nof-24 px-nof-16\">Lue lis\u00e4\u00e4: <a class=\"underline underline-offset-[0.12em] [text-decoration-thickness:var(--generic-link-underline-thickness)] [text-decoration-color:var(--generic-link-underline-color)] [text-decoration-skip-ink:var(--generic-link-underline-skip-ink)] break-words\" href=\"https:\/\/www.is.fi\/terveys\/art-2000011466511.html\" rel=\"nofollow noopener\" target=\"_blank\">Katriina kuolee pian \u2013 t\u00e4llaiset lohdutuksen sanat saavat n\u00e4kem\u00e4\u00e4n punaista: \u201dSuoraan sanottuna vituttaa\u201d<\/a><\/p>\n<p class=\"article-body mb-nof-24 px-nof-16\">Kun <a class=\"font-bold underline-offset-[0.12em] [text-decoration:var(--person-link-text-decoration)] ![text-decoration-color:var(--person-link-text-decoration-color)]\" href=\"https:\/\/www.is.fi\/haku\/?query=Mari\" rel=\"nofollow noopener\" target=\"_blank\">Mari <\/a>viime pyh\u00e4inp\u00e4iv\u00e4n\u00e4 kokoontui sisarustensa kanssa \u00e4itins\u00e4 haudalle, he huomasivat, ett\u00e4 hautakiveen liimattu pikkulottamerkki oli viety.<\/p>\n<p class=\"article-body mb-nof-24 px-nof-16\">Etel\u00e4h\u00e4m\u00e4l\u00e4isell\u00e4 hautausmaalla merkki oli kiinnitetty vahvalla liimalla, joten sen irrottamiseen oli tarvittu ty\u00f6kaluja.<\/p>\n<blockquote class=\"p-[var(--citation-padding)] m-[var(--citation-margin)] border-y-[length:var(--citation-border-width)] border-y-[color:var(--citation-border-color)]\">\n<p>Harmitti aivan viet\u00e4v\u00e4sti.<\/p>\n<\/blockquote>\n<p class=\"article-body mb-nof-24 px-nof-16\">Pikkulottamerkki vahvistettiin Lotta Sv\u00e4rd -j\u00e4rjest\u00f6n vuosikokouksessa maaliskuussa 1932 nimell\u00e4 \u201dTytt\u00f6osaston j\u00e4senmerkki\u201d.<\/p>\n<p class=\"article-body mb-nof-24 px-nof-16\">\u2013\u2009Harmitti aivan viet\u00e4v\u00e4sti. Kyseess\u00e4 on kuitenkin kunniamerkki. Siis kuka viitsii. T\u00e4m\u00e4 on kuitenkin aika tunnettu merkki. Mietittiin, onko sill\u00e4 jotain ker\u00e4ilyarvoa tai voiko sit\u00e4 v\u00e4\u00e4rink\u00e4ytt\u00e4\u00e4, mutta ei keksitty mit\u00e4\u00e4n miksi se merkki piti vied\u00e4, Mari sanoo.<\/p>\n<p><img decoding=\"async\" src=\"https:\/\/www.europesays.com\/fi\/wp-content\/uploads\/2026\/01\/1768457229_846_468.jpg\" alt=\"Marin \u00e4idin hautakivest\u00e4 varastettiin pikkulottamerkki. Nimi ja syntym\u00e4aika on mustattu Ilta-Sanomien toimituksessa.\" class=\"_Img_1rerz_1\" style=\"aspect-ratio:0.7421875\" loading=\"eager\"\/><\/p>\n<p class=\"article-picture-caption\">Marin \u00e4idin hautakivest\u00e4 varastettiin pikkulottamerkki. Nimi ja syntym\u00e4aika on mustattu Ilta-Sanomien toimituksessa.<\/p>\n<p class=\"article-body mb-nof-24 px-nof-16\">Mari ja h\u00e4nen sisaruksensa ottavat aina kuvan haudalla k\u00e4ydess\u00e4ns\u00e4. Kun he alkoivat tarkistella tilannetta, kuvista n\u00e4kyi, ett\u00e4 merkki oli kadonnut jo edellisen\u00e4 kes\u00e4n\u00e4.<\/p>\n<p class=\"article-body mb-nof-24 px-nof-16\">\u2013\u2009Mietittiin, onko t\u00e4m\u00e4 ilkivaltaa, mutta ei t\u00e4m\u00e4 ihan pikkupoikien tekosia voi olla. Merkki oli kiinni niin vahvalla liimalla, ett\u00e4 sen irrottamiseen tarvittaisiin talttaa tai vasaraa.<\/p>\n<p class=\"article-body mb-nof-24 px-nof-16\">Uutta pikkulottamerkki\u00e4 \u00e4idin haudalle ei ole mahdollista saada.<\/p>\n<p class=\"article-body mb-nof-24 px-nof-16\">Marin \u00e4iti sai pikkulottamerkkins\u00e4, kun h\u00e4n oli jatkosodan aikana vaativissakin teht\u00e4viss\u00e4 ilmatorjunnan apuna. \u00c4iti asui l\u00e4hell\u00e4 it\u00e4rajaa. \u00c4idin teht\u00e4v\u00e4 oli nuorena tytt\u00f6n\u00e4 kiivet\u00e4 puisiin torneihin ja soittaa kelloa, kun pommikoneita n\u00e4kyi. Siit\u00e4 l\u00e4hti h\u00e4lytys.<\/p>\n<p class=\"article-body mb-nof-24 px-nof-16\">\u2013\u2009\u00c4iti kertoi, ett\u00e4 h\u00e4nt\u00e4 pelotti kovasti kiivet\u00e4 sinne yl\u00f6s.<\/p>\n<p class=\"article-body mb-nof-24 px-nof-16\">Lis\u00e4ksi \u00e4iti siskonsa kanssa lausui runoja sankarivainajien hautajaisissa ja otti osaa kanttiinitoimintaan.<\/p>\n<p class=\"article-body mb-nof-24 px-nof-16\">Urhean pikkulotan haudalla ei en\u00e4\u00e4 ole merkki\u00e4 muistuttamaan t\u00e4m\u00e4n teoista.<\/p>\n<p class=\"article-body mb-nof-24 px-nof-16\"><a class=\"underline underline-offset-[0.12em] [text-decoration-thickness:var(--generic-link-underline-thickness)] [text-decoration-color:var(--generic-link-underline-color)] [text-decoration-skip-ink:var(--generic-link-underline-skip-ink)] break-words\" href=\"https:\/\/www.satakunnankansa.fi\/satakunta\/art-2000011746024.html\" rel=\"nofollow noopener\" target=\"_blank\">Satakunnan Kansa<\/a> uutisoi, ett\u00e4 porilaisilla hautausmailla omaiset todistavat t\u00e4m\u00e4n t\u00e4st\u00e4 samaa h\u00e4vyt\u00f6nt\u00e4 n\u00e4ky\u00e4: haudoilta on viety kukkia tai kynttil\u00f6it\u00e4.<\/p>\n<p class=\"article-body mb-nof-24 px-nof-16\">Seurakunnan Kansan mukaan ilmi\u00f6 on jokavuotinen. Erityisesti kes\u00e4kukat ovat vohkijoiden suosiossa.<\/p>\n<p class=\"article-body mb-nof-24 px-nof-16\"><a class=\"underline underline-offset-[0.12em] [text-decoration-thickness:var(--generic-link-underline-thickness)] [text-decoration-color:var(--generic-link-underline-color)] [text-decoration-skip-ink:var(--generic-link-underline-skip-ink)] break-words\" href=\"https:\/\/www.is.fi\/kotimaa\/art-2000010823826.html\" rel=\"nofollow noopener\" target=\"_blank\">Marraskuussa 2024 Ilta-Sanomat uutisoi<\/a>, kuinka <a class=\"font-bold underline-offset-[0.12em] [text-decoration:var(--person-link-text-decoration)] ![text-decoration-color:var(--person-link-text-decoration-color)]\" href=\"https:\/\/www.is.fi\/haku\/?query=Suomen\" rel=\"nofollow noopener\" target=\"_blank\">Suomen<\/a> entisen p\u00e4\u00e4ministerin <a class=\"font-bold underline-offset-[0.12em] [text-decoration:var(--person-link-text-decoration)] ![text-decoration-color:var(--person-link-text-decoration-color)]\" href=\"https:\/\/www.is.fi\/haku\/?query=Reino%20Kuuskosken\" rel=\"nofollow noopener\" target=\"_blank\">Reino Kuuskosken <\/a>hauta oli todenn\u00e4k\u00f6isesti joutunut ilkivallan ja jopa varkauden kohteeksi.<\/p>\n<p class=\"article-body mb-nof-24 px-nof-16\">Kuuskosken lapsenlapsi <a class=\"font-bold underline-offset-[0.12em] [text-decoration:var(--person-link-text-decoration)] ![text-decoration-color:var(--person-link-text-decoration-color)]\" href=\"https:\/\/www.is.fi\/haku\/?query=Mikko%20Kuuskoski\" rel=\"nofollow noopener\" target=\"_blank\">Mikko Kuuskoski <\/a>kertoi, ett\u00e4 hautakiven yl\u00e4nurkkaa koristanut suurehko kuparinen risti on kadonnut. H\u00e4n ep\u00e4ili, ett\u00e4 joku on varastanut ristin ja teki rikosilmoituksen.<\/p>\n<p>Hautaustoimen p\u00e4\u00e4llikk\u00f6: K\u00e4sitt\u00e4m\u00e4t\u00f6n ilmi\u00f6<\/p>\n<p class=\"article-body mb-nof-24 px-nof-16\">Espoon seurakuntayhtym\u00e4n hautaustoimen p\u00e4\u00e4llikk\u00f6 <a class=\"font-bold underline-offset-[0.12em] [text-decoration:var(--person-link-text-decoration)] ![text-decoration-color:var(--person-link-text-decoration-color)]\" href=\"https:\/\/www.is.fi\/haku\/?query=Juha%20Ollila\" rel=\"nofollow noopener\" target=\"_blank\">Juha Ollila<\/a> sanoo, ettei tavaran vieminen hautausmailta ole heillek\u00e4\u00e4n tuntematon asia, vaikka ei varsinaiseksi ongelmaksi ole muodostunutkaan.<\/p>\n<p class=\"article-body mb-nof-24 px-nof-16\">\u2013 Yksitt\u00e4isi\u00e4 tapauksia on tullut ilmi Espoon viidell\u00e4 hautausmaalla. Vuodessa n\u00e4it\u00e4 on yksi tai kaksi, ja haudoilta on mahdollisesti viety kukkia tai kynttil\u00f6it\u00e4. Pyyd\u00e4mme aina asianomistajaa olemaan tarvittaessa yhteydess\u00e4 poliisiin, Ollila valaisee.<\/p>\n<p class=\"article-body mb-nof-24 px-nof-16\">H\u00e4n sanoo, ett\u00e4 Olarin kirkon l\u00e4hell\u00e4 olevassa Gr\u00e4san uurnalehdossa oli muutama vuosi sitten erikoinen episodi.<\/p>\n<p class=\"article-body mb-nof-24 px-nof-16\">\u2013 Er\u00e4\u00e4lt\u00e4 haudalta katosivat toistuvasti maljakkokukat. Muistelen sen tapauksen selvinneen suvun sis\u00e4isen\u00e4 asiana.<\/p>\n<p class=\"article-body mb-nof-24 px-nof-16\">Ollila oli aikaisemmin t\u00f6iss\u00e4 Helsingin seurakuntayhtym\u00e4n Malmin hautausmaalla, josta varastettiin tavaraa ammattimaisesti.<\/p>\n<p class=\"article-body mb-nof-24 px-nof-16\">\u2013 Siell\u00e4 vietiin hautakivist\u00e4 messinkilintuja ja messinkisi\u00e4 kohokirjaimia s\u00e4\u00e4nn\u00f6llisesti. Siit\u00e4 on toki jo toistakymment\u00e4 vuotta, Ollila sanoo.<\/p>\n<p class=\"article-body mb-nof-24 px-nof-16\">H\u00e4n pit\u00e4\u00e4 haudoilta varastelua eritt\u00e4in ep\u00e4miellytt\u00e4v\u00e4n\u00e4, jopa k\u00e4sitt\u00e4m\u00e4tt\u00f6m\u00e4n\u00e4 ilmi\u00f6n\u00e4.<\/p>\n<p class=\"article-body mb-nof-24 px-nof-16\">\u2013 N\u00e4en sen joiltain osin hautarauhan rikkomisena.<\/p>\n","protected":false},"excerpt":{"rendered":"Hautaustoimen p\u00e4\u00e4llikk\u00f6 pit\u00e4\u00e4 ilmi\u00f6t\u00e4 k\u00e4sitt\u00e4m\u00e4tt\u00f6m\u00e4n\u00e4. Katriina Huttusen tyt\u00e4r teki itsemurhan 26-vuotiaana. Katriina Huttunen vastaa puhelimeen Hietaniemen hautausmaalla. Siell\u00e4&hellip;\n","protected":false},"author":2,"featured_media":142735,"comment_status":"","ping_status":"","sticky":false,"template":"","format":"standard","meta":{"footnotes":""},"categories":[5],"tags":[22,23,26,27,33,31,30,17,34,24,25,28,29,15,18,21,32,19,20,16],"class_list":{"0":"post-142734","1":"post","2":"type-post","3":"status-publish","4":"format-standard","5":"has-post-thumbnail","7":"category-otsikot","8":"tag-breaking-news","9":"tag-breakingnews","10":"tag-featured-news","11":"tag-featurednews","12":"tag-fi","13":"tag-finland","14":"tag-finnish","15":"tag-headlines","16":"tag-ilta-sanomat","17":"tag-latest-news","18":"tag-latestnews","19":"tag-main-news","20":"tag-mainnews","21":"tag-news","22":"tag-otsikot","23":"tag-paauutiset","24":"tag-suomi","25":"tag-top-stories","26":"tag-topstories","27":"tag-uutiset"},"share_on_mastodon":{"url":"https:\/\/pubeurope.com\/@fi\/115897620429148248","error":""},"_links":{"self":[{"href":"https:\/\/www.europesays.com\/fi\/wp-json\/wp\/v2\/posts\/142734","targetHints":{"allow":["GET"]}}],"collection":[{"href":"https:\/\/www.europesays.com\/fi\/wp-json\/wp\/v2\/posts"}],"about":[{"href":"https:\/\/www.europesays.com\/fi\/wp-json\/wp\/v2\/types\/post"}],"author":[{"embeddable":true,"href":"https:\/\/www.europesays.com\/fi\/wp-json\/wp\/v2\/users\/2"}],"replies":[{"embeddable":true,"href":"https:\/\/www.europesays.com\/fi\/wp-json\/wp\/v2\/comments?post=142734"}],"version-history":[{"count":0,"href":"https:\/\/www.europesays.com\/fi\/wp-json\/wp\/v2\/posts\/142734\/revisions"}],"wp:featuredmedia":[{"embeddable":true,"href":"https:\/\/www.europesays.com\/fi\/wp-json\/wp\/v2\/media\/142735"}],"wp:attachment":[{"href":"https:\/\/www.europesays.com\/fi\/wp-json\/wp\/v2\/media?parent=142734"}],"wp:term":[{"taxonomy":"category","embeddable":true,"href":"https:\/\/www.europesays.com\/fi\/wp-json\/wp\/v2\/categories?post=142734"},{"taxonomy":"post_tag","embeddable":true,"href":"https:\/\/www.europesays.com\/fi\/wp-json\/wp\/v2\/tags?post=142734"}],"curies":[{"name":"wp","href":"https:\/\/api.w.org\/{rel}","templated":true}]}}