{"id":142737,"date":"2026-01-15T06:26:08","date_gmt":"2026-01-15T06:26:08","guid":{"rendered":"https:\/\/www.europesays.com\/fi\/142737\/"},"modified":"2026-01-15T06:26:08","modified_gmt":"2026-01-15T06:26:08","slug":"noyryytys-real-madridille-sokkitappio","status":"publish","type":"post","link":"https:\/\/www.europesays.com\/fi\/142737\/","title":{"rendered":"N\u00f6yryytys! Real Madridille \u0161okkitappio"},"content":{"rendered":"<p>Alvaro Arbeloan ura Real Madridin p\u00e4\u00e4valmentajana alkoi surkeasti.<\/p>\n<p><img decoding=\"async\" class=\"image image-show image-preview\" src=\"https:\/\/www.europesays.com\/fi\/wp-content\/uploads\/2026\/01\/85bb464c8b3ed047422e5cd86733f9bc443f43e639156427ad35e3ed2468602f.jpg\" alt=\"\"\/><img decoding=\"async\" class=\"image image-show\" src=\"https:\/\/www.europesays.com\/fi\/wp-content\/uploads\/2026\/01\/1768458368_377_85bb464c8b3ed047422e5cd86733f9bc443f43e639156427ad35e3ed2468602f.jpg\" alt=\"\"\/><\/p>\n<p>Alvaro Arbeloaa ei juuri hymyilytt\u00e4nyt ottelun j\u00e4lkeen. EPA \/ AOP<\/p>\n<p class=\"paragraph\">\u2013 H\u00e4pe\u00e4llinen ja nolo esitys Real Madridilta.<\/p>\n<p class=\"paragraph\">N\u00e4in espanjalaislehti <a href=\"https:\/\/www.marca.com\/futbol\/real-madrid\/2026\/01\/14\/real-madrid-albacete-valoracion-comentarios.html\" target=\"_blank\" rel=\"noopener nofollow\">Marca<\/a> totesi verkkosivuillaan, kun Albacete pudotti Real Madridin Espanjan cupista keskiviikkona. Ottelu p\u00e4\u00e4ttyi 3\u20132.<\/p>\n<p class=\"paragraph\">Kyseess\u00e4 oli todellinen sokkitappio Real Madridille, sill\u00e4 Albacete pelaa Espanjan toiseksi korkeimmalla sarjatasolla. Eik\u00e4 kyseess\u00e4 ole kakkostasollakaan mik\u00e4\u00e4n k\u00e4rkiporukka, sill\u00e4 Albacete majailee sarjataulukossa vasta sijalla 17\/22.<\/p>\n<p class=\"paragraph\">Real Madridin uusi p\u00e4\u00e4valmentaja <strong>Alvaro Arbeloa<\/strong> sai siis huonoimman mahdollisen alun uralleen valkopaitojen per\u00e4simess\u00e4. H\u00e4net nimettiin juuri <strong>Xabi Alonson<\/strong> tilalle.<\/p>\n<p class=\"paragraph\">Viime kes\u00e4n\u00e4 seuraan saapunut Alonso sai potkut, kun Real Madrid h\u00e4visi viime sunnuntaina Supercupin loppuottelun Barcelonalle 2\u20133.<\/p>\n<p>Trilleri<\/p>\n<p class=\"paragraph\">Estadio Carlos Belmonten 16\u00a0800 katsojaa saivat keskiviikkoiltana vastinetta rahoilleen, sill\u00e4 ottelusta muodostui huima trilleri.<\/p>\n<p class=\"paragraph\">Ensimm\u00e4isen puoliajan j\u00e4lkeen tilanne oli 1\u20131, kun kotijoukkueelta maalinteossa onnistui <strong>Javi Villar<\/strong> ja vierailta <strong>Franco Mastantuono<\/strong>.<\/p>\n<p class=\"paragraph\">Konkarihy\u00f6kk\u00e4\u00e4j\u00e4 <strong>Jefte Betancor<\/strong> vei kotiyleis\u00f6n riemuksi Albaceten 2\u20131-johtoon vain kahdeksan minuuttia ennen varsinaisen peliajan loppua. Areena oli revet\u00e4 liitoksistaan.<\/p>\n<p class=\"paragraph\"><strong>Gonzalo Garcia<\/strong> tarjosi kuitenkin todella kylm\u00e4n suihkun is\u00e4nnille lis\u00e4ajalla, kun h\u00e4n puski 2\u20132-tasoituksen kulmasta. Stadionilla tuli hiljaista.<\/p>\n<p class=\"paragraph\">Kotijoukkue ei kuitenkaan t\u00e4st\u00e4 lannistunut, sill\u00e4 Betancor niittasi 3\u20132-voittomaalin vain kolme minuuttia my\u00f6hemmin, kun lis\u00e4aikaa oli pelattu jo nelj\u00e4 minuuttia. <strong>Dani Carvajal<\/strong> onnistui viel\u00e4 blokkaamaan hy\u00f6kk\u00e4\u00e4j\u00e4n ensimm\u00e4isen vedon, mutta toinen yritys leijaili upeasti maalin takakulmaan yli ja ohi Real-vahti <strong>Andriy Luninin<\/strong>.<\/p>\n<p class=\"paragraph\">Tunteikkaimmat itkiv\u00e4t katsomossa, kun erotuomari <strong>V\u00edctor Garcia<\/strong> vihelsi ottelun p\u00e4\u00e4ttyneeksi.<\/p>\n<p class=\"paragraph\">Voiton my\u00f6t\u00e4 Albacete eteni Espanjan cupissa puoliv\u00e4lieriin kahdeksan parhaan joukkoon.<\/p>\n","protected":false},"excerpt":{"rendered":"Alvaro Arbeloan ura Real Madridin p\u00e4\u00e4valmentajana alkoi surkeasti. Alvaro Arbeloaa ei juuri hymyilytt\u00e4nyt ottelun j\u00e4lkeen. EPA \/ AOP&hellip;\n","protected":false},"author":2,"featured_media":142738,"comment_status":"","ping_status":"","sticky":false,"template":"","format":"standard","meta":{"footnotes":""},"categories":[158],"tags":[35,33,31,30,43,42,1745,1984,41,159,32,160],"class_list":{"0":"post-142737","1":"post","2":"type-post","3":"status-publish","4":"format-standard","5":"has-post-thumbnail","7":"category-urheilu","8":"tag-24h","9":"tag-fi","10":"tag-finland","11":"tag-finnish","12":"tag-jalkapallo","13":"tag-jalkapalloon-perustuvat-lajit","14":"tag-jalkapallopelaajat","15":"tag-jalkapallopelaajat-miehet","16":"tag-liikunta-ja-urheilu","17":"tag-sports","18":"tag-suomi","19":"tag-urheilu"},"share_on_mastodon":{"url":"https:\/\/pubeurope.com\/@fi\/115897695175679170","error":""},"_links":{"self":[{"href":"https:\/\/www.europesays.com\/fi\/wp-json\/wp\/v2\/posts\/142737","targetHints":{"allow":["GET"]}}],"collection":[{"href":"https:\/\/www.europesays.com\/fi\/wp-json\/wp\/v2\/posts"}],"about":[{"href":"https:\/\/www.europesays.com\/fi\/wp-json\/wp\/v2\/types\/post"}],"author":[{"embeddable":true,"href":"https:\/\/www.europesays.com\/fi\/wp-json\/wp\/v2\/users\/2"}],"replies":[{"embeddable":true,"href":"https:\/\/www.europesays.com\/fi\/wp-json\/wp\/v2\/comments?post=142737"}],"version-history":[{"count":0,"href":"https:\/\/www.europesays.com\/fi\/wp-json\/wp\/v2\/posts\/142737\/revisions"}],"wp:featuredmedia":[{"embeddable":true,"href":"https:\/\/www.europesays.com\/fi\/wp-json\/wp\/v2\/media\/142738"}],"wp:attachment":[{"href":"https:\/\/www.europesays.com\/fi\/wp-json\/wp\/v2\/media?parent=142737"}],"wp:term":[{"taxonomy":"category","embeddable":true,"href":"https:\/\/www.europesays.com\/fi\/wp-json\/wp\/v2\/categories?post=142737"},{"taxonomy":"post_tag","embeddable":true,"href":"https:\/\/www.europesays.com\/fi\/wp-json\/wp\/v2\/tags?post=142737"}],"curies":[{"name":"wp","href":"https:\/\/api.w.org\/{rel}","templated":true}]}}