{"id":142739,"date":"2026-01-15T06:27:08","date_gmt":"2026-01-15T06:27:08","guid":{"rendered":"https:\/\/www.europesays.com\/fi\/142739\/"},"modified":"2026-01-15T06:27:08","modified_gmt":"2026-01-15T06:27:08","slug":"nain-somessa-reagoitiin-ettan-umk-kappaleeseen","status":"publish","type":"post","link":"https:\/\/www.europesays.com\/fi\/142739\/","title":{"rendered":"N\u00e4in somessa reagoitiin Ettan UMK-kappaleeseen"},"content":{"rendered":"<p>Fanit ottivat ensimm\u00e4isen UMK-kappaleen vastaan ilolla.<\/p>\n<p class=\"article-body mb-nof-24 px-nof-16\">Keskiy\u00f6ll\u00e4 julkaistiin ensimm\u00e4inen UMK-finalistikappale, joka on <a class=\"font-bold underline-offset-[0.12em] [text-decoration:var(--person-link-text-decoration)] ![text-decoration-color:var(--person-link-text-decoration-color)]\" href=\"https:\/\/www.is.fi\/haku\/?query=Ettan\" rel=\"nofollow noopener\" target=\"_blank\">Ettan<\/a> Million Dollar Smile.<\/p>\n<p class=\"article-body mb-nof-24 px-nof-16\">Keskustelu alkoi k\u00e4yd\u00e4 heti kuumana Suomen euroviisuehdokkaasta.<\/p>\n<p class=\"article-body mb-nof-24 px-nof-16\">Youtubessa kappale on saanut paljon positiivisia kommentteja. Moni n\u00e4ytt\u00e4\u00e4 pit\u00e4v\u00e4n kappaleesta, vaikka ei uskoisikaan sen mahdollisuuksiin Euroviisuissa.<\/p>\n<p class=\"article-body mb-nof-24 px-nof-16\">\u2013 Absoluuttinen hitti.<\/p>\n<p class=\"article-body mb-nof-24 px-nof-16\">\u2013 T\u00e4\u00e4 ei tuu p\u00e4rj\u00e4\u00e4m\u00e4\u00e4n euroviisukontekstissa mutta muuten ihan mukava biisi.<\/p>\n<p class=\"article-body mb-nof-24 px-nof-16\">\u2013 Todella hyv\u00e4 aloitus t\u00e4lle kaudelle!<\/p>\n<p class=\"article-body mb-nof-24 px-nof-16\">\u2013 Hullun hyv\u00e4 jo nyt, hell yeah.<\/p>\n<p class=\"article-body mb-nof-24 px-nof-16\">\u2013 Mik\u00e4 hyv\u00e4n mielen biisi. Vahva aloitus UMK:lle.<\/p>\n<p><img decoding=\"async\" src=\"https:\/\/www.europesays.com\/fi\/wp-content\/uploads\/2026\/01\/1768434493_741_468.jpg\" alt=\"\" class=\"_Img_1rerz_1\" style=\"aspect-ratio:0.6666666666666666\" loading=\"eager\"\/><\/p>\n<p class=\"article-picture-caption\">Kuva:\u00a0Juha Salminen \/ HS<\/p>\n<p class=\"article-body mb-nof-24 px-nof-16\">\u2013 Hienoa, Etta! Todella hyv\u00e4 ja orgaanisesti kasvava biisi. Ja t\u00e4rke\u00e4 sanoma.<\/p>\n<p class=\"article-body mb-nof-24 px-nof-16\">\u2013 T\u00e4\u00e4 on sika hyv\u00e4, mut ei vaa ehk\u00e4 euroviisukamaa.<\/p>\n<p class=\"article-body mb-nof-24 px-nof-16\">\u2013 Radiossa tulee p\u00e4rj\u00e4\u00e4m\u00e4\u00e4n hyvin. Ei kuitenkaan voittajaksi.<\/p>\n<p class=\"article-body mb-nof-24 px-nof-16\">\u2013 Tosi voimakas sanoma ja ihan hyv\u00e4 biisi! Mutta silti ei tule riitt\u00e4m\u00e4\u00e4n, eik\u00e4 tule UMK:ta voittamaan.<\/p>\n<p class=\"article-body mb-nof-24 px-nof-16\">\u2013 Huikea, onnea matkaan! Suomenkielinen biisi pit\u00e4\u00e4 ehdottomasti meid\u00e4n valita, jotta vied\u00e4\u00e4n kaunista kielt\u00e4mme ja kulttuuriamme maailmalle, mutta en usko ett\u00e4 t\u00e4m\u00e4 erottuu riitt\u00e4v\u00e4sti vaikka muutoin hieno biisi.<\/p>\n","protected":false},"excerpt":{"rendered":"Fanit ottivat ensimm\u00e4isen UMK-kappaleen vastaan ilolla. Keskiy\u00f6ll\u00e4 julkaistiin ensimm\u00e4inen UMK-finalistikappale, joka on Ettan Million Dollar Smile. Keskustelu alkoi&hellip;\n","protected":false},"author":2,"featured_media":142740,"comment_status":"","ping_status":"","sticky":false,"template":"","format":"standard","meta":{"footnotes":""},"categories":[130],"tags":[137,33,31,30,34,32,109],"class_list":{"0":"post-142739","1":"post","2":"type-post","3":"status-publish","4":"format-standard","5":"has-post-thumbnail","7":"category-viihde","8":"tag-entertainment","9":"tag-fi","10":"tag-finland","11":"tag-finnish","12":"tag-ilta-sanomat","13":"tag-suomi","14":"tag-viihde"},"share_on_mastodon":{"url":"https:\/\/pubeurope.com\/@fi\/115897699038282543","error":""},"_links":{"self":[{"href":"https:\/\/www.europesays.com\/fi\/wp-json\/wp\/v2\/posts\/142739","targetHints":{"allow":["GET"]}}],"collection":[{"href":"https:\/\/www.europesays.com\/fi\/wp-json\/wp\/v2\/posts"}],"about":[{"href":"https:\/\/www.europesays.com\/fi\/wp-json\/wp\/v2\/types\/post"}],"author":[{"embeddable":true,"href":"https:\/\/www.europesays.com\/fi\/wp-json\/wp\/v2\/users\/2"}],"replies":[{"embeddable":true,"href":"https:\/\/www.europesays.com\/fi\/wp-json\/wp\/v2\/comments?post=142739"}],"version-history":[{"count":0,"href":"https:\/\/www.europesays.com\/fi\/wp-json\/wp\/v2\/posts\/142739\/revisions"}],"wp:featuredmedia":[{"embeddable":true,"href":"https:\/\/www.europesays.com\/fi\/wp-json\/wp\/v2\/media\/142740"}],"wp:attachment":[{"href":"https:\/\/www.europesays.com\/fi\/wp-json\/wp\/v2\/media?parent=142739"}],"wp:term":[{"taxonomy":"category","embeddable":true,"href":"https:\/\/www.europesays.com\/fi\/wp-json\/wp\/v2\/categories?post=142739"},{"taxonomy":"post_tag","embeddable":true,"href":"https:\/\/www.europesays.com\/fi\/wp-json\/wp\/v2\/tags?post=142739"}],"curies":[{"name":"wp","href":"https:\/\/api.w.org\/{rel}","templated":true}]}}