{"id":142744,"date":"2026-01-15T06:32:08","date_gmt":"2026-01-15T06:32:08","guid":{"rendered":"https:\/\/www.europesays.com\/fi\/142744\/"},"modified":"2026-01-15T06:32:08","modified_gmt":"2026-01-15T06:32:08","slug":"haaga-helia-mukana-matkamessuilla-15-18-1-2026-haaga-helia-ammattikorkeakoulu","status":"publish","type":"post","link":"https:\/\/www.europesays.com\/fi\/142744\/","title":{"rendered":"Haaga-Helia mukana Matkamessuilla 15.\u201318.1.2026 | Haaga-Helia ammattikorkeakoulu"},"content":{"rendered":"<p>Suomen Restonomiliitto ja 11 restonomeja kouluttavaa ammattikorkeakoulua esittelev\u00e4t koulutuksia ja yhteisty\u00f6mahdollisuuksia Helsingin Messukeskuksen messuvieraille \u2013 mukana on my\u00f6s Haaga-Helia.<\/p>\n<p>Messuosastolla <strong>6 S 2<\/strong> k\u00e4vij\u00e4t voivat tutustua koulutus- ja tutkimustarjontaan sek\u00e4 keskustella alan ajankohtaisista yhteisty\u00f6mahdollisuuksista. Lis\u00e4ksi tarjoamme monipuolista tietoa opiskelupaikoista ja tulevista hakuprosesseista.<\/p>\n<p>Esiinnymme my\u00f6s messujen Tulevaisuuden tekij\u00e4t -tilaisuudessa Viking LIVE Stagella sunnuntaina <strong>18.1 klo 11.30\u201312.30 <\/strong>lukioiden, ammattikoulujen, ammattikorkeakoulujen ja yliopistojen opiskelijoille. Lavalla kuullaana muun muassa kokemuksia restonomiopinnoista Haaga-Heliassa. Tilaisuuden juontaa Haaga-Helian lehtori\u00a0<strong>Maija Niemel\u00e4<\/strong>.<\/p>\n<p>Mukana ovat seuraavat ammattikorkeakoulut: Haaga-Helia AMK, H\u00f6gskolan p\u00e5 \u00c5land, Jyv\u00e4skyl\u00e4n AMK, Kajaanin AMK, Karelia AMK, LAB-ammattikorkeakoulu, Lapin AMK, LAUREA-ammattikorkeakoulu, Savonia AMK, Sein\u00e4joen AMK ja XAMK \u2013 Kaakkois-Suomen ammattikorkeakoulu.<\/p>\n<p>Haaga-Helian asiantuntijat ammattilaisp\u00e4iv\u00e4n 15.1.\u00a0 seminaareissa<\/p>\n<p>Suomen matkailututkimuksen seuran j\u00e4senet esittelev\u00e4t uusimpia tutkimustuloksiaan <strong>Tutkimuksella tulosta! <\/strong>-seminaarissa <strong>15.1. klo 9.30\u201310.55 <\/strong>(Matkatieto-lava, halli 6).<\/p>\n<p>Haaga-Helian projektiasiantuntija\u00a0<strong>Elina Moreira Kares <\/strong>ja lehtori<strong>\u00a0Joel Pakal\u00e9n <\/strong>kertovat kuluttajien suhtautumisesta dynaamiseen hinnoitteluun ravintola-alalla. Elinan ja Joelin osuus kuullaan heti avaussanojen j\u00e4lkeen.\u00a0<\/p>\n<p><a href=\"https:\/\/www.matkatieto.fi\/event\/seminaari-1\/\" rel=\"nofollow noopener\" target=\"_blank\">Lue lis\u00e4\u00e4 seminaarista<\/a><\/p>\n<p>Haaga-Helian ja Visit Finlandin yhteisess\u00e4 puheenvuorossa <strong>Suomalainen ruoka maailmankartalle <\/strong>tehd\u00e4\u00e4n kiinnostavia nostoja\u00a0<strong>15.1. klo 12.30\u201313.15 <\/strong>(Matkatieto-lava, halli 6). Visit Finlandin teett\u00e4m\u00e4ss\u00e4<strong>\u00a0<\/strong>tutkimuksessa on arvioitu Suomen kiinnostavuutta matkailu- ja ruokamatkailukohteena. Haaga-Helian koordinoiman\u00a0<strong><a href=\"https:\/\/eur02.safelinks.protection.outlook.com\/?url=https%3A%2F%2Fwww.hungryforfinland.fi%2Fruokamatkailukilpailu-2026%2F&amp;data=05%7C02%7C%7C35b180c1a8a744b1586f08de170475b1%7C744593e4a6e446f1846410f829278c57%7C0%7C0%7C638973505258411362%7CUnknown%7CTWFpbGZsb3d8eyJFbXB0eU1hcGkiOnRydWUsIlYiOiIwLjAuMDAwMCIsIlAiOiJXaW4zMiIsIkFOIjoiTWFpbCIsIldUIjoyfQ%3D%3D%7C0%7C%7C%7C&amp;sdata=hyR0iZFDTNpYK5lGNHQjTvUKFfjBoHUuVZgQBpNM9A8%3D&amp;reserved=0\" title=\"Linkki avautuu uuteen v\u00e4lilehteen, Linkki osoittaa toiselle nettisivustolle\" target=\"_blank\" rel=\"nofollow noopener\">Hungry for Finland -kilpailun<\/a>\u00a0<\/strong>tavoitteena on l\u00f6yt\u00e4\u00e4 Suomen ruokamatkailun innostavat, unohtumattomat, vastuulliset ja el\u00e4mykselliset k\u00e4rkituotteet.\u00a0<\/p>\n<p>Teemoista kertovat Haaga-Helian lehtori, kilpailun p\u00e4\u00e4llikk\u00f6\u00a0<strong>Kristiina Adamsson<\/strong>\u00a0sek\u00e4 Ruokamaakuvan ja ruokamatkailun tunnettuus -projektin p\u00e4\u00e4llikk\u00f6 <strong>Terhi Hook<\/strong> Business Finlandin Visit Finland -yksik\u00f6st\u00e4.<\/p>\n<p><a href=\"https:\/\/www.matkatieto.fi\/event\/seminaari-4\/\" rel=\"nofollow noopener\" target=\"_blank\">Lue lis\u00e4\u00e4 seminaarista<\/a><\/p>\n<p>Kumpaankin maksuttomaan seminaariin voi ilmoittautua etuk\u00e4teen\u00a0<a href=\"https:\/\/link.webropolsurveys.com\/Participation\/Public\/407cf18e-b5c2-42bc-be32-e985b9bc0d92?displayId=Fin3509843\" target=\"_blank\" rel=\"nofollow noopener\">t\u00e4\u00e4ll\u00e4<\/a>.\u00a0<strong\/><\/p>\n<p><strong>Lis\u00e4tietoja Matkamessujen 2026 ohjelmasta<\/strong><\/p>\n","protected":false},"excerpt":{"rendered":"Suomen Restonomiliitto ja 11 restonomeja kouluttavaa ammattikorkeakoulua esittelev\u00e4t koulutuksia ja yhteisty\u00f6mahdollisuuksia Helsingin Messukeskuksen messuvieraille \u2013 mukana on my\u00f6s&hellip;\n","protected":false},"author":2,"featured_media":142745,"comment_status":"","ping_status":"","sticky":false,"template":"","format":"standard","meta":{"footnotes":""},"categories":[12],"tags":[22,23,26,27,33,31,30,17,24,25,28,29,15,18,21,32,19,20,16],"class_list":{"0":"post-142744","1":"post","2":"type-post","3":"status-publish","4":"format-standard","5":"has-post-thumbnail","7":"category-suomi","8":"tag-breaking-news","9":"tag-breakingnews","10":"tag-featured-news","11":"tag-featurednews","12":"tag-fi","13":"tag-finland","14":"tag-finnish","15":"tag-headlines","16":"tag-latest-news","17":"tag-latestnews","18":"tag-main-news","19":"tag-mainnews","20":"tag-news","21":"tag-otsikot","22":"tag-paauutiset","23":"tag-suomi","24":"tag-top-stories","25":"tag-topstories","26":"tag-uutiset"},"share_on_mastodon":{"url":"https:\/\/pubeurope.com\/@fi\/115897718769472634","error":""},"_links":{"self":[{"href":"https:\/\/www.europesays.com\/fi\/wp-json\/wp\/v2\/posts\/142744","targetHints":{"allow":["GET"]}}],"collection":[{"href":"https:\/\/www.europesays.com\/fi\/wp-json\/wp\/v2\/posts"}],"about":[{"href":"https:\/\/www.europesays.com\/fi\/wp-json\/wp\/v2\/types\/post"}],"author":[{"embeddable":true,"href":"https:\/\/www.europesays.com\/fi\/wp-json\/wp\/v2\/users\/2"}],"replies":[{"embeddable":true,"href":"https:\/\/www.europesays.com\/fi\/wp-json\/wp\/v2\/comments?post=142744"}],"version-history":[{"count":0,"href":"https:\/\/www.europesays.com\/fi\/wp-json\/wp\/v2\/posts\/142744\/revisions"}],"wp:featuredmedia":[{"embeddable":true,"href":"https:\/\/www.europesays.com\/fi\/wp-json\/wp\/v2\/media\/142745"}],"wp:attachment":[{"href":"https:\/\/www.europesays.com\/fi\/wp-json\/wp\/v2\/media?parent=142744"}],"wp:term":[{"taxonomy":"category","embeddable":true,"href":"https:\/\/www.europesays.com\/fi\/wp-json\/wp\/v2\/categories?post=142744"},{"taxonomy":"post_tag","embeddable":true,"href":"https:\/\/www.europesays.com\/fi\/wp-json\/wp\/v2\/tags?post=142744"}],"curies":[{"name":"wp","href":"https:\/\/api.w.org\/{rel}","templated":true}]}}