{"id":142746,"date":"2026-01-15T06:33:13","date_gmt":"2026-01-15T06:33:13","guid":{"rendered":"https:\/\/www.europesays.com\/fi\/142746\/"},"modified":"2026-01-15T06:33:13","modified_gmt":"2026-01-15T06:33:13","slug":"reutersin-lahde-ukrainan-entista-paaministeria-epaillaan-lahjonnasta-uutisia-lyhyesti","status":"publish","type":"post","link":"https:\/\/www.europesays.com\/fi\/142746\/","title":{"rendered":"Reutersin l\u00e4hde: Ukrainan entist\u00e4 p\u00e4\u00e4ministeri\u00e4 ep\u00e4ill\u00e4\u00e4n lahjonnasta | Uutisia lyhyesti"},"content":{"rendered":"<p class=\"aw-1gybjub aw-5vja16 kEtdKx kmuxyA yle__article__paragraph\">Korruption kitkeminen on t\u00e4rke\u00e4 osa Ukrainan pyrkimyksi\u00e4 liitty\u00e4 Euroopan unioniin.<\/p>\n<p><img decoding=\"async\" alt=\"Kuvassa on Ukrainan entinen p\u00e4\u00e4ministeri Tymoshenko puhumassa mahdollisesti tilaisuudessa tai haastattelussa. H\u00e4nell\u00e4 on yll\u00e4\u00e4n musta asu ja hiukset on laitettu kauniille letille p\u00e4\u00e4n ymp\u00e4rille. Taustalla n\u00e4kyy suurikokoinen kuva tai juliste.\" src=\"https:\/\/www.europesays.com\/fi\/wp-content\/uploads\/2026\/01\/39-143365967cede32d6dea.jpeg\" class=\"aw-1l9m598 hKVVvP\"\/><\/p>\n<p>Avaa kuvien katselu<\/p>\n<p>Arkistokuva. Julija Tymo\u0161enko kuvattuna Portugalissa syyskuussa 2022. Kuva: Jose Sena Goulao \/ EPA<\/p>\n<p class=\"aw-1gybjub aw-1p7kakr kEtdKx cEmitX yle__article__paragraph\">Ukrainan korruptionvastainen viranomainen syytti keskiviikkona entist\u00e4 p\u00e4\u00e4ministeri\u00e4 <strong class=\"aw-ak79eh KyCXm yle__article__strong\">Julija Tymo\u0161enkoa<\/strong> lahjonnasta. Asiasta kertoo uutistoimisto Reuters viitaten asiasta perill\u00e4 olevaan l\u00e4hteeseen.<\/p>\n<p class=\"aw-1gybjub aw-1p7kakr kEtdKx cEmitX yle__article__paragraph\">Ukrainan kansallinen korruptionvastainen virasto NABU sanoi nostaneensa syytteet oppositiopuolueen johtajaa Tymo\u0161enkoa vastaan sen j\u00e4lkeen, kun virasto oli viime kuussa paljastanut useiden muiden kansanedustajien olevan osa \u201dj\u00e4rjestelm\u00e4llist\u00e4\u201d juonta, jossa n\u00e4m\u00e4 ottivat vastaan maksuja vastineeksi \u00e4\u00e4nist\u00e4.<\/p>\n<p class=\"aw-1gybjub aw-1p7kakr kEtdKx cEmitX yle__article__paragraph\">\u2013 Lains\u00e4\u00e4t\u00e4j\u00e4t saivat ohjeet siit\u00e4 miten pit\u00e4isi \u00e4\u00e4nest\u00e4\u00e4, tai olla kokonaan \u00e4\u00e4nest\u00e4m\u00e4tt\u00e4, NABU sanoi keskiviikkona.<\/p>\n<p class=\"aw-1gybjub aw-1p7kakr kEtdKx cEmitX yle__article__paragraph\">Vaikka NABU ei nimennyt Tymo\u0161enkoa suoraan, kertoi Reutersin l\u00e4hde h\u00e4nen olevan tutkinnan kohteena.<\/p>\n<p class=\"aw-1gybjub aw-1p7kakr kEtdKx cEmitX yle__article__paragraph\">Tymo\u0161enko nousi julkisuuteen noin kaksi vuosikymment\u00e4 sitten demokratiamy\u00f6nteisen \u201doranssin vallankumouksen\u201d johtajana.<\/p>\n<p class=\"aw-1gybjub aw-1p7kakr kEtdKx cEmitX yle__article__paragraph\">Tymo\u0161enko kiisti kaikki syyt\u00f6kset, mutta ei suoraan maininnut tutkintaa. Facebook-p\u00e4ivityksess\u00e4\u00e4n h\u00e4n lupasi puhdistaa maineensa oikeudessa.<\/p>\n<p class=\"aw-1gybjub aw-1p7kakr kEtdKx cEmitX yle__article__paragraph\">Korruption kitkeminen on t\u00e4rke\u00e4 osa Ukrainan pyrkimyksi\u00e4 liitty\u00e4 Euroopan unioniin ja viimeaikaiset paljastukset ovat tuoneet esille korruption m\u00e4\u00e4r\u00e4n.<\/p>\n<p class=\"aw-1gybjub aw-1p7kakr kEtdKx cEmitX yle__article__paragraph\">Korruptionvastainen virasto ja syytt\u00e4j\u00e4t paljastivat viime marraskuussa lahjusskandaalin, jossa energiasektorilla v\u00e4itet\u00e4\u00e4n liikkuneen 100 miljoonan dollarin edest\u00e4 voitelurahoja. Ukrainan presidentin <strong class=\"aw-ak79eh KyCXm yle__article__strong\">Volodymyr Zelenskyin<\/strong> entinen yhti\u00f6kumppani on yksi tutkinnan kohteista.<\/p>\n<p class=\"aw-1gybjub aw-1p7kakr kEtdKx cEmitX yle__article__paragraph\">L\u00e4hde: Reuters<\/p>\n","protected":false},"excerpt":{"rendered":"Korruption kitkeminen on t\u00e4rke\u00e4 osa Ukrainan pyrkimyksi\u00e4 liitty\u00e4 Euroopan unioniin. Avaa kuvien katselu Arkistokuva. Julija Tymo\u0161enko kuvattuna Portugalissa&hellip;\n","protected":false},"author":2,"featured_media":142747,"comment_status":"","ping_status":"","sticky":false,"template":"","format":"standard","meta":{"footnotes":""},"categories":[5],"tags":[22,23,26,27,33,31,30,17,24508,24,25,28,29,15,18,21,1263,32,19,20,1303,56,16],"class_list":{"0":"post-142746","1":"post","2":"type-post","3":"status-publish","4":"format-standard","5":"has-post-thumbnail","7":"category-otsikot","8":"tag-breaking-news","9":"tag-breakingnews","10":"tag-featured-news","11":"tag-featurednews","12":"tag-fi","13":"tag-finland","14":"tag-finnish","15":"tag-headlines","16":"tag-julija-tymosenko","17":"tag-latest-news","18":"tag-latestnews","19":"tag-main-news","20":"tag-mainnews","21":"tag-news","22":"tag-otsikot","23":"tag-paauutiset","24":"tag-rikosepailyt","25":"tag-suomi","26":"tag-top-stories","27":"tag-topstories","28":"tag-ukraina","29":"tag-ulkomaat","30":"tag-uutiset"},"share_on_mastodon":{"url":"https:\/\/pubeurope.com\/@fi\/115897722628462571","error":""},"_links":{"self":[{"href":"https:\/\/www.europesays.com\/fi\/wp-json\/wp\/v2\/posts\/142746","targetHints":{"allow":["GET"]}}],"collection":[{"href":"https:\/\/www.europesays.com\/fi\/wp-json\/wp\/v2\/posts"}],"about":[{"href":"https:\/\/www.europesays.com\/fi\/wp-json\/wp\/v2\/types\/post"}],"author":[{"embeddable":true,"href":"https:\/\/www.europesays.com\/fi\/wp-json\/wp\/v2\/users\/2"}],"replies":[{"embeddable":true,"href":"https:\/\/www.europesays.com\/fi\/wp-json\/wp\/v2\/comments?post=142746"}],"version-history":[{"count":0,"href":"https:\/\/www.europesays.com\/fi\/wp-json\/wp\/v2\/posts\/142746\/revisions"}],"wp:featuredmedia":[{"embeddable":true,"href":"https:\/\/www.europesays.com\/fi\/wp-json\/wp\/v2\/media\/142747"}],"wp:attachment":[{"href":"https:\/\/www.europesays.com\/fi\/wp-json\/wp\/v2\/media?parent=142746"}],"wp:term":[{"taxonomy":"category","embeddable":true,"href":"https:\/\/www.europesays.com\/fi\/wp-json\/wp\/v2\/categories?post=142746"},{"taxonomy":"post_tag","embeddable":true,"href":"https:\/\/www.europesays.com\/fi\/wp-json\/wp\/v2\/tags?post=142746"}],"curies":[{"name":"wp","href":"https:\/\/api.w.org\/{rel}","templated":true}]}}