{"id":142748,"date":"2026-01-15T06:45:07","date_gmt":"2026-01-15T06:45:07","guid":{"rendered":"https:\/\/www.europesays.com\/fi\/142748\/"},"modified":"2026-01-15T06:45:07","modified_gmt":"2026-01-15T06:45:07","slug":"kylla-meille-riittaa-tama-setti","status":"publish","type":"post","link":"https:\/\/www.europesays.com\/fi\/142748\/","title":{"rendered":"\u201dKyll\u00e4 meille riitt\u00e4\u00e4 t\u00e4m\u00e4 setti\u201d"},"content":{"rendered":"<p>Heikki Paasonen kertoo Iltalehdelle perheens\u00e4 uudesta kodista. Lis\u00e4ksi h\u00e4n paljastaa h\u00e4nen ja vaimonsa yhteisymm\u00e4rryksess\u00e4 tehdyn p\u00e4\u00e4t\u00f6ksen.<\/p>\n<p class=\"paragraph\">Edestakaisin muuttaminen on viimeinkin ohi. Juontaja <strong>Heikki Paasonen<\/strong>, 42, asui perheens\u00e4 kanssa noin pari kuukautta v\u00e4liaikaisasunnossa, kun heid\u00e4n Etu-T\u00f6\u00f6l\u00f6ss\u00e4 sijaitseva kotinsa <a href=\"https:\/\/www.iltalehti.fi\/viihdeuutiset\/8a1ac465-d384-46cb-892a-7d0c3874f666\" rel=\"nofollow noopener\" target=\"_blank\">myytiin<\/a> syyskuussa.<\/p>\n<p class=\"paragraph\">Joulukuussa Paasonen ja h\u00e4nen vaimonsa Marita kertoivat Instagramissa l\u00f6yt\u00e4neens\u00e4 <a href=\"https:\/\/www.iltalehti.fi\/viihdeuutiset\/345ded51-f3fb-471a-b442-ffb9ee0e460c\" rel=\"nofollow noopener\" target=\"_blank\">uuden kodin<\/a>. Pari halusi juuri kyseisen kodin, koska sill\u00e4 on historia.<\/p>\n<p class=\"paragraph\">\u2013 Emme henkil\u00f6kohtaisesti tykk\u00e4\u00e4 \u201dvalkoisista kuutioista\u201d. Valitettavasti t\u00e4\u00e4ll\u00e4 p\u00e4in on hyvin pitk\u00e4lti modernia rakentamista,  Paasonen kertoo Iltalehdelle The Voice of Finland -ohjelman lehdist\u00f6tilaisuudessa.<\/p>\n<p><img decoding=\"async\" class=\"image image-show image-preview\" src=\"https:\/\/www.europesays.com\/fi\/wp-content\/uploads\/2026\/01\/927a8139691f586c1c26232f903a4bc414eacea799fea02dfcadbdeed71b9397.jpg\" alt=\"\"\/><img decoding=\"async\" class=\"image image-show\" src=\"https:\/\/www.europesays.com\/fi\/wp-content\/uploads\/2026\/01\/1768459507_972_927a8139691f586c1c26232f903a4bc414eacea799fea02dfcadbdeed71b9397.jpg\" alt=\"\"\/><\/p>\n<p>Heikki Paasosen nelihenkinen perhe muutti hiljattain uuteen asuntoon. Anniina Nikander<\/p>\n<p class=\"paragraph\">Uudessa kodissa Paasonen on joutunut jo muun muassa vaihtamaan ikkunatiivisteit\u00e4. Paasosen mukaan arki uudessa asunnossa on l\u00e4htenyt k\u00e4yntiin mahtavasti.<\/p>\n<p class=\"paragraph\">\u2013 Olen kaivannut jonkinlaista konkretiaa el\u00e4m\u00e4\u00e4ni, koska ty\u00f6ni ovat niin abstrakteja, ett\u00e4 niist\u00e4 ei ole kenellek\u00e4\u00e4n mit\u00e4\u00e4n hy\u00f6ty\u00e4. Olen tyk\u00e4nnyt tarttua lapioon, luoda lunta ja korjata juttuja talossamme, h\u00e4n tunnelmoi.<\/p>\n<p class=\"paragraph\">Juontajan mukaan reilu satavuotias talo on tiilirakenteinen ja kodissa on massiivirakenteiset sein\u00e4t. Kivitalossa on kuitenkin se erikoinen puoli, ett\u00e4 kes\u00e4isin asunnossa on kuuma ja talvella kylm\u00e4.<\/p>\n<p class=\"paragraph\">\u2013 Se on ominaisuus, joka vain hyv\u00e4ksyt\u00e4\u00e4n, Paasonen toteaa.<\/p>\n<p class=\"paragraph\">\u2013 Mutta siell\u00e4 on hyv\u00e4t l\u00e4mmityssysteemit. P\u00f6ntt\u00f6uunin k\u00e4ytt\u00f6 on vanhassa talossa enemm\u00e4n huollollinen ja l\u00e4mp\u00f6\u00e4 tuottava asia eik\u00e4 vain ihasteltava asia, h\u00e4n lis\u00e4\u00e4.<\/p>\n<p class=\"paragraph\">Paasosen mukaan heill\u00e4 ei ole tulossa remontteja, mutta h\u00e4n on todella innoissaan talon mukana tulleista \u201dikuisuusprojekteista\u201d.<\/p>\n<p class=\"paragraph\">\u2013 Se on suojeltu talo, joten siin\u00e4 on esimerkiksi tietynlaiset kattotiilet, joita ei v\u00e4ltt\u00e4m\u00e4tt\u00e4 saa mist\u00e4\u00e4n. Joten etsin purkutalosivustoja, jotka myyv\u00e4t toisista katoista purettuja kattotiili\u00e4, joita sitten hamstrailen silt\u00e4 varalta, jos joskus menee katto rikki, h\u00e4n kertoo esimerkin.<\/p>\n<p class=\"paragraph\">Paasonen kertoi uutenavuotena <a href=\"https:\/\/www.instagram.com\/p\/DS7L8xLDLsY\/?hl=en\" target=\"_blank\" rel=\"noopener nofollow\">Instagram<\/a>-julkaisussaan toivovansa, ett\u00e4 t\u00e4n\u00e4 vuonna olisi v\u00e4hemm\u00e4n asuntoja ja muuttoja sek\u00e4 v\u00e4hemm\u00e4n uusia vauvoja. Nyt Paasonen vahvistaa lauseen tarkoittavan sit\u00e4, ett\u00e4 heid\u00e4n lapsikiinti\u00f6ns\u00e4 on tullut t\u00e4yteen.<\/p>\n<p class=\"paragraph\">\u2013 Meill\u00e4 on siit\u00e4 konsensus. Kyll\u00e4 meille riitt\u00e4\u00e4 t\u00e4m\u00e4 setti. Nyt olemme perinteinen suomalainen nelihenkinen perhe, Paasonen sanoo.<\/p>\n<p class=\"paragraph\">\u2013 <strong>Elastiselta<\/strong> voi kysy\u00e4, miten helppoa el\u00e4m\u00e4 on sen j\u00e4lkeen, jos tekee kolmannen lapsen. Maailma ei ole suunniteltu viisihenkisille perheille, koska kaikki systeemit ja autot menev\u00e4t uusiksi. Kaksi lasta pystyy hankkimaan muuttamatta hirve\u00e4sti omaa el\u00e4m\u00e4ntyyli\u00e4\u00e4n, juontaja jatkaa.<\/p>\n<p>Heikki Paasonen paljastaa, ett\u00e4 h\u00e4nen ja Marita-vaimonsa lapsikiinti\u00f6 on nyt t\u00e4ynn\u00e4. Elle Laitila<\/p>\n<p class=\"paragraph\">Paasonen toivoi tulevalta vuodelta my\u00f6s enemm\u00e4n parisuhdeaikaa. Juontaja haluaisi p\u00e4\u00e4st\u00e4 useammin kahdestaan treffeille puolisonsa kanssa.<\/p>\n<p class=\"paragraph\">\u2013 Unelmatreffini olisi varmaan jokin hotelliy\u00f6, ett\u00e4 saa nukkua pitk\u00e4\u00e4n. Toki unirytmimme on k\u00e4\u00e4ntynyt niin, ett\u00e4 her\u00e4\u00e4mme viimeist\u00e4\u00e4n kahdeksalta. Ehk\u00e4 eniten rakastan viinipaketti-illallisia: menn\u00e4\u00e4n hyv\u00e4\u00e4n ravintolaan ja tilataan pitk\u00e4 menu, jossa on paritettu upeat viinit ruoan kanssa.<\/p>\n<p class=\"paragraph\">\u2013 Jos Maritalta kysyy, h\u00e4n haluaisi varmaan kiivet\u00e4 vuoren p\u00e4\u00e4lle teltan kanssa ja hytist\u00e4 siell\u00e4. N\u00e4iden kahden \u00e4\u00e4rip\u00e4\u00e4n v\u00e4lill\u00e4 teemme n\u00e4it\u00e4 ratkaisuja, h\u00e4n lis\u00e4\u00e4 naurahtaen.<\/p>\n<p class=\"paragraph\"><strong>Mutta suostuisit kuitenkin kiipe\u00e4m\u00e4\u00e4n vuoren p\u00e4\u00e4lle?<\/strong><\/p>\n<p class=\"paragraph\">\u2013 No, Marita on \u00e4lynnyt sen, ett\u00e4 jos pit\u00e4\u00e4 kiivet\u00e4 vuorelle, niin ainakin siell\u00e4 pit\u00e4\u00e4 olla odottamassa hotelli. Tai jos telttaillaan, ei saa olla liikaa kiipeily\u00e4, Paasonen vastaa naurahtaen.<\/p>\n<p class=\"paragraph\">Viimeksi pari p\u00e4\u00e4si olemaan kahdestaan uudenvuodenp\u00e4iv\u00e4n\u00e4, kun lapset olivat hoidossa. Tuolloin he ainoastaan purkivat muuttolaatikoita.<\/p>\n<p class=\"paragraph\">\u2013 Se on silti kivaa p\u00e4\u00e4st\u00e4 kahdestaan tekem\u00e4\u00e4n tuollaisiakin juttuja. Siin\u00e4 samalla tulee juteltua ja oltua yhdess\u00e4. Lis\u00e4ksi k\u00e4mp\u00e4n laittaminen on mielest\u00e4ni ollut aina todella kivaa, h\u00e4n sanoo.<\/p>\n<p><script async src=\"\/\/www.instagram.com\/embed.js\"><\/script><\/p>\n","protected":false},"excerpt":{"rendered":"Heikki Paasonen kertoo Iltalehdelle perheens\u00e4 uudesta kodista. Lis\u00e4ksi h\u00e4n paljastaa h\u00e4nen ja vaimonsa yhteisymm\u00e4rryksess\u00e4 tehdyn p\u00e4\u00e4t\u00f6ksen. Edestakaisin muuttaminen&hellip;\n","protected":false},"author":2,"featured_media":142749,"comment_status":"","ping_status":"","sticky":false,"template":"","format":"standard","meta":{"footnotes":""},"categories":[136],"tags":[35,407,137,33,31,30,101,408,98,32,2140,140,139,109],"class_list":{"0":"post-142748","1":"post","2":"type-post","3":"status-publish","4":"format-standard","5":"has-post-thumbnail","7":"category-julkkikset","8":"tag-24h","9":"tag-celebrities","10":"tag-entertainment","11":"tag-fi","12":"tag-finland","13":"tag-finnish","14":"tag-ihmissuhteet","15":"tag-julkkikset","16":"tag-perhe","17":"tag-suomi","18":"tag-tosi-tv-ohjelmat","19":"tag-tv-ja-elokuvat","20":"tag-tv-ohjelmat","21":"tag-viihde"},"share_on_mastodon":{"url":"https:\/\/pubeurope.com\/@fi\/115897769832955929","error":""},"_links":{"self":[{"href":"https:\/\/www.europesays.com\/fi\/wp-json\/wp\/v2\/posts\/142748","targetHints":{"allow":["GET"]}}],"collection":[{"href":"https:\/\/www.europesays.com\/fi\/wp-json\/wp\/v2\/posts"}],"about":[{"href":"https:\/\/www.europesays.com\/fi\/wp-json\/wp\/v2\/types\/post"}],"author":[{"embeddable":true,"href":"https:\/\/www.europesays.com\/fi\/wp-json\/wp\/v2\/users\/2"}],"replies":[{"embeddable":true,"href":"https:\/\/www.europesays.com\/fi\/wp-json\/wp\/v2\/comments?post=142748"}],"version-history":[{"count":0,"href":"https:\/\/www.europesays.com\/fi\/wp-json\/wp\/v2\/posts\/142748\/revisions"}],"wp:featuredmedia":[{"embeddable":true,"href":"https:\/\/www.europesays.com\/fi\/wp-json\/wp\/v2\/media\/142749"}],"wp:attachment":[{"href":"https:\/\/www.europesays.com\/fi\/wp-json\/wp\/v2\/media?parent=142748"}],"wp:term":[{"taxonomy":"category","embeddable":true,"href":"https:\/\/www.europesays.com\/fi\/wp-json\/wp\/v2\/categories?post=142748"},{"taxonomy":"post_tag","embeddable":true,"href":"https:\/\/www.europesays.com\/fi\/wp-json\/wp\/v2\/tags?post=142748"}],"curies":[{"name":"wp","href":"https:\/\/api.w.org\/{rel}","templated":true}]}}