{"id":142750,"date":"2026-01-15T06:48:07","date_gmt":"2026-01-15T06:48:07","guid":{"rendered":"https:\/\/www.europesays.com\/fi\/142750\/"},"modified":"2026-01-15T06:48:07","modified_gmt":"2026-01-15T06:48:07","slug":"hbon-seksikkain-sarja-jatkuu-huhtikuussa-neljan-vuoden-odotuksen-jalkeen","status":"publish","type":"post","link":"https:\/\/www.europesays.com\/fi\/142750\/","title":{"rendered":"HBO:n seksikk\u00e4in sarja jatkuu huhtikuussa nelj\u00e4n vuoden odotuksen j\u00e4lkeen"},"content":{"rendered":"<p>Zendayan ja Sydney Sweeneyn t\u00e4hditt\u00e4m\u00e4 Euphoria-sarja jatkuu uusin jaksoin huhtikuussa.<\/p>\n<p>Sam Levinsonin luoma, k\u00e4sikirjoittama, ohjaama ja tuottama <a href=\"https:\/\/muropaketti.com\/avainsana\/euphoria\/\" rel=\"nofollow noopener\" target=\"_blank\">Euphoria<\/a>-sarja saa vihdoinkin jatkoa. Sen kolmas tuotantokausi alkaa HBO Maxilla maanantaina 13. huhtikuuta, nelj\u00e4 vuotta edelt\u00e4v\u00e4n kauden j\u00e4lkeen. <\/p>\n<p>Kahdeksasta jaksosta koostuvan kauden jaksot julkaistaan yksi kerrallaan viikoittain.<\/p>\n<p>Euphorian kolmannella tuotantokaudella lapsuudenyst\u00e4v\u00e4t kamppailevat uskon voiman, pelastuksen mahdollisuuden ja pahuuden ongelmallisuuden kanssa. Sarja hypp\u00e4\u00e4 ajassa viisi vuotta eteenp\u00e4in.<\/p>\n<p>Sarjan kolmatta kautta t\u00e4hditt\u00e4v\u00e4t Zendaya, Hunter Schafer, Eric Dane, Jacob Elordi, Sydney Sweeney, Alexa Demie, Maude Apatow, Martha Kelly, Chloe Cherry, Adewale Akinnuoye Agbaje ja Toby Wallace.<\/p>\n<p>Mukana ovat my\u00f6s Colman Domingo, Dominic Fike, Nika King, Alanna Ubach, Sophia Rose Wilson, Melvin Bonez Estes, Daeg Faerch, Paula Marshall, Zak Steiner ja Marsha Gambles.<\/p>\n<p>Uusina kasvoina mukana ovat muun muassa Sharon Stone, ROSAL\u00cdA, Danielle Deadwyler, Marshawn Lynch, Anna Van Patten, Asante Blackk, Bella Podaras, Bill Bodner, Cailyn Rice, Christopher Ammanuel, Christopher Grove, Colleen Camp, Darrell Britt-Gibson, Eli Roth, Gideon Adlon, Hemky Madera, Homer Gere, Jack Topalian, James Landry H\u00e9bert, Jeff Wahlberg, Jessica Blair Herman, Justin Sintic, Kadeem Hardison, Kwame Patterson, Madison Thompson, Matthew Willig, Meredith Mickelson, Natasha Lyonne, Priscilla Delgado, Rebecca Pidgeon, Sam Trammell, Smilez, Trisha Paytas, Tyler Lawrence Gray ja Vinnie Hacker.<\/p>\n<p>Euphorian kolmas kausi on edellisen tapaan kuvattu filmille. Nyt k\u00e4yt\u00f6ss\u00e4 on 35mm:n filmin lis\u00e4ksi my\u00f6s 65mm filmi, joka on hyvin harvinaista televisiotuotannoissa.<\/p>\n<p><a href=\"https:\/\/muropaketti.com\/wp-content\/uploads\/2026\/01\/euphoria-zendaya.jpg\" rel=\"nofollow noopener\" target=\"_blank\"><img fetchpriority=\"high\" decoding=\"async\" width=\"1024\" height=\"786\" alt=\"Euphoria \/ Zendaya\" class=\"wp-image-918875 awpo-lazy\"  data- src=\"https:\/\/www.europesays.com\/fi\/wp-content\/uploads\/2026\/01\/euphoria-zendaya-1024x786.jpg\"\/><\/a>Kuva: \u00a9 HBO<\/p>\n","protected":false},"excerpt":{"rendered":"Zendayan ja Sydney Sweeneyn t\u00e4hditt\u00e4m\u00e4 Euphoria-sarja jatkuu uusin jaksoin huhtikuussa. Sam Levinsonin luoma, k\u00e4sikirjoittama, ohjaama ja tuottama Euphoria-sarja&hellip;\n","protected":false},"author":2,"featured_media":142751,"comment_status":"","ping_status":"","sticky":false,"template":"","format":"standard","meta":{"footnotes":""},"categories":[133],"tags":[137,9906,33,31,30,6730,280,1369,32,4184,206,1108,156,109,9272],"class_list":{"0":"post-142750","1":"post","2":"type-post","3":"status-publish","4":"format-standard","5":"has-post-thumbnail","7":"category-televisiot","8":"tag-entertainment","9":"tag-euphoria","10":"tag-fi","11":"tag-finland","12":"tag-finnish","13":"tag-hbo","14":"tag-hbo-max","15":"tag-sarjat","16":"tag-suomi","17":"tag-sydney-sweeney","18":"tag-televisiot","19":"tag-trailerit","20":"tag-tv","21":"tag-viihde","22":"tag-zendaya"},"share_on_mastodon":{"url":"https:\/\/pubeurope.com\/@fi\/115897781603235492","error":""},"_links":{"self":[{"href":"https:\/\/www.europesays.com\/fi\/wp-json\/wp\/v2\/posts\/142750","targetHints":{"allow":["GET"]}}],"collection":[{"href":"https:\/\/www.europesays.com\/fi\/wp-json\/wp\/v2\/posts"}],"about":[{"href":"https:\/\/www.europesays.com\/fi\/wp-json\/wp\/v2\/types\/post"}],"author":[{"embeddable":true,"href":"https:\/\/www.europesays.com\/fi\/wp-json\/wp\/v2\/users\/2"}],"replies":[{"embeddable":true,"href":"https:\/\/www.europesays.com\/fi\/wp-json\/wp\/v2\/comments?post=142750"}],"version-history":[{"count":0,"href":"https:\/\/www.europesays.com\/fi\/wp-json\/wp\/v2\/posts\/142750\/revisions"}],"wp:featuredmedia":[{"embeddable":true,"href":"https:\/\/www.europesays.com\/fi\/wp-json\/wp\/v2\/media\/142751"}],"wp:attachment":[{"href":"https:\/\/www.europesays.com\/fi\/wp-json\/wp\/v2\/media?parent=142750"}],"wp:term":[{"taxonomy":"category","embeddable":true,"href":"https:\/\/www.europesays.com\/fi\/wp-json\/wp\/v2\/categories?post=142750"},{"taxonomy":"post_tag","embeddable":true,"href":"https:\/\/www.europesays.com\/fi\/wp-json\/wp\/v2\/tags?post=142750"}],"curies":[{"name":"wp","href":"https:\/\/api.w.org\/{rel}","templated":true}]}}