{"id":142760,"date":"2026-01-15T06:57:10","date_gmt":"2026-01-15T06:57:10","guid":{"rendered":"https:\/\/www.europesays.com\/fi\/142760\/"},"modified":"2026-01-15T06:57:10","modified_gmt":"2026-01-15T06:57:10","slug":"lihahyllyihin-tulossa-mullistus-kauppajatit-kommentoivat-eu-sopimusta","status":"publish","type":"post","link":"https:\/\/www.europesays.com\/fi\/142760\/","title":{"rendered":"Lihahyllyihin tulossa mullistus? Kauppaj\u00e4tit kommentoivat EU-sopimusta"},"content":{"rendered":"<p>Iltalehti kysyi kauppaj\u00e4teilt\u00e4, onko lihahyllyille tulossa muutoksia Mercosur-sopimuksen my\u00f6t\u00e4.<\/p>\n<p><img decoding=\"async\" class=\"image image-show image-preview\" src=\"https:\/\/www.europesays.com\/fi\/wp-content\/uploads\/2026\/01\/43a53093d8c3f6390eb06ca229e38d26ce6f07b83c03ba0b71469a5c0f03d6cc.jpg\" alt=\"\"\/><img decoding=\"async\" class=\"image image-show\" src=\"https:\/\/www.europesays.com\/fi\/wp-content\/uploads\/2026\/01\/1768460230_443_43a53093d8c3f6390eb06ca229e38d26ce6f07b83c03ba0b71469a5c0f03d6cc.jpg\" alt=\"\"\/><\/p>\n<p>Kuvituskuva. Tuuli Lindgren<\/p>\n<p class=\"paragraph\">EU:ssa sovun saavuttaneen Mercosur-vapaakauppasopimuksen vaikutukset voivat n\u00e4ky\u00e4 suomalaiskauppojen hyllyill\u00e4 kuluvana vuonna.<\/p>\n<p class=\"paragraph\">Mercosur avaa Brasilian, Argentiinan, Paraguayn ja Uruguayn markkinat ja poistaa tullit 90-prosenttisesti. <a href=\"https:\/\/www.iltalehti.fi\/talous\/b4e3ca82-77db-406d-851a-532c18deaf02\" rel=\"nofollow noopener\" target=\"_blank\">Iltalehti kertoi<\/a> tiistaina, ett\u00e4 Etel\u00e4-Amerikasta voisi saapua Suomeen erityisesti halpaa naudanlihaa.<\/p>\n<p class=\"paragraph\">Kysyimme nyt isoimmilta p\u00e4ivitt\u00e4istavarakauppaketjuilta, onko lihahyllyjen valikoimiin tulossa muutoksia sopimuksen my\u00f6t\u00e4.<\/p>\n<p class=\"paragraph\">S-ryhm\u00e4st\u00e4 viestit\u00e4\u00e4n Iltalehdelle, ett\u00e4 ketjun tavoitteena on pit\u00e4\u00e4 myydyn lihan kotimaisuusaste korkeana tulevaisuudessakin.<\/p>\n<p class=\"paragraph\">\u2013 Myym\u00e4mme lihan kotimaisuusaste on yli 90 prosenttia, jauhelihassa 100, sanoo SOK:n tuoteryhm\u00e4johtaja <strong>Heidi Salmi<\/strong> s\u00e4hk\u00f6postivastauksessaan.<\/p>\n<p class=\"paragraph\">S-ryhm\u00e4ll\u00e4 on toistaiseksi valikoimissaan vain yksitt\u00e4isi\u00e4 tuotteita Etel\u00e4-Amerikasta. Salmen mukaan valikoimat kuitenkin el\u00e4v\u00e4t jatkuvasti, ja ketju pyrkii vastaamaan asiakastarpeisiin kattavasti.<\/p>\n<p class=\"paragraph\">\u2013 Teht\u00e4v\u00e4n\u00e4mme on omilla toimenpiteill\u00e4 varmistaa, ett\u00e4 asiakkaillemme on tarjolla monipuolinen tarjonta jatkossakin.<\/p>\n<p>Kesko ja Lidl vastaavat<\/p>\n<p class=\"paragraph\">Keskosta viestit\u00e4\u00e4n Iltalehdelle, ettei ketju ole toistaiseksi k\u00e4sitellyt Mercosur-sopimuksen mahdollisia vaikutuksia valikoimiin.<\/p>\n<p class=\"paragraph\">\u2013 Kotimaisuus on erityisesti lihassa asiakkaillemme t\u00e4rke\u00e4 valintakriteeri, ja my\u00f6s meille Keskossa arvovalinta, kertoo Keskon osto- ja myyntijohtaja <strong>Carita Rissanen<\/strong> s\u00e4hk\u00f6postitse.<\/p>\n<p class=\"paragraph\">Rissasen mukaan ulkomaisen lihan osuus Keskon valikoimasta on yleisesti hyvin pieni.<\/p>\n<p class=\"paragraph\">\u2013 Olemme esimerkiksi linjanneet, ett\u00e4 kaikki omien merkkiemme tuorelihatuotteet ovat aina sataprosenttisesti kotimaisia.<\/p>\n<p class=\"paragraph\">Lidlin mukaan mahdollisia vaikutuksia on liian varhaista kommentoida.<\/p>\n<p class=\"paragraph\">\u2013 Kuten varmaan jo tied\u00e4tkin, jos EU-hyv\u00e4ksynt\u00e4 saadaan suunnitellusti maaliin, voi kauppasopimus tulla voimaan ja yritysten hy\u00f6dynnett\u00e4v\u00e4ksi vuoden 2026 loppupuolella, Lidlin viestinn\u00e4st\u00e4 kerrotaan.<\/p>\n<p>Hintavaikutukset<\/p>\n<p class=\"paragraph\"><a href=\"https:\/\/www.iltalehti.fi\/talous\/b4e3ca82-77db-406d-851a-532c18deaf02\" rel=\"nofollow noopener\" target=\"_blank\">Iltalehti uutisoi tiistaina<\/a>, ett\u00e4 Mercosur-vapaakauppasopimus voi vaikuttaa naudanlihan hintaan jo ensi viikolla.<\/p>\n<p class=\"paragraph\">Maa- ja mets\u00e4taloustuottajain Keskusliiton (MTK) liha-asiantuntija <strong>Juho Kynt\u00e4j\u00e4<\/strong> kertoi Iltalehdelle, ett\u00e4 Etel\u00e4-Amerikasta mahdollisesti kasvava lihan tuonti osuu erityisesti naudanlihaan.<\/p>\n<p class=\"paragraph\">\u2013 Sanotaan n\u00e4in, ett\u00e4 sill\u00e4 on potentiaalia vaikuttaa kielteisesti Suomen lihamarkkinoihin tuottajien kannalta. Mutta se, kuinka t\u00e4m\u00e4 toteutuu, on tietysti viel\u00e4 monesta asiasta kiinni, Kynt\u00e4j\u00e4 ennakoi.<\/p>\n<p class=\"paragraph\">S-ryhm\u00e4 ei kommentoi tulevaa hintakehityst\u00e4 vedoten kilpailulains\u00e4\u00e4d\u00e4nt\u00f6\u00f6n.<\/p>\n<p class=\"paragraph\">\u2013 Yleisesti ottaen hinnoitteluun vaikuttaa aina moni eri asia, kuten ostohinta ja markkinatilanne, Heidi Salmi sanoo.<\/p>\n<p class=\"paragraph\">My\u00f6sk\u00e4\u00e4n Kesko ja Lidl eiv\u00e4t vastanneet kysymyksiin mahdollisista hintavaikutuksista.<\/p>\n","protected":false},"excerpt":{"rendered":"Iltalehti kysyi kauppaj\u00e4teilt\u00e4, onko lihahyllyille tulossa muutoksia Mercosur-sopimuksen my\u00f6t\u00e4. Kuvituskuva. Tuuli Lindgren EU:ssa sovun saavuttaneen Mercosur-vapaakauppasopimuksen vaikutukset voivat&hellip;\n","protected":false},"author":2,"featured_media":142761,"comment_status":"","ping_status":"","sticky":false,"template":"","format":"standard","meta":{"footnotes":""},"categories":[14],"tags":[35,22,23,2199,26,27,33,31,30,17,12301,898,3187,24,25,28,29,15,18,21,2198,32,19,20,56,16,59,60,61],"class_list":{"0":"post-142760","1":"post","2":"type-post","3":"status-publish","4":"format-standard","5":"has-post-thumbnail","7":"category-ulkomaat","8":"tag-24h","9":"tag-breaking-news","10":"tag-breakingnews","11":"tag-elintarvikekauppa-ja-supermarketit","12":"tag-featured-news","13":"tag-featurednews","14":"tag-fi","15":"tag-finland","16":"tag-finnish","17":"tag-headlines","18":"tag-k-ryhma","19":"tag-kulutustavarat","20":"tag-kulutustavarat-ja-palvelut-sektori","21":"tag-latest-news","22":"tag-latestnews","23":"tag-main-news","24":"tag-mainnews","25":"tag-news","26":"tag-otsikot","27":"tag-paauutiset","28":"tag-paivittaistavarat-sektori","29":"tag-suomi","30":"tag-top-stories","31":"tag-topstories","32":"tag-ulkomaat","33":"tag-uutiset","34":"tag-world","35":"tag-world-news","36":"tag-worldnews"},"share_on_mastodon":{"url":"https:\/\/pubeurope.com\/@fi\/115897817098331793","error":""},"_links":{"self":[{"href":"https:\/\/www.europesays.com\/fi\/wp-json\/wp\/v2\/posts\/142760","targetHints":{"allow":["GET"]}}],"collection":[{"href":"https:\/\/www.europesays.com\/fi\/wp-json\/wp\/v2\/posts"}],"about":[{"href":"https:\/\/www.europesays.com\/fi\/wp-json\/wp\/v2\/types\/post"}],"author":[{"embeddable":true,"href":"https:\/\/www.europesays.com\/fi\/wp-json\/wp\/v2\/users\/2"}],"replies":[{"embeddable":true,"href":"https:\/\/www.europesays.com\/fi\/wp-json\/wp\/v2\/comments?post=142760"}],"version-history":[{"count":0,"href":"https:\/\/www.europesays.com\/fi\/wp-json\/wp\/v2\/posts\/142760\/revisions"}],"wp:featuredmedia":[{"embeddable":true,"href":"https:\/\/www.europesays.com\/fi\/wp-json\/wp\/v2\/media\/142761"}],"wp:attachment":[{"href":"https:\/\/www.europesays.com\/fi\/wp-json\/wp\/v2\/media?parent=142760"}],"wp:term":[{"taxonomy":"category","embeddable":true,"href":"https:\/\/www.europesays.com\/fi\/wp-json\/wp\/v2\/categories?post=142760"},{"taxonomy":"post_tag","embeddable":true,"href":"https:\/\/www.europesays.com\/fi\/wp-json\/wp\/v2\/tags?post=142760"}],"curies":[{"name":"wp","href":"https:\/\/api.w.org\/{rel}","templated":true}]}}