{"id":142762,"date":"2026-01-15T06:58:14","date_gmt":"2026-01-15T06:58:14","guid":{"rendered":"https:\/\/www.europesays.com\/fi\/142762\/"},"modified":"2026-01-15T06:58:14","modified_gmt":"2026-01-15T06:58:14","slug":"thaimaassa-jalleen-nosturionnettomuus-kaksi-kuollut-uutisia-lyhyesti","status":"publish","type":"post","link":"https:\/\/www.europesays.com\/fi\/142762\/","title":{"rendered":"Thaimaassa j\u00e4lleen nosturionnettomuus \u2013 kaksi kuollut | Uutisia lyhyesti"},"content":{"rendered":"<p class=\"aw-1gybjub aw-1p7kakr kEtdKx cEmitX yle__article__paragraph\">Rakennusty\u00f6maan nosturin romahdus tappoi kaksi ihmist\u00e4 torstaina l\u00e4hell\u00e4 Bangkokia.<\/p>\n<p class=\"aw-1gybjub aw-1p7kakr kEtdKx cEmitX yle__article__paragraph\">Thaimaan ministerin mukaan sama tienrakennusyritys oli osallisena my\u00f6s <a class=\"aw-iao6s4 iHOxEa yle__article__link\" href=\"https:\/\/yle.fi\/a\/74-20204130\" role=\"link\" rel=\"nofollow noopener\" target=\"_blank\">keskiviikkona<\/a> junaradalla tapahtuneessa nosturionnettomuudessa, jossa kuoli 32 ihmist\u00e4.<\/p>\n<p class=\"aw-1gybjub aw-1p7kakr kEtdKx cEmitX yle__article__paragraph\">Rakennusyritys on yksi Thaimaan suurimmista.<\/p>\n<p class=\"aw-1gybjub aw-1p7kakr kEtdKx cEmitX yle__article__paragraph\">Uutistoimisto AFP:n mukaan yritys on ollut osallinen moneen kuolemaan johtaneeseen ty\u00f6maaonnettomuuteen viime vuosina.<\/p>\n","protected":false},"excerpt":{"rendered":"Rakennusty\u00f6maan nosturin romahdus tappoi kaksi ihmist\u00e4 torstaina l\u00e4hell\u00e4 Bangkokia. Thaimaan ministerin mukaan sama tienrakennusyritys oli osallisena my\u00f6s keskiviikkona&hellip;\n","protected":false},"author":2,"featured_media":142763,"comment_status":"","ping_status":"","sticky":false,"template":"","format":"standard","meta":{"footnotes":""},"categories":[12],"tags":[22,23,26,27,33,31,30,17,24,25,28,29,15,24511,837,18,21,32,2911,19,20,24513,24512,56,16],"class_list":{"0":"post-142762","1":"post","2":"type-post","3":"status-publish","4":"format-standard","5":"has-post-thumbnail","7":"category-suomi","8":"tag-breaking-news","9":"tag-breakingnews","10":"tag-featured-news","11":"tag-featurednews","12":"tag-fi","13":"tag-finland","14":"tag-finnish","15":"tag-headlines","16":"tag-latest-news","17":"tag-latestnews","18":"tag-main-news","19":"tag-mainnews","20":"tag-news","21":"tag-nosturit","22":"tag-onnettomuudet","23":"tag-otsikot","24":"tag-paauutiset","25":"tag-suomi","26":"tag-thaimaa","27":"tag-top-stories","28":"tag-topstories","29":"tag-tyomaaonnettomuudet","30":"tag-tyomaat","31":"tag-ulkomaat","32":"tag-uutiset"},"share_on_mastodon":{"url":"https:\/\/pubeurope.com\/@fi\/115897821013287398","error":""},"_links":{"self":[{"href":"https:\/\/www.europesays.com\/fi\/wp-json\/wp\/v2\/posts\/142762","targetHints":{"allow":["GET"]}}],"collection":[{"href":"https:\/\/www.europesays.com\/fi\/wp-json\/wp\/v2\/posts"}],"about":[{"href":"https:\/\/www.europesays.com\/fi\/wp-json\/wp\/v2\/types\/post"}],"author":[{"embeddable":true,"href":"https:\/\/www.europesays.com\/fi\/wp-json\/wp\/v2\/users\/2"}],"replies":[{"embeddable":true,"href":"https:\/\/www.europesays.com\/fi\/wp-json\/wp\/v2\/comments?post=142762"}],"version-history":[{"count":0,"href":"https:\/\/www.europesays.com\/fi\/wp-json\/wp\/v2\/posts\/142762\/revisions"}],"wp:featuredmedia":[{"embeddable":true,"href":"https:\/\/www.europesays.com\/fi\/wp-json\/wp\/v2\/media\/142763"}],"wp:attachment":[{"href":"https:\/\/www.europesays.com\/fi\/wp-json\/wp\/v2\/media?parent=142762"}],"wp:term":[{"taxonomy":"category","embeddable":true,"href":"https:\/\/www.europesays.com\/fi\/wp-json\/wp\/v2\/categories?post=142762"},{"taxonomy":"post_tag","embeddable":true,"href":"https:\/\/www.europesays.com\/fi\/wp-json\/wp\/v2\/tags?post=142762"}],"curies":[{"name":"wp","href":"https:\/\/api.w.org\/{rel}","templated":true}]}}