{"id":142764,"date":"2026-01-15T06:59:09","date_gmt":"2026-01-15T06:59:09","guid":{"rendered":"https:\/\/www.europesays.com\/fi\/142764\/"},"modified":"2026-01-15T06:59:09","modified_gmt":"2026-01-15T06:59:09","slug":"kela-lopettaa-paperikirjeiden-lahettamisen-torstaina","status":"publish","type":"post","link":"https:\/\/www.europesays.com\/fi\/142764\/","title":{"rendered":"Kela lopettaa paperikirjeiden l\u00e4hett\u00e4misen torstaina"},"content":{"rendered":"<p>OmaKela-palvelun k\u00e4yt\u00f6st\u00e4 tulee entist\u00e4 t\u00e4rke\u00e4mp\u00e4\u00e4 torstaista eteenp\u00e4in.<\/p>\n<p class=\"article-body mb-nof-24 px-nof-16\">Kela lopettaa paperikirjeiden l\u00e4hett\u00e4misen OmaKela-k\u00e4ytt\u00e4jille 15. tammikuuta. P\u00e4\u00e4t\u00f6kset ja kirjeet tulevat jatkossa vain s\u00e4hk\u00f6isesti verkkopalveluun.<\/p>\n<p class=\"article-body mb-nof-24 px-nof-16\">Muutos koskee kaikkia, jotka k\u00e4ytt\u00e4v\u00e4t OmaKelaa ja ovat ilmoittaneet s\u00e4hk\u00f6postiosoitteensa tai puhelinnumeronsa. Samaa kirjett\u00e4 ei en\u00e4\u00e4 l\u00e4hetet\u00e4 postitse.<\/p>\n<p class=\"article-body mb-nof-24 px-nof-16\">Paperipostia voivat jatkossa saada Kelalta p\u00e4\u00e4asiassa ne asiakkaat, jotka eiv\u00e4t k\u00e4yt\u00e4 OmaKelaa. My\u00f6s OmaKelaa k\u00e4ytt\u00e4v\u00e4 asiakas silti saada paperipostia, jos valitsee sen OmaKelassa tai Kelan asiakaspalvelussa.<\/p>\n<p class=\"article-body mb-nof-24 px-nof-16\">Kun uusi p\u00e4\u00e4t\u00f6s tai kirje on luettavissa OmaKelassa, asiakas saa ilmoituksen Suomi.fi-viestin\u00e4, s\u00e4hk\u00f6postilla tai tekstiviestill\u00e4.<\/p>\n<p class=\"article-body mb-nof-24 px-nof-16\">Lue lis\u00e4\u00e4: <a class=\"underline underline-offset-[0.12em] [text-decoration-thickness:var(--generic-link-underline-thickness)] [text-decoration-color:var(--generic-link-underline-color)] [text-decoration-skip-ink:var(--generic-link-underline-skip-ink)] break-words\" href=\"https:\/\/www.is.fi\/digitoday\/art-2000011734165.html\" rel=\"nofollow noopener\" target=\"_blank\">Suomalaisia koskeva kriittinen muutos tulossa \u2013 yksi ihmis\u00adryhm\u00e4 kiipeliss\u00e4: \u201dEi onnistu itsen\u00e4isesti arviolta 90 prosentilta\u201d<\/a><\/p>\n<p class=\"article-body mb-nof-24 px-nof-16\">Muutos perustuu marraskuussa 2025 hyv\u00e4ksyttyyn Kela-lain uudistukseen.<\/p>\n<p class=\"article-body mb-nof-24 px-nof-16\">\u2013 P\u00e4\u00e4t\u00f6kset ja kirjeet ovat olleet saatavilla OmaKelassa jo pitk\u00e4\u00e4n, ja yli 1,5 miljoonaa asiakastamme on luopunut paperipostista. S\u00e4hk\u00f6inen asiointi on monelle nopein ja helpoin tapa saada tieto p\u00e4\u00e4t\u00f6ksist\u00e4, sanoo ryhm\u00e4p\u00e4\u00e4llikk\u00f6 <a class=\"font-bold underline-offset-[0.12em] [text-decoration:var(--person-link-text-decoration)] ![text-decoration-color:var(--person-link-text-decoration-color)]\" href=\"https:\/\/www.is.fi\/haku\/?query=Anu%20Lantonen\" rel=\"nofollow noopener\" target=\"_blank\">Anu Lantonen<\/a> Kelan etuusasiakirjatuotannosta tiedotteessa.<\/p>\n<p class=\"article-body mb-nof-24 px-nof-16\">Muutos ei koske ihmisi\u00e4, jotka ovat valtuuttaneet jonkun muun asioimaan puolestaan. Valtuutettu ihminen voi kuitenkin luopua paperipostista valtuutettunsa puolesta OmaKelassa.<\/p>\n<p class=\"article-body mb-nof-24 px-nof-16\">Osa kirjeist\u00e4 toimitetaan jatkossakin sek\u00e4 OmaKelaan ett\u00e4 postitse. N\u00e4it\u00e4 ovat muun muassa perhe-el\u00e4kkeisiin, el\u00e4kkeen lapsikorotukseen, el\u00e4ketukeen ja vammaistukiin liittyv\u00e4t kirjeet. Toimeentulotuen maksusitoumukset sek\u00e4 kuolinpesi\u00e4 koskevat kirjeet l\u00e4hetet\u00e4\u00e4n edelleen vain paperipostina.<\/p>\n<p class=\"article-body mb-nof-24 px-nof-16\">Vuonna 2025 Kela l\u00e4hetti noin kuusi miljoonaa kirjett\u00e4 paperipostina ja noin yhdeks\u00e4n miljoonaa paperittomasti. S\u00e4\u00e4st\u00f6j\u00e4 tulostus- ja postituskuluissa kertyi noin kuusi miljoonaa euroa.<\/p>\n<p class=\"article-body mb-nof-24 px-nof-16\">Vuonna 2026 my\u00f6s muut viranomaiset alkavat toimittaa kirjeit\u00e4 ensisijaisesti s\u00e4hk\u00f6isesti, kun s\u00e4hk\u00f6isen asioinnin ensisijaisuutta koskeva laki tulee voimaan. Digipostista tulee vuoden 2026 aikana viranomaisten ensisijainen tapa l\u00e4hett\u00e4\u00e4 laskut ja muut t\u00e4rke\u00e4t tiedoksiannot kansalaisille. Digiposteja ovat esimerkiksi Suomi.fi-viestit, Kivra ja OmaPosti.<\/p>\n<p class=\"article-body mb-nof-24 px-nof-16\">N\u00e4ist\u00e4 Suomi.fi-viestit on julkisen hallinnon yhteinen viestinv\u00e4lityspalvelu.<\/p>\n","protected":false},"excerpt":{"rendered":"OmaKela-palvelun k\u00e4yt\u00f6st\u00e4 tulee entist\u00e4 t\u00e4rke\u00e4mp\u00e4\u00e4 torstaista eteenp\u00e4in. Kela lopettaa paperikirjeiden l\u00e4hett\u00e4misen OmaKela-k\u00e4ytt\u00e4jille 15. tammikuuta. P\u00e4\u00e4t\u00f6kset ja kirjeet tulevat&hellip;\n","protected":false},"author":2,"featured_media":142765,"comment_status":"","ping_status":"","sticky":false,"template":"","format":"standard","meta":{"footnotes":""},"categories":[5],"tags":[22,23,26,27,33,31,30,17,34,24,25,28,29,15,18,21,32,19,20,16],"class_list":{"0":"post-142764","1":"post","2":"type-post","3":"status-publish","4":"format-standard","5":"has-post-thumbnail","7":"category-otsikot","8":"tag-breaking-news","9":"tag-breakingnews","10":"tag-featured-news","11":"tag-featurednews","12":"tag-fi","13":"tag-finland","14":"tag-finnish","15":"tag-headlines","16":"tag-ilta-sanomat","17":"tag-latest-news","18":"tag-latestnews","19":"tag-main-news","20":"tag-mainnews","21":"tag-news","22":"tag-otsikot","23":"tag-paauutiset","24":"tag-suomi","25":"tag-top-stories","26":"tag-topstories","27":"tag-uutiset"},"share_on_mastodon":{"url":"https:\/\/pubeurope.com\/@fi\/115897825049214075","error":""},"_links":{"self":[{"href":"https:\/\/www.europesays.com\/fi\/wp-json\/wp\/v2\/posts\/142764","targetHints":{"allow":["GET"]}}],"collection":[{"href":"https:\/\/www.europesays.com\/fi\/wp-json\/wp\/v2\/posts"}],"about":[{"href":"https:\/\/www.europesays.com\/fi\/wp-json\/wp\/v2\/types\/post"}],"author":[{"embeddable":true,"href":"https:\/\/www.europesays.com\/fi\/wp-json\/wp\/v2\/users\/2"}],"replies":[{"embeddable":true,"href":"https:\/\/www.europesays.com\/fi\/wp-json\/wp\/v2\/comments?post=142764"}],"version-history":[{"count":0,"href":"https:\/\/www.europesays.com\/fi\/wp-json\/wp\/v2\/posts\/142764\/revisions"}],"wp:featuredmedia":[{"embeddable":true,"href":"https:\/\/www.europesays.com\/fi\/wp-json\/wp\/v2\/media\/142765"}],"wp:attachment":[{"href":"https:\/\/www.europesays.com\/fi\/wp-json\/wp\/v2\/media?parent=142764"}],"wp:term":[{"taxonomy":"category","embeddable":true,"href":"https:\/\/www.europesays.com\/fi\/wp-json\/wp\/v2\/categories?post=142764"},{"taxonomy":"post_tag","embeddable":true,"href":"https:\/\/www.europesays.com\/fi\/wp-json\/wp\/v2\/tags?post=142764"}],"curies":[{"name":"wp","href":"https:\/\/api.w.org\/{rel}","templated":true}]}}