{"id":142766,"date":"2026-01-15T07:00:11","date_gmt":"2026-01-15T07:00:11","guid":{"rendered":"https:\/\/www.europesays.com\/fi\/142766\/"},"modified":"2026-01-15T07:00:11","modified_gmt":"2026-01-15T07:00:11","slug":"pudasjarvelle-lupa-kahden-suden-metsastykseen-pitajan-etelaisella-alueelle-havaintoja-jopa-kolmesta-sudesta","status":"publish","type":"post","link":"https:\/\/www.europesays.com\/fi\/142766\/","title":{"rendered":"Pudasj\u00e4rvelle lupa kahden suden mets\u00e4stykseen \u2013\u202fpit\u00e4j\u00e4n etel\u00e4isell\u00e4 alueelle havaintoja jopa kolmesta sudesta"},"content":{"rendered":"<p>\n      Suomen Riistakeskus on my\u00f6nt\u00e4nyt Pudasj\u00e4rven &#8211; Utaj\u00e4rven &#8211; Puolangan alueelle luvan kahden suden tappamiseen. Toinen vastaava lupa on my\u00f6nnetty Kuusamoon Kallioluoman paliskunnan alueelle.\n    <\/p>\n<p>\n      Poikkeuslupaa perustellaan sill\u00e4, ett\u00e4 alueen poroteurasm\u00e4\u00e4r\u00e4t ovat romahtaneet.\n    <\/p>\n<p class=\"article__paragraph\">\n      Pudasj\u00e4rven etel\u00e4osien tappoluvat ovat voimassa 12. helmikuuta saakka. Sudenmets\u00e4stykseen annettavalla luvalla my\u00f6nnettiin my\u00f6s oikeus k\u00e4ytt\u00e4\u00e4 mets\u00e4styksess\u00e4 enint\u00e4\u00e4n kymment\u00e4 moottorikelkkaa ja yht\u00e4 helikopteria.\n    <\/p>\n<p class=\"article__paragraph\">\n      Riistavahinkorekisterin tietojen mukaan Pudasj\u00e4rven etel\u00e4isell\u00e4 alueella on kirjattu elokuusta alkaen susista yhteens\u00e4 18 havaintoa, joissa on havaittu yksi, kaksi sek\u00e4 kolme sutta. Havaintoja on kirjattu sek\u00e4 it\u00e4- sek\u00e4 l\u00e4nsireunoilta.\n    <\/p>\n<p>    <img decoding=\"async\" class=\"responsive-image article__image-image lozad\"   src=\"https:\/\/www.europesays.com\/fi\/wp-content\/uploads\/2026\/01\/V-9Q5l3uFKAtFTldg3TwP7H_GCa9NuD37-PMpa2KNpBzVCMYdC7uiS0EczO8h5PShzVIpu0wNuvYeF56aLx2CKf0jrRVHm742z_g.jpeg\" alt=\"Pudasj\u00e4rvelle on my\u00f6nnetty lupa kahden suden ampumiseen. Kuvan susi on kuvattu Ranuan el\u00e4inpuistossa.\"\/><\/p>\n<p>\n                Pudasj\u00e4rvelle on my\u00f6nnetty lupa kahden suden ampumiseen. Kuvan susi on kuvattu Ranuan el\u00e4inpuistossa.\n              <\/p>\n<p>\n                Kuva: Kontiainen Jarmo\n              <\/p>\n<p class=\"article__paragraph\">\n      Pudasj\u00e4rven hakemusalueella on elokuun 2025 alusta alkaen ilmoitettu yhteens\u00e4 87 suden aiheuttamaa porovahinkoa. Viimeiset nelj\u00e4 porovahinkoa ovat tapahtuneet ilmoitusten mukaan joulukuun ja tammikuun aikana.\n    <\/p>\n<p class=\"article__paragraph\">\n      Hakemuksen mukaan alueella on 2 sutta, jotka liikkuvat poronhoitoalueella tai sen v\u00e4litt\u00f6m\u00e4ss\u00e4 l\u00e4heisyydess\u00e4.\n    <\/p>\n<p class=\"article__paragraph\">\n      Pudasj\u00e4rven alueella on ollut voimassa Suomen riistakeskuksen my\u00f6nt\u00e4mi\u00e4 poikkeuslupia ja niill\u00e4 on saatu saaliiksi kuluvan mets\u00e4styskauden 2025 -2026 aikana yhteens\u00e4 kolme sutta.\n    <\/p>\n<p class=\"article__paragraph\">\n      Suden kiinti\u00f6mets\u00e4styksen osalta on Pudasj\u00e4rven etel\u00e4puolelle Vaalan, Puolangan ja Utaj\u00e4rven Pahkavaaran alueelle my\u00f6nnetty lupa viiden suden kaatamiseen, mitk\u00e4 on jo k\u00e4ytetty. Utaj\u00e4rven alueella kaadettiin tammikuun alkup\u00e4ivin\u00e4 kolme urossutta ja kaksi naarassutta.\n    <\/p>\n<p>Suden kiinti\u00f6mets\u00e4styksen osalta on Pudasj\u00e4rven etel\u00e4puolelle Vaalan, Puolangan ja Utaj\u00e4rven Pahkavaaran alueelle my\u00f6nnetty lupa viiden suden kaatamiseen.<\/p>\n<p class=\"article__paragraph\">\n      Suomen riistakeskus katso, ett\u00e4 erityisen merkitt\u00e4v\u00e4\u00e4 vahinkoa aiheuttavan suden h\u00e4\u00e4t\u00e4minen \u00a0ei ole tyydytt\u00e4v\u00e4 ratkaisu suden aiheuttamien erityisen merkitt\u00e4vien vahinkojen est\u00e4miseksi, koska poroja tappava susi todenn\u00e4k\u00f6isesti palaa takaisin elinpiirilleen saalistamaan poroja tai siirtyy toiselle alueelle tappamaan poroja.\n    <\/p>\n<p class=\"article__paragraph\">\n      Lis\u00e4ksi poronhoidon luonne ja vallitsevat olosuhteet hakemusalueella, suden porotaloudelle aiheuttamia erityisen merkitt\u00e4vi\u00e4 vahinkoja ei k\u00e4yt\u00e4nn\u00f6ss\u00e4 voida ehk\u00e4ist\u00e4 my\u00f6sk\u00e4\u00e4n esimerkiksi aitaamalla taikka paimentamalla poroja.\n    <\/p>\n<p class=\"article__paragraph\">\n      Selvitykset ja k\u00e4yt\u00e4nn\u00f6n kokemus ovatkin Riistakeskuksen mukaan osoittaneet, ett\u00e4 poronhoitoalueella ei ole mets\u00e4styksen ohella t\u00e4ll\u00e4 hetkell\u00e4 k\u00e4yt\u00e4nn\u00f6ss\u00e4 toteutettavissa muita tyydytt\u00e4vi\u00e4 ratkaisuja suden aiheuttamien erityisen merkitt\u00e4vien porovahinkojen ehk\u00e4isemiseksi, sill\u00e4 maastossa vapaasti laiduntavien porojen suojaaminen on k\u00e4yt\u00e4nn\u00f6ss\u00e4 mahdotonta, ja vahinkoja syntyy porojen valvonnasta ja laitumilla l\u00e4sn\u00e4olosta huolimatta.\n    <\/p>\n<p class=\"article__paragraph\">\n      \u2013\u202fPorot laiduntavat t\u00e4h\u00e4n vuoden aikaan osittain vapaasti luonnossa, joten k\u00e4yt\u00e4nn\u00f6ss\u00e4 on mahdotonta est\u00e4\u00e4 suden aiheuttamat porovahingot muulla tavalla kuin poistamalla erityisen merkitt\u00e4v\u00e4\u00e4 vahinkoa aiheuttavat yksil\u00f6t tappamalla, todetaan lupap\u00e4\u00e4t\u00f6ksess\u00e4.\n    <\/p>\n<p>    <img decoding=\"async\" class=\"responsive-image article__image-image lozad\"   src=\"https:\/\/www.europesays.com\/fi\/wp-content\/uploads\/2026\/01\/AuO-VorH4xbMyy2bxurKgFLFYbu0pfjAjdpnYQjpauN2NhRXLcv5qE-PQ27ll2FJXrZIKlF7hzsMj0rKoJ5slMALIChFhmIMRT_B.jpeg\" alt=\"Luonnonvarakeskuksen karttatietojen mukaan Pudasj\u00e4rven etel\u00e4puolella on havaintoja useammasta sudesta\"\/><\/p>\n<p>\n                Luonnonvarakeskuksen karttatietojen mukaan Pudasj\u00e4rven etel\u00e4puolella on havaintoja useammasta sudesta\n              <\/p>\n<p>\n                Kuva: Luonnonvarakeskus Luke\n              <\/p>\n<p class=\"article__paragraph\">\n      Luonnonvarakeskuksen viimeisimm\u00e4n kanta-arvion mukaan maaliskuussa 2025 Suomessa arvioidaan olleen 413\u2013465 sutta. Arvio yksil\u00f6m\u00e4\u00e4r\u00e4st\u00e4 on noin 46 prosenttia suurempi kuin maaliskuuta 2024 koskeva arvio.\n    <\/p>\n<p class=\"article__paragraph\">\n      Suomessa oli maaliskuussa 2025 rajareviirit mukaan lukien yhteens\u00e4 76 parien ja perhelaumojen muodostamaa susireviiri\u00e4. N\u00e4ist\u00e4 perhelaumojen asuttamia oli 54\u201361 \u00a0ja susiparien asuttamia 15\u201322.\n    <\/p>\n<p class=\"article__paragraph\">\n      Susikanta painottuu voimakkaasti lounaiseen Suomeen. It\u00e4isen Suomen kannanhoitoalueella laumareviirej\u00e4 oli maaliskuussa yhteens\u00e4 11\u201314 ja kahden suden asuttamia reviirej\u00e4 6\u201310.\n    <\/p>\n<p class=\"article__paragraph\">\n      It\u00e4isen Suomen laumoista 3\u20135 arvioitiin liikkuvan Suomen ja Ven\u00e4j\u00e4n rajan molemmin puolin. Kahden suden asuttamista reviireist\u00e4 yksi sijaitsi valtakunnan rajalla.\n    <\/p>\n<p>          <img decoding=\"async\" src=\"https:\/\/www.europesays.com\/fi\/wp-content\/uploads\/2026\/01\/11792979--f99062ca-33fc-4ece-8296-a38e88684588.png\" alt=\"\"\/><\/p>\n<p>\n                Susireviirit Oulun alueella viime syksyn tilanteen mukaan.\n              <\/p>\n<p>\n                Tekij\u00e4: Liubov Alekseeva\n              <\/p>\n<p class=\"article__paragraph\">\n      Poronhoitoalueella ei ollut maaliskuussa 2025 todenn\u00e4k\u00f6isimmin yht\u00e4\u00e4n \u00a0lauma- tai parireviiri\u00e4. Syksyll\u00e4 2024 poronhoitoalueella arvioitiin olleen yhteens\u00e4 kuusi pari- tai laumareviiri\u00e4, joista yhdell\u00e4 eli perhelauma.\n    <\/p>\n<p class=\"article__paragraph\">\n      Talven aikana susia poistettiin poronhoitoalueelta vahinkoperusteisin luvin 26 yksil\u00f6\u00e4, mink\u00e4 seurauksena maaliskuussa 2025 reviireill\u00e4 arvioitiin olleen en\u00e4\u00e4 yksitt\u00e4isi\u00e4 susia.\n    <\/p>\n<p class=\"article__paragraph\">\n      Luonnonvarakeskuksen mukaan maaliskuussa 2025 Oulun riistakeskusalueella oli kuusi laumareviiri\u00e4: Ylivieska, Pyh\u00e4joki, Pulkkila, Vorna, Revonlahti ja Paavola). Parireviireja on kolme: Nivala, K\u00e4rs\u00e4m\u00e4ki sek\u00e4 Ylikiiminki.\n    <\/p>\n<p class=\"article__paragraph\">\n      Riistavahinkorekisterin tietojen mukaan Kuusamossa Kallioluoman alueelta on kirjattu elokuusta alkaen yhteens\u00e4 113 havaintotapahtumaa susista. Hakemuksen mukaan alueella on viisi sutta.\n    <\/p>\n<p class=\"article__paragraph\">\n      Luonnonvarakeskuksen tietoja susikanta l\u00f6ytyy Susikanta Suomessa maaliskuussa 2025 &#8211;<a href=\"https:\/\/www.luke.fi\/fi\/luonnonvaratieto\/tiedetta-ja-tietoa\/susi\/susikanta-suomessa-maaliskuussa-2025\" rel=\"nofollow noopener\" target=\"_blank\">julkaisusta<\/a> sek\u00e4 Suomen Riistakeskuksen <a href=\"https:\/\/riista.fi\/metsastys\/palvelut-metsastajalle\/lupahallinto\/lupapaatokset\/\" rel=\"nofollow noopener\" target=\"_blank\">nettisivulta <\/a>poikkeusluvat suurpetojen mets\u00e4stykseen.\n    <\/p>\n<p>Fakta<\/p>\n<p>      Suden mets\u00e4stys<\/p>\n<p class=\"article__fact-paragraph\">\n      Lupa kahden suden ampumiseen on annettu tiedoksi muun muassa Pudasj\u00e4rven, Utaj\u00e4rven ja Puolangan riistanhoitoyhdistyksille.\n    <\/p>\n<p class=\"article__fact-paragraph\">\n      Lupa on annettu kaikkiaan 259\u202f000 hehtaarin alueelle.\n    <\/p>\n<p class=\"article__fact-paragraph\">\n      Lupa-alue rajoittuu pohjoisesta it\u00e4\u00e4n Rissasenper\u00e4st\u00e4 Hirvaskoskelle, Siivikkoon ja edelleen Jaurakkaj\u00e4rvelle. Puolangan puolella alue rajautuu Housuvaaraan ja Jourkunaan.\n    <\/p>\n<p class=\"article__fact-paragraph\">\n      Etel\u00e4ss\u00e4 ja l\u00e4nness\u00e4 alue rajautuu Viinikoskelta Hetekyl\u00e4\u00e4n ja edelleen K\u00e4rjenper\u00e4n ja Taipaleenharjun kautta Kurenalan etel\u00e4puolelle.\n    <\/p>\n<p class=\"article__fact-paragraph\">\n      Luonnonvarakeskuksen <a href=\"https:\/\/luonnonvaratieto.luke.fi\/kartat?panel=suurpedot\" rel=\"nofollow noopener\" target=\"_blank\">karttapalvelun<\/a> mukaan Kiimingin kaakkoisosan, Utaj\u00e4rven ja Puolangan alueella olisi kaksi susireviiri\u00e4 sek\u00e4 yksitt\u00e4isi\u00e4 susihavaintoja.\n    <\/p>\n<p class=\"article__fact-paragraph\">\n      Suden kiinti\u00f6mets\u00e4stys sallittiin vuoden alusta alkaen. Se toteutettiin 16 alueellisen kiinti\u00f6n puitteissa. Yksi alueista oli Pahkavaara, joka sijatisi Pudasj\u00e4rven etel\u00e4puolella Puolangan, Utaj\u00e4rven ja Vaalan alueella. Kiinti\u00f6n kokonaism\u00e4\u00e4r\u00e4ksi tuli 100 tappolupaa. pahkavaaran alueelle niist\u00e4 my\u00f6nnettiin viisi.\n    <\/p>\n<p class=\"article__fact-paragraph\">\n      Suomen susikannan suotuisa suojelutaso on Maa- ja mets\u00e4talousministeri\u00f6n mukaan 273 sutta.\n    <\/p>\n<p class=\"article__fact-paragraph\">\n      Kiinti\u00f6mets\u00e4styksen tavoitteena on pienent\u00e4\u00e4 nykyist\u00e4 susikantaa ja ehk\u00e4ist\u00e4 suden aiheuttamia sosioekonomisia haittoja ja samalla vastata suden tuomiin huoliin turvallisuudesta ja vahingoista.\n    <\/p>\n","protected":false},"excerpt":{"rendered":"Suomen Riistakeskus on my\u00f6nt\u00e4nyt Pudasj\u00e4rven &#8211; Utaj\u00e4rven &#8211; Puolangan alueelle luvan kahden suden tappamiseen. Toinen vastaava lupa on&hellip;\n","protected":false},"author":2,"featured_media":142767,"comment_status":"","ping_status":"","sticky":false,"template":"","format":"standard","meta":{"footnotes":""},"categories":[117],"tags":[33,31,30,72,476,118,32,119,477],"class_list":{"0":"post-142766","1":"post","2":"type-post","3":"status-publish","4":"format-standard","5":"has-post-thumbnail","7":"category-luonto","8":"tag-fi","9":"tag-finland","10":"tag-finnish","11":"tag-luonto","12":"tag-nature","13":"tag-science","14":"tag-suomi","15":"tag-tiede","16":"tag-wildlife"},"share_on_mastodon":{"url":"https:\/\/pubeurope.com\/@fi\/115897828837945842","error":""},"_links":{"self":[{"href":"https:\/\/www.europesays.com\/fi\/wp-json\/wp\/v2\/posts\/142766","targetHints":{"allow":["GET"]}}],"collection":[{"href":"https:\/\/www.europesays.com\/fi\/wp-json\/wp\/v2\/posts"}],"about":[{"href":"https:\/\/www.europesays.com\/fi\/wp-json\/wp\/v2\/types\/post"}],"author":[{"embeddable":true,"href":"https:\/\/www.europesays.com\/fi\/wp-json\/wp\/v2\/users\/2"}],"replies":[{"embeddable":true,"href":"https:\/\/www.europesays.com\/fi\/wp-json\/wp\/v2\/comments?post=142766"}],"version-history":[{"count":0,"href":"https:\/\/www.europesays.com\/fi\/wp-json\/wp\/v2\/posts\/142766\/revisions"}],"wp:featuredmedia":[{"embeddable":true,"href":"https:\/\/www.europesays.com\/fi\/wp-json\/wp\/v2\/media\/142767"}],"wp:attachment":[{"href":"https:\/\/www.europesays.com\/fi\/wp-json\/wp\/v2\/media?parent=142766"}],"wp:term":[{"taxonomy":"category","embeddable":true,"href":"https:\/\/www.europesays.com\/fi\/wp-json\/wp\/v2\/categories?post=142766"},{"taxonomy":"post_tag","embeddable":true,"href":"https:\/\/www.europesays.com\/fi\/wp-json\/wp\/v2\/tags?post=142766"}],"curies":[{"name":"wp","href":"https:\/\/api.w.org\/{rel}","templated":true}]}}