{"id":142768,"date":"2026-01-15T07:11:07","date_gmt":"2026-01-15T07:11:07","guid":{"rendered":"https:\/\/www.europesays.com\/fi\/142768\/"},"modified":"2026-01-15T07:11:07","modified_gmt":"2026-01-15T07:11:07","slug":"joel-volanen-mari-hynynen-pelkasi-putoavansa-ensimmaisena-amazing-race-suomesta","status":"publish","type":"post","link":"https:\/\/www.europesays.com\/fi\/142768\/","title":{"rendered":"Joel Volanen: Mari Hynynen pelk\u00e4si putoavansa ensimm\u00e4isen\u00e4 Amazing Race Suomesta"},"content":{"rendered":"<p>\n            20251027, Helsinki. Amazing Race Suomi 2025 pressi. Kuvassa Mari Hynynen ja Joel Volanen.<br \/>\n            Timo Korhonen\n        <\/p>\n<p class=\"subtitle \">Mari Hynysen ja Joel Volasen Amazing Race Suomi -kisaan mahtui paljon ep\u00e4onnea.<\/p>\n<p class=\"article-content article-content-width !bg-background\"> kilpaili \u00e4itins\u00e4  (omaa sukua ) kanssa Amazing Race Suomessa. \u00c4itin ja pojan duo putosi kisasta kuitenkin viime lauantaina 10. tammikuuta.<\/p>\n<p class=\"article-content article-content-width !bg-background\"><a href=\"https:\/\/www.instagram.com\/p\/DTdHpfdDC-U\/?img_index=1\" target=\"_blank\" rel=\"nofollow noopener\">Nyt Joel on avannut mietteit\u00e4\u00e4n suomalaisten suosikkirealitysta Instagram-tilill\u00e4\u00e4n<\/a>.<\/p>\n<p class=\"article-content article-content-width !bg-background\">Joel muun muassa paljastaa, ett\u00e4 kaksikon osalta ei ole seitsem\u00e4nnest\u00e4 jaksosta kuvia muualta kuin paperilampun rakennuspisteelt\u00e4. Syyn\u00e4 oli se, ett\u00e4 kaksikko oli pisteell\u00e4 niin pitk\u00e4\u00e4n, ett\u00e4 valokuvaajat ehtiv\u00e4t l\u00e4hte\u00e4 muilta pisteilt\u00e4 kotiin. Kokonaisuudessaan Mari ja Joel viettiv\u00e4t lampun parissa kolme ja puoli tuntia.<\/p>\n<p>Marin pelko<\/p>\n<p class=\"article-content article-content-width !bg-background\">Joelin mukaan koko matka vet\u00e4\u00e4 h\u00e4net sanattomaksi. H\u00e4n kokee olevansa kiitollinen siit\u00e4, ett\u00e4 p\u00e4\u00e4si el\u00e4m\u00e4\u00e4n kokemuksen.<\/p>\n<p class=\"article-content article-content-width !bg-background\">\u2013 Jotenkin sit\u00e4 on tuhanteen kertaa k\u00e4ynyt mieless\u00e4 l\u00e4pi j\u00e4lkiviisaana, ett\u00e4 mit\u00e4 olisi pit\u00e4nyt tehd\u00e4, mutta n\u00e4in nyt k\u00e4vi, Joel toteaa ja lis\u00e4\u00e4:<\/p>\n<p class=\"article-content article-content-width !bg-background\">\u2013 \u00c4iti\u00e4 pelotti et l\u00e4het\u00e4\u00e4n ekana kotiin, min\u00e4 t\u00e4ht\u00e4sin top kolmeen, joten silleen mukava kompromissi t\u00e4m\u00e4 seitsem\u00e4s jakso.<\/p>\n<p>                <img decoding=\"async\" src=\"https:\/\/www.europesays.com\/fi\/wp-content\/uploads\/2026\/01\/1768461067_584_2026223.webp.jpeg\" width=\"576\" height=\"322\" title=\"Mari Hynynen ja Joel Volanen putosivat edellisess\u00e4 jaksossa.\" alt=\"Mari Hynynen (Perankoski), Joel Volanen, Amazing Race Suomi\" loading=\"lazy\" \/>            <\/p>\n<p>\n            Mari Hynynen ja Joel Volanen putosivat edellisess\u00e4 jaksossa.<br \/>\n            Sanoma\n        <\/p>\n<p>Ep\u00e4onni kulki rinnalla<\/p>\n<p class=\"article-content article-content-width !bg-background\">Joel pit\u00e4\u00e4 uskomattomana, ett\u00e4 kaksikko p\u00e4\u00e4si n\u00e4inkin pitk\u00e4lle ep\u00e4onnestaan huolimatta.<\/p>\n<p class=\"article-content article-content-width !bg-background\">\u2013 Nuolet kimpoilivat irti elukasta, etanakuski joka ajoi laittoman hitaasti, kuski joka kaappasi ja kaiken maailman kipeilyt vuoroin ja toisin, Joel luettelee.<\/p>\n<p class=\"article-content article-content-width !bg-background\">Mari esimerkiksi k\u00e4rsi kauden mittaan vatsavaivoista, jotka lopulta johtivat osaltaan parin pudotukseen.<\/p>\n<p class=\"article-content article-content-width !bg-background\">\u2013 N\u00e4iden my\u00f6t\u00e4 olin ihan varma useasti, ett\u00e4 pudotaan, ja pari kertaa tuli saavuttua vikaksi, mutta matka silti aina vaan jatkui, kunnes ei jatkunutkaan. Tavallaan sit\u00e4 osasi odottaa mutta tavallaan oli usko aina, ett\u00e4 kyll\u00e4 t\u00e4m\u00e4 t\u00e4st\u00e4.<\/p>\n<p class=\"italic m-italic article-content article-content-width !bg-background\">Amazing Race Suomi Nelosella ja Ruudussa lauantaisin.<\/p>\n<p><script async src=\"\/\/www.instagram.com\/embed.js\"><\/script><\/p>\n","protected":false},"excerpt":{"rendered":"20251027, Helsinki. Amazing Race Suomi 2025 pressi. Kuvassa Mari Hynynen ja Joel Volanen. Timo Korhonen Mari Hynysen ja&hellip;\n","protected":false},"author":2,"featured_media":142769,"comment_status":"","ping_status":"","sticky":false,"template":"","format":"standard","meta":{"footnotes":""},"categories":[136],"tags":[3177,407,137,15156,33,31,30,16090,408,8473,32,156,109],"class_list":{"0":"post-142768","1":"post","2":"type-post","3":"status-publish","4":"format-standard","5":"has-post-thumbnail","7":"category-julkkikset","8":"tag-amazing-race-suomi","9":"tag-celebrities","10":"tag-entertainment","11":"tag-epaonni","12":"tag-fi","13":"tag-finland","14":"tag-finnish","15":"tag-joel-volanen","16":"tag-julkkikset","17":"tag-mari-hynynen","18":"tag-suomi","19":"tag-tv","20":"tag-viihde"},"share_on_mastodon":{"url":"https:\/\/pubeurope.com\/@fi\/115897872061806521","error":""},"_links":{"self":[{"href":"https:\/\/www.europesays.com\/fi\/wp-json\/wp\/v2\/posts\/142768","targetHints":{"allow":["GET"]}}],"collection":[{"href":"https:\/\/www.europesays.com\/fi\/wp-json\/wp\/v2\/posts"}],"about":[{"href":"https:\/\/www.europesays.com\/fi\/wp-json\/wp\/v2\/types\/post"}],"author":[{"embeddable":true,"href":"https:\/\/www.europesays.com\/fi\/wp-json\/wp\/v2\/users\/2"}],"replies":[{"embeddable":true,"href":"https:\/\/www.europesays.com\/fi\/wp-json\/wp\/v2\/comments?post=142768"}],"version-history":[{"count":0,"href":"https:\/\/www.europesays.com\/fi\/wp-json\/wp\/v2\/posts\/142768\/revisions"}],"wp:featuredmedia":[{"embeddable":true,"href":"https:\/\/www.europesays.com\/fi\/wp-json\/wp\/v2\/media\/142769"}],"wp:attachment":[{"href":"https:\/\/www.europesays.com\/fi\/wp-json\/wp\/v2\/media?parent=142768"}],"wp:term":[{"taxonomy":"category","embeddable":true,"href":"https:\/\/www.europesays.com\/fi\/wp-json\/wp\/v2\/categories?post=142768"},{"taxonomy":"post_tag","embeddable":true,"href":"https:\/\/www.europesays.com\/fi\/wp-json\/wp\/v2\/tags?post=142768"}],"curies":[{"name":"wp","href":"https:\/\/api.w.org\/{rel}","templated":true}]}}