{"id":142770,"date":"2026-01-15T07:14:07","date_gmt":"2026-01-15T07:14:07","guid":{"rendered":"https:\/\/www.europesays.com\/fi\/142770\/"},"modified":"2026-01-15T07:14:07","modified_gmt":"2026-01-15T07:14:07","slug":"chachi-hilden-mukana-umkssa-lauloi-myos-masked-singerissa","status":"publish","type":"post","link":"https:\/\/www.europesays.com\/fi\/142770\/","title":{"rendered":"Chachi Hild\u00e9n mukana UMK:ssa: Lauloi my\u00f6s Masked Singeriss\u00e4"},"content":{"rendered":"<p>\n            UMK: Chachi Hild\u00e9n<br \/>\n            Miska Voinoff \/ Yle\n        <\/p>\n<p class=\"subtitle \">Chachi Hild\u00e9n on UMK-artisti, mutta h\u00e4n on osallistunut aiemminkin laulukisaan. Tuolloin esiintyminen poiki h\u00e4nelle levytyssopimuksen.<\/p>\n<p class=\"article-content article-content-width !bg-background\">Tanssija-koreografi  on mukana t\u00e4m\u00e4n vuoden Uuden musiikin kilpailussa. Artistit julkistettiin keskiviikkona 15. tammikuuta.<\/p>\n<p class=\"article-content article-content-width !bg-background\">Kyseess\u00e4 ei ole Chachin ensimm\u00e4inen laulukilpailu, sill\u00e4 h\u00e4n oli mukana vuoden 2022 Masked Singer Suomessa. H\u00e4n esiintyi naamio-ohjelmassa Party Animalina.<\/p>\n<p class=\"article-content article-content-width !bg-background\">Ylen UMK-tiedotteessa h\u00e4n kertoo, ett\u00e4\u00a0Masked Singer\u00a0poiki h\u00e4nelle vuonna 2023 solmitun levityssopimuksen.<\/p>\n<p>        <a itemprop=\"url\" href=\"https:\/\/www.seiska.fi\/katso\/tassa-ovat-umk-artistit-yksi-kilpailija-on-todellinen-yllattaja\/2046238\" rel=\"nofollow noopener\" target=\"_blank\"><\/p>\n<p>\nT\u00e4ss\u00e4 ovat UMK-artistit\n<\/p>\n<p class=\"section-date\">\n        <strong class=\"article-section\" data-section=\"katso\"><br \/>\n            katso<br \/>\n        <\/strong><br \/>\n        14.1. 20:30\n    <\/p>\n<p>T\u00e4ss\u00e4 ovat UMK-artistit \u2013 yksi kilpailija on todellinen yll\u00e4tt\u00e4j\u00e4!\n    <\/p>\n<p itemprop=\"description\" class=\"subtitle \">\n    Uuden Musiikin Kilpailussa n\u00e4hd\u00e4\u00e4n t\u00e4n\u00e4 vuonna v\u00e4rik\u00e4s kattaus uusia ja tuttuja t\u00e4hti\u00e4.\n<\/p>\n<p>        <\/a><\/p>\n<p class=\"article-content article-content-width !bg-background\">\u2013 Maskin takaa pystyin t\u00e4ydellisesti testaamaan, milt\u00e4 tuntuu laulaa ja miten ihmiset ottavat \u00e4\u00e4neni vastaan, h\u00e4n sanoo.<\/p>\n<p class=\"article-content article-content-width !bg-background\"><a href=\"https:\/\/www.youtube.com\/watch?v=f2cBKoa5BCg\" target=\"_blank\" rel=\"nofollow noopener\">Voit kuunnella Chachin \u00e4\u00e4nt\u00e4 t\u00e4st\u00e4:<\/a><\/p>\n<p class=\"article-content article-content-width !bg-background\">Chachi sijoittui ohjelmassa viiden parhaan joukkoon. Ohjelmassa julkisuudesta tutut henkil\u00f6t kilpailevat naamioituneina, kun etsiv\u00e4t yritt\u00e4v\u00e4t selvitt\u00e4\u00e4 heid\u00e4n henkil\u00f6llisyytens\u00e4.<\/p>\n<p class=\"article-content article-content-width !bg-background\">Chachin UMK-kappale on nimelt\u00e4\u00e4n Cherry Cake, ja se julkaistaan 22. tammikuuta.<\/p>\n<p>        <a itemprop=\"url\" href=\"https:\/\/www.seiska.fi\/katso\/tekiko-umk-artisti-jattimokan-paljastus-kilpailijoista-levisi-netissa\/2045191\" rel=\"nofollow noopener\" target=\"_blank\"><\/p>\n<p>\nUMK-artistin j\u00e4ttimoka?\n<\/p>\n<p class=\"section-date\">\n        <strong class=\"article-section\" data-section=\"katso\"><br \/>\n            katso<br \/>\n        <\/strong><br \/>\n        14.1. 11:15\n    <\/p>\n<p>Tekik\u00f6 UMK-artisti j\u00e4ttimokan? Paljastus kilpailijoista levisi netiss\u00e4\n    <\/p>\n<p itemprop=\"description\" class=\"subtitle \">\n    Uuden musiikin kilpailun artistit vaikuttavat vuotaneen sosiaalisessa mediassa etuk\u00e4teen.\n<\/p>\n<p>        <\/a><\/p>\n<p>Juuret Teksasissa<\/p>\n<p class=\"article-content article-content-width !bg-background\">Chachi on naimisissa Duudsoneista julkisuuteen ponnistaneen  kanssa. Parilla on kolme yhteist\u00e4 lasta. Jukalla on kaksi lasta aiemmasta suhteesta.<\/p>\n<p>                <img decoding=\"async\" src=\"https:\/\/www.europesays.com\/fi\/wp-content\/uploads\/2026\/01\/1868921.webp.jpeg\" width=\"576\" height=\"274\" alt=\"Jukka ja Chcachi Hild\u00e9n vuoden 2024 Iskelm\u00e4-gaalassa.\" loading=\"lazy\" \/>            <\/p>\n<p>\n            Jukka ja Chcachi Hild\u00e9n vuoden 2024 Iskelm\u00e4-gaalassa.<br \/>\n            ATTE KAJOVA\n        <\/p>\n<p class=\"article-content article-content-width !bg-background\">Chachi syntyi Teksasin Houstonissa ja oli viiden lapsen perheest\u00e4 nuorin. H\u00e4n on kertonut julkisuudessa lapsuuden traumoistaan Iholla-sarjassa. H\u00e4n ei ole kertonut yksityiskohtia tarkemmin.<\/p>\n<p class=\"article-content article-content-width !bg-background\">Chachi kertoi Iholla-kaudella, miksi h\u00e4n j\u00e4tti lapsuudenperheens\u00e4 vain 16-vuotiaana. Chachi oli tuohon aikaan jo julkisuudessa. H\u00e4n oli ollut tv:ss\u00e4 tanssiohjelmassa ja tehnyt sosiaalista mediaa.<\/p>\n<p class=\"article-content article-content-width !bg-background\">\u2013 En ole ennen puhunut siit\u00e4, miksi minun piti j\u00e4tt\u00e4\u00e4 perheeni. En ole ollut valmis kertomaan, Chachi avasi ja jatkoi:<\/p>\n<p class=\"article-content article-content-width !bg-background\">\u2013 Elin lapsuuteni kodissa, jossa koin henkist\u00e4, fyysist\u00e4 ja verbaalista v\u00e4kivaltaa. Se mit\u00e4 siell\u00e4 tapahtui, ei t\u00e4ll\u00e4 hetkell\u00e4 kuulu muille.<\/p>\n<p>                <img decoding=\"async\" src=\"https:\/\/www.europesays.com\/fi\/wp-content\/uploads\/2026\/01\/2046689.webp.jpeg\" width=\"576\" height=\"274\" title=\"UMK-artistit ovat Etta, Pete Parkkonen, Kiki, Sinikka Monte, Chachi Hild\u00e9n, Linda Lampenius, Antti Paalanen ja Komiat-yhtye.\" alt=\"UMK-artistit ovat Etta, Pete Parkkonen, Kiki, Sinikka Monte, Chachi Hild\u00e9n, Linda Lampenius, Antti Paalanen ja Komiat-yhtye.\" loading=\"lazy\" \/>            <\/p>\n<p>\n            UMK-artistit ovat Etta, Pete Parkkonen, Kiki, Sinikka Monte, Chachi Hild\u00e9n, Linda Lampenius, Antti Paalanen ja Komiat-yhtye.<br \/>\n            Miska Voinoff \/ Yle\n        <\/p>\n<p class=\"italic m-italic article-content article-content-width !bg-background\">Uuden musiikin kilpailu\u00a028. helmikuuta Ylen kanavilla.<\/p>\n<p>        <a itemprop=\"url\" href=\"https:\/\/www.seiska.fi\/katso\/jenni-vartiaiselta-harvinainen-ulostulo\/2045746\" rel=\"nofollow noopener\" target=\"_blank\"><\/p>\n<p>\nJenni Vartiainen\n<\/p>\n<p class=\"section-date\">\n        <strong class=\"article-section\" data-section=\"katso\"><br \/>\n            katso<br \/>\n        <\/strong><br \/>\n        14.1. 15:15\n    <\/p>\n<p>Jenni Vartiaiselta harvinainen ulostulo\n    <\/p>\n<p itemprop=\"description\" class=\"subtitle \">\n    Jenni Vartiainen n\u00e4hd\u00e4\u00e4n pian tv:ss\u00e4 aivan uudenlaisessa roolissa.\n<\/p>\n<p>        <\/a><\/p>\n","protected":false},"excerpt":{"rendered":"UMK: Chachi Hild\u00e9n Miska Voinoff \/ Yle Chachi Hild\u00e9n on UMK-artisti, mutta h\u00e4n on osallistunut aiemminkin laulukisaan. Tuolloin&hellip;\n","protected":false},"author":2,"featured_media":142771,"comment_status":"","ping_status":"","sticky":false,"template":"","format":"standard","meta":{"footnotes":""},"categories":[133],"tags":[1090,137,33,31,30,16894,1091,1876,32,206,156,906,24514,5734,109],"class_list":{"0":"post-142770","1":"post","2":"type-post","3":"status-publish","4":"format-standard","5":"has-post-thumbnail","7":"category-televisiot","8":"tag-chachi-hilden","9":"tag-entertainment","10":"tag-fi","11":"tag-finland","12":"tag-finnish","13":"tag-iholla","14":"tag-jukka-hilden","15":"tag-masked-singer-suomi","16":"tag-suomi","17":"tag-televisiot","18":"tag-tv","19":"tag-umk","20":"tag-umk-2026","21":"tag-uuden-musiikin-kilpailu","22":"tag-viihde"},"share_on_mastodon":{"url":"https:\/\/pubeurope.com\/@fi\/115897883882387472","error":""},"_links":{"self":[{"href":"https:\/\/www.europesays.com\/fi\/wp-json\/wp\/v2\/posts\/142770","targetHints":{"allow":["GET"]}}],"collection":[{"href":"https:\/\/www.europesays.com\/fi\/wp-json\/wp\/v2\/posts"}],"about":[{"href":"https:\/\/www.europesays.com\/fi\/wp-json\/wp\/v2\/types\/post"}],"author":[{"embeddable":true,"href":"https:\/\/www.europesays.com\/fi\/wp-json\/wp\/v2\/users\/2"}],"replies":[{"embeddable":true,"href":"https:\/\/www.europesays.com\/fi\/wp-json\/wp\/v2\/comments?post=142770"}],"version-history":[{"count":0,"href":"https:\/\/www.europesays.com\/fi\/wp-json\/wp\/v2\/posts\/142770\/revisions"}],"wp:featuredmedia":[{"embeddable":true,"href":"https:\/\/www.europesays.com\/fi\/wp-json\/wp\/v2\/media\/142771"}],"wp:attachment":[{"href":"https:\/\/www.europesays.com\/fi\/wp-json\/wp\/v2\/media?parent=142770"}],"wp:term":[{"taxonomy":"category","embeddable":true,"href":"https:\/\/www.europesays.com\/fi\/wp-json\/wp\/v2\/categories?post=142770"},{"taxonomy":"post_tag","embeddable":true,"href":"https:\/\/www.europesays.com\/fi\/wp-json\/wp\/v2\/tags?post=142770"}],"curies":[{"name":"wp","href":"https:\/\/api.w.org\/{rel}","templated":true}]}}