{"id":142776,"date":"2026-01-15T07:18:09","date_gmt":"2026-01-15T07:18:09","guid":{"rendered":"https:\/\/www.europesays.com\/fi\/142776\/"},"modified":"2026-01-15T07:18:09","modified_gmt":"2026-01-15T07:18:09","slug":"yleisurheilu-nora-lindahl-voi-joutua-kolmen-vuoden-karenssiin","status":"publish","type":"post","link":"https:\/\/www.europesays.com\/fi\/142776\/","title":{"rendered":"Yleisurheilu: Nora Lindahl voi joutua kolmen vuoden karenssiin"},"content":{"rendered":"<p>Suomi saa 21-vuotiaasta Nora Lindahlista huipputason pikajuoksijan.<\/p>\n<p>Lue tiivistelm\u00e4<\/p>\n<p class=\"article-body mb-nof-24 px-nof-16 sndp-summary-bullet-point-font\">21-vuotias pikajuoksija Nora Lindahl vaihtaa Ruotsin v\u00e4rit Suomen maajoukkueeseen.<\/p>\n<p class=\"article-body mb-nof-24 px-nof-16 sndp-summary-bullet-point-font\">Lindahl edusti juniorivuotensa Ruotsia ja voitti muun muassa alle 20-vuotiaiden EM-kultaa 200 metrill\u00e4 vuonna 2023.<\/p>\n<p class=\"article-body mb-nof-24 px-nof-16 sndp-summary-bullet-point-font\">P\u00e4\u00e4t\u00f6s tuntui Lindahlin mukaan luonnolliselta, koska h\u00e4n on sek\u00e4 Suomen ett\u00e4 Ruotsin kansalainen ja on kilpaillut Suomessa nuoresta l\u00e4htien.<\/p>\n<p class=\"article-body mb-nof-24 px-nof-16 sndp-summary-bullet-point-font\">Edustusmaan vaihto voi tuoda kolmen vuoden karenssin, jonka aikana Lindahl ei saa kilpailla arvokisoissa.<\/p>\n<p class=\"article-body mb-nof-24 px-nof-16\">Alkuvuoden puhutuin yleisurheilija <a class=\"font-bold underline-offset-[0.12em] [text-decoration:var(--person-link-text-decoration)] ![text-decoration-color:var(--person-link-text-decoration-color)]\" href=\"https:\/\/www.is.fi\/haku\/?query=Nora%20Lindahl\" rel=\"nofollow noopener\" target=\"_blank\">Nora Lindahl<\/a> vastaa puhelimeen hyv\u00e4ntuulisena. H\u00e4n kertoo voivansa hyvin ja lis\u00e4\u00e4 viime aikoina tapahtuneen paljon kaikenlaista.<\/p>\n<p class=\"article-body mb-nof-24 px-nof-16\">Lindahl on juuri palannut k\u00e4velylenkilt\u00e4\u00e4n. Ne kuuluvat olennaisesti 21-vuotiaan pikajuoksijan arkeen.<\/p>\n<p class=\"article-body mb-nof-24 px-nof-16\">\u2013 Tykk\u00e4\u00e4n haukata raitista ilmaa ennen harjoituksia tai kilpailuja, joten ulkoilen paljon, h\u00e4n kertoo.<\/p>\n<p class=\"article-body mb-nof-24 px-nof-16\">My\u00f6hemmin illalla Lindahl avaa hallikautensa Tukholman kupeessa Sollentunassa. H\u00e4n voittaa 60 metrin alkuer\u00e4t (7,38), finaalin (7,54) ja viel\u00e4 ylim\u00e4\u00e4r\u00e4isen juoksunkin (7,48).<\/p>\n<p class=\"article-body mb-nof-24 px-nof-16\">Kisat ovat Lindahlin ensimm\u00e4iset alkuviikosta pudotetun uutispommin j\u00e4lkeen. Lindahl ilmoitti maanantaina vaihtavansa Ruotsin v\u00e4rit Suomen maajoukkueeseen.<\/p>\n<p><img decoding=\"async\" src=\"https:\/\/www.europesays.com\/fi\/wp-content\/uploads\/2026\/01\/1768461488_94_468.jpg\" alt=\"Nora Lindahl kiihdytti Rooman EM-kisojen 200 metrill\u00e4 aina v\u00e4lieriin asti kes\u00e4kuussa 2024.\" class=\"_Img_1rerz_1\" style=\"aspect-ratio:1.3333333333333333\" loading=\"eager\"\/><\/p>\n<p class=\"article-picture-caption\">Nora Lindahl kiihdytti Rooman EM-kisojen 200 metrill\u00e4 aina v\u00e4lieriin asti kes\u00e4kuussa 2024. Kuva:\u00a0Daniela Porcelli \/ SPP \/ Shutterstock \/ AOP<\/p>\n<p class=\"article-body mb-nof-24 px-nof-16\">Lindahl my\u00f6nt\u00e4\u00e4 p\u00e4\u00e4t\u00f6ksen olleen todella iso. Samalla ratkaisu on sek\u00e4 Suomen ett\u00e4 Ruotsin kansalaiselle t\u00e4ysin luonnollinen.<\/p>\n<p class=\"article-body mb-nof-24 px-nof-16\">\u2013 Minusta on aina tuntunut silt\u00e4, ett\u00e4 haluan edustaa molempia maitani. Minun piti valita Ruotsin ja Suomen v\u00e4lilt\u00e4 16-vuotiaana, ja tein valintani suoraan sen perusteella, ett\u00e4 k\u00e4vin koulua Ruotsissa ja tunsin ihmisi\u00e4 vain Ruotsin yleisurheiluliitosta, h\u00e4n kertoo.<\/p>\n<p class=\"article-body mb-nof-24 px-nof-16\">\u2013 Samaan aikaan olen tuntenut menett\u00e4neeni jotain eli mahdollisuuden edustaa molempia maitani. Siksi pohdin hiljattain, milloin olisi hyv\u00e4 aika vaihtaa Suomeen. P\u00e4\u00e4t\u00f6s siirty\u00e4 kilpailemaan Suomen v\u00e4reiss\u00e4 tuntui luonnolliselta, kun junioriurani on ohi.<\/p>\n<p class=\"article-body mb-nof-24 px-nof-16\">Huippulahjakkuus voitti Ruotsin edustajana alle 20-vuotiaiden Euroopan mestaruuden 200 metrill\u00e4 2023 ja juoksi viime vuonna samalla matkalla EM-pronssia alle 23-vuotiaissa.<\/p>\n<p class=\"article-body mb-nof-24 px-nof-16\">\u2013 Juniorivuoteni olivat todella menestyksekk\u00e4\u00e4t. Se oli hyv\u00e4\u00e4 aikaa, mutta tuntuu silt\u00e4, ett\u00e4 edess\u00e4ni on viel\u00e4 enemm\u00e4n menestyksen hetki\u00e4 aikuisena, Lindahl sanoo.<\/p>\n<blockquote class=\"p-[var(--citation-padding)] m-[var(--citation-margin)] border-y-[length:var(--citation-border-width)] border-y-[color:var(--citation-border-color)]\">\n<p>P\u00e4\u00e4t\u00f6s siirty\u00e4 kilpailemaan Suomen v\u00e4reiss\u00e4 tuntui luonnolliselta.<\/p>\n<\/blockquote>\n<p><img decoding=\"async\" src=\"https:\/\/www.europesays.com\/fi\/wp-content\/uploads\/2026\/01\/1768461488_995_468.jpg\" alt=\"Nora Lindahl kisasi ensimm\u00e4isiss\u00e4 olympialaisissaan Pariisissa muutamaa viikkoa vaille 20-vuotiaana.\" class=\"_Img_1rerz_1\" style=\"aspect-ratio:1.4735226400613968\" loading=\"eager\"\/><\/p>\n<p class=\"article-picture-caption\">Nora Lindahl kisasi ensimm\u00e4isiss\u00e4 olympialaisissaan Pariisissa muutamaa viikkoa vaille 20-vuotiaana. Kuva:\u00a0Xu Chang \/ Xinhua \/ Abaca Press \/ DDP Images \/ Stella Pictures \/ AOP<\/p>\n<p class=\"article-body mb-nof-24 px-nof-16\">Sprintterin sanat ovat musiikkia suomalaisten korville. Olympialaisissa sek\u00e4 EM- ja MM-kisoissa Ruotsia edustanut Lindahl tiet\u00e4\u00e4kin jo olevansa eritt\u00e4in tervetullut Suomen v\u00e4reihin.<\/p>\n<p class=\"article-body mb-nof-24 px-nof-16\">Asia selvisi h\u00e4nelle, kun tieto edustusoikeuden vaihdosta levisi molemmissa maissa.<\/p>\n<p class=\"article-body mb-nof-24 px-nof-16\">\u2013 En ollut oikein valmistautunut siihen, ett\u00e4 siit\u00e4 tulisi n\u00e4in iso uutinen. Olen saanut Suomesta hienon vastaanoton, ja suomalaiset ovat ottaneet minut eritt\u00e4in l\u00e4mpim\u00e4sti vastaan. Monet ovat olleet ihan innoissaan, ett\u00e4 edustan Suomea, ja olen siit\u00e4 hyvin iloinen, Lindahl sanoo.<\/p>\n<p class=\"article-body mb-nof-24 px-nof-16\">Miten asiaan on suhtauduttu Ruotsissa?<\/p>\n<p class=\"article-body mb-nof-24 px-nof-16\">\u2013 Olen aistinut, ett\u00e4 tuntemukset Ruotsissa ovat hyvin ristiriitaiset. Tuntuu kuin Ruotsissa olisi enimm\u00e4kseen j\u00e4rkytytty p\u00e4\u00e4t\u00f6ksest\u00e4ni. He eiv\u00e4t odottaneet t\u00e4m\u00e4n tapahtuvan, h\u00e4n vastaa.<\/p>\n<blockquote class=\"p-[var(--citation-padding)] m-[var(--citation-margin)] border-y-[length:var(--citation-border-width)] border-y-[color:var(--citation-border-color)]\">\n<p>Olen aistinut, ett\u00e4 tuntemukset Ruotsissa ovat hyvin ristiriitaiset.<\/p>\n<\/blockquote>\n<p><img decoding=\"async\" src=\"https:\/\/www.europesays.com\/fi\/wp-content\/uploads\/2026\/01\/1768461488_174_468.jpg\" alt=\"Nora Lindahl juoksi Ruotsin v\u00e4reiss\u00e4 alle 20-vuotiaiden EM-kultaa 2023 ja alle 23-vuotiaiden EM-pronssia 2025. H\u00e4n pinkoi mitalinsa 200 metrill\u00e4. Kuva Rooman EM-kisoista 2024, jolloin Lindahl juoksi 200 metrill\u00e4 v\u00e4lieriin saakka.\" class=\"_Img_1rerz_1\" style=\"aspect-ratio:1.5\" loading=\"eager\"\/><\/p>\n<p class=\"article-picture-caption\">Nora Lindahl juoksi Ruotsin v\u00e4reiss\u00e4 alle 20-vuotiaiden EM-kultaa 2023 ja alle 23-vuotiaiden EM-pronssia 2025. H\u00e4n pinkoi mitalinsa 200 metrill\u00e4. Kuva Rooman EM-kisoista 2024, jolloin Lindahl juoksi 200 metrill\u00e4 v\u00e4lieriin saakka. Kuva:\u00a0Panoramic \/ Zuma Press \/ MVPhotos<\/p>\n<p class=\"article-body mb-nof-24 px-nof-16\">Prosessi k\u00e4ynnistyi, kun Lindahl esitti Suomen Urheiluliitolle (SUL) pyynn\u00f6n edustaa Suomea. SUL oli yhteydess\u00e4 Ruotsin yleisurheiluliittoon ja j\u00e4tti Kansainv\u00e4liselle yleisurheiluliitolle (WA) hakemuksen edustusoikeuden siirrosta. P\u00e4\u00e4t\u00f6st\u00e4 voinee odottaa alkuvuoden aikana.<\/p>\n<p class=\"article-body mb-nof-24 px-nof-16\">\u2013 Odottelen nyt karanteeniin joutumista. Olen miettinyt asiaa paljon ja tied\u00e4n, mihin olen ryhtym\u00e4ss\u00e4, h\u00e4n sanoo edustusmaan vaihdon tuomaan karenssiin viitaten.<\/p>\n<p class=\"article-body mb-nof-24 px-nof-16\">Karenssi kest\u00e4\u00e4 l\u00e4ht\u00f6kohtaisesti kolme vuotta. Karenssin lyhent\u00e4mist\u00e4 voi vaatia erityisill\u00e4 perusteilla, ja SUL on jo ilmoittanut hakevansa sit\u00e4. Karenssijakson aikana ei saa edustaa vanhaa eik\u00e4 uutta maata.<\/p>\n<p class=\"article-body mb-nof-24 px-nof-16\">\u2013 Tied\u00e4n, ett\u00e4 olen pahimmillaan sivussa kolme vuotta. K\u00e4sittelin asian ja hyv\u00e4ksyin, ett\u00e4 j\u00e4\u00e4n paitsi niist\u00e4 arvokisoista, jotka osuvat tuon ajanjakson sis\u00e4\u00e4n, Lindahl kertoo.<\/p>\n<p class=\"article-body mb-nof-24 px-nof-16\">\u2013 Mutta minusta tuntuu, ett\u00e4 Suomen edustaminen on sen arvoista. Olen valmis odottamaan.<\/p>\n<blockquote class=\"p-[var(--citation-padding)] m-[var(--citation-margin)] border-y-[length:var(--citation-border-width)] border-y-[color:var(--citation-border-color)]\">\n<p>Tied\u00e4n, ett\u00e4 olen pahimmillaan sivussa kolme vuotta.<\/p>\n<\/blockquote>\n<p><img decoding=\"async\" src=\"https:\/\/www.europesays.com\/fi\/wp-content\/uploads\/2026\/01\/1768461488_254_468.jpg\" alt=\"Nora Lindahl on maajoukkue-edustuksen vaihdon my\u00f6t\u00e4 karenssissa, joka kest\u00e4\u00e4 l\u00e4ht\u00f6kohtaisesti kolme vuotta. H\u00e4n ei saa edustaa karenssijaksolla vanhaa tai uutta maataan, mutta kansallisissa kilpailuissa Lindahl n\u00e4hd\u00e4\u00e4n normaalisti. Kuva Kuortaneelta kes\u00e4kuulta 2025.\" class=\"_Img_1rerz_1\" style=\"aspect-ratio:1.5\" loading=\"eager\"\/><\/p>\n<p class=\"article-picture-caption\">Nora Lindahl on maajoukkue-edustuksen vaihdon my\u00f6t\u00e4 karenssissa, joka kest\u00e4\u00e4 l\u00e4ht\u00f6kohtaisesti kolme vuotta. H\u00e4n ei saa edustaa karenssijaksolla vanhaa tai uutta maataan, mutta kansallisissa kilpailuissa Lindahl n\u00e4hd\u00e4\u00e4n normaalisti. Kuva Kuortaneelta kes\u00e4kuulta 2025. Kuva:\u00a0Tomi Natri \/ All Over Press<\/p>\n<p class=\"article-body mb-nof-24 px-nof-16\">Karenssi koskee vain maaotteluita tai arvokilpailuita eli Lindahl n\u00e4hd\u00e4\u00e4n juoksuradoilla my\u00f6s maajoukkuetauon aikana.<\/p>\n<p class=\"article-body mb-nof-24 px-nof-16\">H\u00e4n on tuttu n\u00e4ky suomalaisilla kilpakentill\u00e4. Sprintterilupaus on edustanut Suomessa nykyisen seuransa HIFK Friidrottin lis\u00e4ksi my\u00f6s Vasa IS:\u00e4\u00e4 ja Esbo IF:\u00e4\u00e4.<\/p>\n<p class=\"article-body mb-nof-24 px-nof-16\">\u2013 Olen kilpaillut Suomessa nuoresta l\u00e4htien. Asuimme kaksi vuotta Vaasassa ja puolitoista vuotta Espoossa. IFK:n eli is\u00e4ni vanhan seuran edustajaksi vaihdoin kun muutimme Ruotsiin, h\u00e4n sanoo.<\/p>\n<p class=\"article-body mb-nof-24 px-nof-16\">Nora Lindahlin is\u00e4 on suomalainen ex-pikajuoksija <a class=\"font-bold underline-offset-[0.12em] [text-decoration:var(--person-link-text-decoration)] ![text-decoration-color:var(--person-link-text-decoration-color)]\" href=\"https:\/\/www.is.fi\/haku\/?query=Markus%20Lindahl\" rel=\"nofollow noopener\" target=\"_blank\">Markus Lindahl<\/a>, joka toimii my\u00f6s tytt\u00e4rens\u00e4 managerina. Valmennuksesta vastaa ruotsalainen \u00e4iti <a class=\"font-bold underline-offset-[0.12em] [text-decoration:var(--person-link-text-decoration)] ![text-decoration-color:var(--person-link-text-decoration-color)]\" href=\"https:\/\/www.is.fi\/haku\/?query=Frida%20Lindahl\" rel=\"nofollow noopener\" target=\"_blank\">Frida Lindahl<\/a>.<\/p>\n<p class=\"article-body mb-nof-24 px-nof-16\">\u2013 Olemme asuneet v\u00e4h\u00e4n kaikkialla el\u00e4m\u00e4ni aikana ja muuttaneet paljon. Olen syntynyt Luxemburgissa ja el\u00e4nyt niin Ruotsissa kuin Suomessa, pikajuoksijalahjakkuus kertoo.<\/p>\n<blockquote class=\"p-[var(--citation-padding)] m-[var(--citation-margin)] border-y-[length:var(--citation-border-width)] border-y-[color:var(--citation-border-color)]\">\n<p>Olen kilpaillut Suomessa nuoresta l\u00e4htien.<\/p>\n<\/blockquote>\n<p><img decoding=\"async\" src=\"https:\/\/www.europesays.com\/fi\/wp-content\/uploads\/2026\/01\/1768461488_984_468.jpg\" alt=\"Nora Lindahl edusti Ruotsia Pariisin olympialaisissa 2024. H\u00e4nen haaveensa on edustaa seuraavissa, vuonna 2028 Los Angelesissa pidett\u00e4viss\u00e4 olympialaisissa Suomea.\" class=\"_Img_1rerz_1\" style=\"aspect-ratio:1.5\" loading=\"eager\"\/><\/p>\n<p class=\"article-picture-caption\">Nora Lindahl edusti Ruotsia Pariisin olympialaisissa 2024. H\u00e4nen haaveensa on edustaa seuraavissa, vuonna 2028 Los Angelesissa pidett\u00e4viss\u00e4 olympialaisissa Suomea. Kuva:\u00a0Imago Sport \/ AOP<\/p>\n<p class=\"article-body mb-nof-24 px-nof-16\">Uudet tuulet puhaltavat Lindahlin el\u00e4m\u00e4ss\u00e4 muutenkin kuin edustusoikeuden vaihdon suhteen, sill\u00e4 h\u00e4n muutti viime vuoden lopulla Suomeen.<\/p>\n<p class=\"article-body mb-nof-24 px-nof-16\">\u2013 Muutin Espooseen lokakuussa, kun aloitin opiskelut. Minulla ei tosin ole juuri ollut aikaa olla siell\u00e4, koska l\u00e4hdin marraskuussa kuudeksi viikoksi Etel\u00e4-Afrikkaan, h\u00e4n kertoo.<\/p>\n<p class=\"article-body mb-nof-24 px-nof-16\">Lindahl vietti kolme viikkoa Potchefstroomissa ja kolme viikkoa Stellenboschissa. Harjoitusleirill\u00e4 olivat mukana my\u00f6s h\u00e4nen vanhempansa sek\u00e4 pikajuoksijat <a class=\"font-bold underline-offset-[0.12em] [text-decoration:var(--person-link-text-decoration)] ![text-decoration-color:var(--person-link-text-decoration-color)]\" href=\"https:\/\/www.is.fi\/haku\/?query=Aino%20Pulkkinen\" rel=\"nofollow noopener\" target=\"_blank\">Aino Pulkkinen<\/a> ja <a class=\"font-bold underline-offset-[0.12em] [text-decoration:var(--person-link-text-decoration)] ![text-decoration-color:var(--person-link-text-decoration-color)]\" href=\"https:\/\/www.is.fi\/haku\/?query=Ann%20Marii%20Kivikas\" rel=\"nofollow noopener\" target=\"_blank\">Ann Marii Kivikas<\/a>.<\/p>\n<p class=\"article-body mb-nof-24 px-nof-16\">\u2013 Aino harjoitteli kanssani kolme viikkoa \u2019Potchissa\u2019. Valmistauduimme siell\u00e4 kauteen, ja se oli mahtava harjoitusleiri. Oli mukava olla l\u00e4mm\u00f6ss\u00e4 niin kauan.<\/p>\n<p class=\"article-body mb-nof-24 px-nof-16\">Urheilu ja opiskelu t\u00e4ytt\u00e4v\u00e4t nuoren naisen kalenterin k\u00e4yt\u00e4nn\u00f6ss\u00e4 kokonaan.<\/p>\n<p class=\"article-body mb-nof-24 px-nof-16\">\u2013 Opiskelen Noviassa liiketaloutta. Sen lis\u00e4ksi vain treenaan, joten minulla ei juuri ole muuta el\u00e4m\u00e4\u00e4. Harjoittelu ja opinnot viev\u00e4t niin paljon aikaa, h\u00e4n sanoo.<\/p>\n<p>Fakta<\/p>\n<p>Nora Lindahl<img decoding=\"async\" src=\"https:\/\/www.europesays.com\/fi\/wp-content\/uploads\/2026\/01\/1768461489_478_468.jpg\" alt=\"Nora Lindahl on menestynyt Ruotsin v\u00e4reiss\u00e4 niin junioreissa kuin yleisess\u00e4 sarjassa. Kuva Pariisin olympialaisista.\" class=\"_Img_1rerz_1\" style=\"aspect-ratio:1.5\" loading=\"eager\"\/><\/p>\n<p class=\"article-picture-caption\">Nora Lindahl on menestynyt Ruotsin v\u00e4reiss\u00e4 niin junioreissa kuin yleisess\u00e4 sarjassa. Kuva Pariisin olympialaisista. Kuva:\u00a0Alvaro Diaz \/ AFP7 \/ Shutterstock \/ AOP<\/p>\n<ul class=\"mb-nof-16 px-nof-16 article-unordered-list unordered-list\">\n<li class=\"unordered-list-item\">\n<p class=\"article-body\">21-vuotias pikajuoksija. Syntynyt syyskuussa 2004 Luxemburgissa.<\/p>\n<\/li>\n<\/ul>\n<ul class=\"mb-nof-16 px-nof-16 article-unordered-list unordered-list\">\n<li class=\"unordered-list-item\">\n<p class=\"article-body\">Suomen ja Ruotsin kansalainen.<\/p>\n<\/li>\n<\/ul>\n<ul class=\"mb-nof-16 px-nof-16 article-unordered-list unordered-list\">\n<li class=\"unordered-list-item\">\n<p class=\"article-body\">Asuu Espoossa. Edustaa Suomessa HIFK Friidrottia ja Ruotsissa H\u00e4sselby SK:ta.<\/p>\n<\/li>\n<\/ul>\n<ul class=\"mb-nof-16 px-nof-16 article-unordered-list unordered-list\">\n<li class=\"unordered-list-item\">\n<p class=\"article-body\">Edusti juniorivuotensa Ruotsia. Kilpailee jatkossa Suomen v\u00e4reiss\u00e4.<\/p>\n<\/li>\n<\/ul>\n<ul class=\"mb-nof-16 px-nof-16 article-unordered-list unordered-list\">\n<li class=\"unordered-list-item\">\n<p class=\"article-body\">Saavutti 200 metrill\u00e4 alle 20-vuotiaiden EM-kultaa 2023 ja alle 23-vuotiaiden EM-pronssia 2025.<\/p>\n<\/li>\n<\/ul>\n<ul class=\"mb-nof-16 px-nof-16 article-unordered-list unordered-list\">\n<li class=\"unordered-list-item\">\n<p class=\"article-body\">Kilpaili Rooman EM-kisoissa 2024, Pariisin olympialaisissa 2024 ja Tokion MM-kisoissa 2025.<\/p>\n<\/li>\n<\/ul>\n","protected":false},"excerpt":{"rendered":"Suomi saa 21-vuotiaasta Nora Lindahlista huipputason pikajuoksijan. Lue tiivistelm\u00e4 21-vuotias pikajuoksija Nora Lindahl vaihtaa Ruotsin v\u00e4rit Suomen maajoukkueeseen.&hellip;\n","protected":false},"author":2,"featured_media":142777,"comment_status":"","ping_status":"","sticky":false,"template":"","format":"standard","meta":{"footnotes":""},"categories":[158],"tags":[33,31,30,34,159,32,160],"class_list":{"0":"post-142776","1":"post","2":"type-post","3":"status-publish","4":"format-standard","5":"has-post-thumbnail","7":"category-urheilu","8":"tag-fi","9":"tag-finland","10":"tag-finnish","11":"tag-ilta-sanomat","12":"tag-sports","13":"tag-suomi","14":"tag-urheilu"},"share_on_mastodon":{"url":"https:\/\/pubeurope.com\/@fi\/115897899772300693","error":""},"_links":{"self":[{"href":"https:\/\/www.europesays.com\/fi\/wp-json\/wp\/v2\/posts\/142776","targetHints":{"allow":["GET"]}}],"collection":[{"href":"https:\/\/www.europesays.com\/fi\/wp-json\/wp\/v2\/posts"}],"about":[{"href":"https:\/\/www.europesays.com\/fi\/wp-json\/wp\/v2\/types\/post"}],"author":[{"embeddable":true,"href":"https:\/\/www.europesays.com\/fi\/wp-json\/wp\/v2\/users\/2"}],"replies":[{"embeddable":true,"href":"https:\/\/www.europesays.com\/fi\/wp-json\/wp\/v2\/comments?post=142776"}],"version-history":[{"count":0,"href":"https:\/\/www.europesays.com\/fi\/wp-json\/wp\/v2\/posts\/142776\/revisions"}],"wp:featuredmedia":[{"embeddable":true,"href":"https:\/\/www.europesays.com\/fi\/wp-json\/wp\/v2\/media\/142777"}],"wp:attachment":[{"href":"https:\/\/www.europesays.com\/fi\/wp-json\/wp\/v2\/media?parent=142776"}],"wp:term":[{"taxonomy":"category","embeddable":true,"href":"https:\/\/www.europesays.com\/fi\/wp-json\/wp\/v2\/categories?post=142776"},{"taxonomy":"post_tag","embeddable":true,"href":"https:\/\/www.europesays.com\/fi\/wp-json\/wp\/v2\/tags?post=142776"}],"curies":[{"name":"wp","href":"https:\/\/api.w.org\/{rel}","templated":true}]}}