{"id":142780,"date":"2026-01-15T07:20:09","date_gmt":"2026-01-15T07:20:09","guid":{"rendered":"https:\/\/www.europesays.com\/fi\/142780\/"},"modified":"2026-01-15T07:20:09","modified_gmt":"2026-01-15T07:20:09","slug":"ennennakematon-evakuointi-avaruusasemalta-kaynnissa-mtv-uutiset","status":"publish","type":"post","link":"https:\/\/www.europesays.com\/fi\/142780\/","title":{"rendered":"Ennenn\u00e4kem\u00e4t\u00f6n evakuointi avaruusasemalta k\u00e4ynniss\u00e4 | MTV Uutiset"},"content":{"rendered":"<p><strong class=\"typography-bold\">Crew 11 -miehist\u00f6 palaa kotiin Kansainv\u00e4liselt\u00e4 avaruusasemalta suunniteltua aikaisemmin. Nasa on kertonut, ett\u00e4 ratkaisuun p\u00e4\u00e4dyttiin yhden miehist\u00f6n j\u00e4senen terveydentilan vuoksi.<\/strong><\/p>\n<p>Nelj\u00e4 avaruuslent\u00e4j\u00e4\u00e4 on palaamassa etuajassa Maahan Kansainv\u00e4liselt\u00e4 avaruusasemalta ISS:lt\u00e4. Crew 11 -miehist\u00f6 palaa asemalta aiottua aikaisemmin yhden miehist\u00f6n j\u00e4senen terveyssyiden vuoksi.<\/p>\n<p>Avaruusyhti\u00f6 SpaceX:n Dragon-alus aloitti aamuy\u00f6ll\u00e4 Suomen aikaa h\u00e4t\u00e4lentonsa kohti maata. Jos kaikki sujuu suunnitellusti ja s\u00e4\u00e4 sallii, Dragon-alus putoaa mereen Kalifornian edustalle t\u00e4ll\u00e4 tietoa torstaina aamup\u00e4iv\u00e4ll\u00e4 Suomen aikaa.<\/p>\n<p>0:53<img alt=\"N\u00e4in astronautit l\u00e4htiv\u00e4t historialliselle matkalle kansainv\u00e4liselt\u00e4 avaruusasemalta\" data-testid=\"web-player-broker-image\" data-sentry-element=\"Image\" data-sentry-source-file=\"NextImage.tsx\" fetchpriority=\"low\" loading=\"lazy\" decoding=\"async\" data-nimg=\"fill\" class=\"transition duration-700 ease-in-out hover:scale-[1.05]\" style=\"position:absolute;height:100%;width:100%;left:0;top:0;right:0;bottom:0;color:transparent;background-size:cover;background-position:50% 50%;background-repeat:no-repeat;background-image:url(&quot;data:image\/svg+xml;base64,Cjxzdmcgd2lkdGg9IjcyMCIgaGVpZ2h0PSI0MDUiIHZlcnNpb249IjEuMSIgeG1sbnM9Imh0dHA6Ly93d3cudzMub3JnLzIwMDAvc3ZnIiB4bWxuczp4bGluaz0iaHR0cDovL3d3dy53My5vcmcvMTk5OS94bGluayI+CiAgPGRlZnM+CiAgICA8bGluZWFyR3JhZGllbnQgaWQ9ImciPgogICAgICA8c3RvcCBzdG9wLWNvbG9yPSIjMEIxODIzIiBvZmZzZXQ9IjIwJSIgLz4KICAgICAgPHN0b3Agc3RvcC1jb2xvcj0iIzFBMjczMiIgb2Zmc2V0PSI1MCUiIC8+CiAgICAgIDxzdG9wIHN0b3AtY29sb3I9IiMwQjE4MjMiIG9mZnNldD0iNzAlIiAvPgogICAgPC9saW5lYXJHcmFkaWVudD4KICA8L2RlZnM+CiAgPHJlY3Qgd2lkdGg9IjcyMCIgaGVpZ2h0PSI0MDUiIGZpbGw9IiMwQjE4MjMiIC8+CiAgPHJlY3QgaWQ9InIiIHdpZHRoPSI3MjAiIGhlaWdodD0iNDA1IiBmaWxsPSJ1cmwoI2cpIiAvPgogIDxhbmltYXRlIHhsaW5rOmhyZWY9IiNyIiBhdHRyaWJ1dGVOYW1lPSJ4IiBmcm9tPSItNzIwIiB0bz0iNzIwIiBkdXI9IjFzIiByZXBlYXRDb3VudD0iaW5kZWZpbml0ZSIgIC8+Cjwvc3ZnPg==&quot;)\"   src=\"https:\/\/www.europesays.com\/fi\/wp-content\/uploads\/2026\/01\/1768461609_745_imageproxy.a2d.tv.jpeg\"\/>Katso my\u00f6s: N\u00e4in astronautit l\u00e4htiv\u00e4t historialliselle paluumatkalle kansainv\u00e4liselt\u00e4 avaruusasemalta.<\/p>\n<p>Yhdysvaltain avaruushallinto Nasa ei ole julkistanut tutkimuksia tai hoitoa tarvitsevan miehist\u00f6n j\u00e4senen nime\u00e4, mutta on kertonut, ett\u00e4 h\u00e4nen tilansa on vakaa eik\u00e4 kyseess\u00e4 ole varsinainen h\u00e4t\u00e4evakuointi.<\/p>\n","protected":false},"excerpt":{"rendered":"Crew 11 -miehist\u00f6 palaa kotiin Kansainv\u00e4liselt\u00e4 avaruusasemalta suunniteltua aikaisemmin. Nasa on kertonut, ett\u00e4 ratkaisuun p\u00e4\u00e4dyttiin yhden miehist\u00f6n j\u00e4senen&hellip;\n","protected":false},"author":2,"featured_media":142781,"comment_status":"","ping_status":"","sticky":false,"template":"","format":"standard","meta":{"footnotes":""},"categories":[112],"tags":[33,31,30,118,32,119],"class_list":{"0":"post-142780","1":"post","2":"type-post","3":"status-publish","4":"format-standard","5":"has-post-thumbnail","7":"category-tiede","8":"tag-fi","9":"tag-finland","10":"tag-finnish","11":"tag-science","12":"tag-suomi","13":"tag-tiede"},"share_on_mastodon":{"url":"https:\/\/pubeurope.com\/@fi\/115897907461490669","error":""},"_links":{"self":[{"href":"https:\/\/www.europesays.com\/fi\/wp-json\/wp\/v2\/posts\/142780","targetHints":{"allow":["GET"]}}],"collection":[{"href":"https:\/\/www.europesays.com\/fi\/wp-json\/wp\/v2\/posts"}],"about":[{"href":"https:\/\/www.europesays.com\/fi\/wp-json\/wp\/v2\/types\/post"}],"author":[{"embeddable":true,"href":"https:\/\/www.europesays.com\/fi\/wp-json\/wp\/v2\/users\/2"}],"replies":[{"embeddable":true,"href":"https:\/\/www.europesays.com\/fi\/wp-json\/wp\/v2\/comments?post=142780"}],"version-history":[{"count":0,"href":"https:\/\/www.europesays.com\/fi\/wp-json\/wp\/v2\/posts\/142780\/revisions"}],"wp:featuredmedia":[{"embeddable":true,"href":"https:\/\/www.europesays.com\/fi\/wp-json\/wp\/v2\/media\/142781"}],"wp:attachment":[{"href":"https:\/\/www.europesays.com\/fi\/wp-json\/wp\/v2\/media?parent=142780"}],"wp:term":[{"taxonomy":"category","embeddable":true,"href":"https:\/\/www.europesays.com\/fi\/wp-json\/wp\/v2\/categories?post=142780"},{"taxonomy":"post_tag","embeddable":true,"href":"https:\/\/www.europesays.com\/fi\/wp-json\/wp\/v2\/tags?post=142780"}],"curies":[{"name":"wp","href":"https:\/\/api.w.org\/{rel}","templated":true}]}}