{"id":142786,"date":"2026-01-15T07:24:15","date_gmt":"2026-01-15T07:24:15","guid":{"rendered":"https:\/\/www.europesays.com\/fi\/142786\/"},"modified":"2026-01-15T07:24:15","modified_gmt":"2026-01-15T07:24:15","slug":"vironvenalaiset-vaikenivat-syyna-nayttavat-karkotukset-narvasta-tuli-hiljentynyt-kaupunki-ulkomaat","status":"publish","type":"post","link":"https:\/\/www.europesays.com\/fi\/142786\/","title":{"rendered":"Vironven\u00e4l\u00e4iset vaikenivat, syyn\u00e4 n\u00e4ytt\u00e4v\u00e4t karkotukset \u2013 \u201dNarvasta tuli hiljentynyt kaupunki\u201d | Ulkomaat"},"content":{"rendered":"<p class=\"aw-1gybjub aw-1p7kakr kEtdKx cEmitX yle__article__paragraph\"><strong class=\"aw-ak79eh KyCXm yle__article__strong\">TALLINNA<\/strong> Ven\u00e4j\u00e4 hy\u00f6kk\u00e4si Ukrainaan Viron itsen\u00e4isyysp\u00e4iv\u00e4n\u00e4 24. helmikuuta kohta nelj\u00e4 vuotta sitten. Melko pian sen j\u00e4lkeen Viron suojelupoliisi teki periaatep\u00e4\u00e4t\u00f6ksen. Kremlin propagandaa ei en\u00e4\u00e4 suvaittaisi.<\/p>\n<p class=\"aw-1gybjub aw-1p7kakr kEtdKx cEmitX yle__article__paragraph\">Siit\u00e4 l\u00e4htien Viron poliisi- ja rajavirasto on karkottanut reilut kaksikymment\u00e4 maassa asunutta ven\u00e4l\u00e4ist\u00e4 suojelupoliisin aloitteesta. Osa karkotetuista oli syntynyt Virossa, osa asui maassa pitk\u00e4\u00e4n. Heid\u00e4n oleskelulupansa mit\u00e4t\u00f6itiin ennen karkotusta.<\/p>\n<p class=\"aw-1gybjub aw-1p7kakr kEtdKx cEmitX yle__article__paragraph\">Karkotettuja yhdist\u00e4\u00e4 kaksi seikka: he olivat kaikki vahvasti Ven\u00e4j\u00e4-mielisi\u00e4 aktivisteja, eik\u00e4 heid\u00e4n karkotustensa perusteena ollut rikostuomio.<\/p>\n<p class=\"aw-1gybjub aw-1p7kakr kEtdKx cEmitX yle__article__paragraph\">Oleskeluluvan menetys ja karkotus ovat olleet hallinnollisia toimia. Toimet perustuvat Viron suojelupoliisin kapon uhka-arvioon ja poliisi- ja rajaviraston viranomaisp\u00e4\u00e4t\u00f6kseen.<\/p>\n<p class=\"aw-1gybjub aw-1p7kakr kEtdKx cEmitX yle__article__paragraph\">Perusteena on <a class=\"aw-iao6s4 iHOxEa yle__article__link\" href=\"https:\/\/www.riigiteataja.ee\/akt\/112072025031?leiaKehtiv\" role=\"link\" rel=\"nofollow noopener\" target=\"_blank\">ulkomaalaislain pyk\u00e4l\u00e4<\/a>, jonka mukaan poliisi- ja rajavirasto PPA voi mit\u00e4t\u00f6id\u00e4 oleskeluluvan, jos Virossa asuva ulkomaalainen muodostaa uhkan yleiselle j\u00e4rjestykselle ja kansalliselle turvallisuudelle.<\/p>\n<p class=\"aw-1gybjub aw-1p7kakr kEtdKx cEmitX yle__article__paragraph\"><strong class=\"aw-ak79eh KyCXm yle__article__strong\">Viron suojelupoliisin osastop\u00e4\u00e4llikk\u00f6 Harrys Puusepp kommentoi videolla Ven\u00e4j\u00e4-mielisten aktivistien karkotuksia:<\/strong><\/p>\n<p class=\"aw-1gybjub aw-1p7kakr kEtdKx cEmitX yle__article__paragraph\">Karkotusten vaikutus on ollut tuntuva, ainakin yhdess\u00e4 Viron isoista kaupungeista.<\/p>\n<p class=\"aw-1gybjub aw-1p7kakr kEtdKx cEmitX yle__article__paragraph\">\u2013 Narvasta on tullut hiljentynyt kaupunki, sanoo koillisvirolaisen Narvan kaupunginjohtajaksi \u00e4skett\u00e4in valittu <strong class=\"aw-ak79eh KyCXm yle__article__strong\">Katri Raik<\/strong>.<\/p>\n<p>Suut supussa my\u00f6s somessa<\/p>\n<p class=\"aw-1gybjub aw-1p7kakr kEtdKx cEmitX yle__article__paragraph\">Narva sijaitsee Viron ja Ven\u00e4j\u00e4n rajalla. Puna-armeija tuhosi kaupungin vuoden 1944 pommituksissa ja taisteluissa. Sodan j\u00e4lkeen neuvostojohtajat siirsiv\u00e4t sinne v\u00e4ke\u00e4 muualta Neuvostoliitosta. T\u00e4n\u00e4kin p\u00e4iv\u00e4n\u00e4 96 prosenttia Narvan asukkaista on ven\u00e4j\u00e4nkielisi\u00e4.<\/p>\n<p class=\"aw-1gybjub aw-1p7kakr kEtdKx cEmitX yle__article__paragraph\">Moni narvalainen jakaa ven\u00e4l\u00e4isen k\u00e4sityksen historiasta. Se n\u00e4kyi selv\u00e4sti, kun Viron hallitus p\u00e4\u00e4tti vuonna 2022 poistattaa kaupungista puna-armeijaa sankarillisessa valossa esitt\u00e4neet muistomerkit.<\/p>\n<p class=\"aw-1gybjub aw-1p7kakr kEtdKx cEmitX yle__article__paragraph\">P\u00e4\u00e4t\u00f6s oli kova pala monelle. Kaupunkilaiset j\u00e4rjestiv\u00e4t mielenosoituksia ja pitiv\u00e4t vartiota kaupungissa sijainneen neuvostotankin luona. Tankki kuitenkin poistettiin. Moni narvalainen menetti oleskelulupansa ja joutui passitetuksi Ven\u00e4j\u00e4lle.<\/p>\n<p class=\"aw-1gybjub aw-1p7kakr kEtdKx cEmitX yle__article__paragraph\"><strong class=\"aw-ak79eh KyCXm yle__article__strong\">Kaupunginjohtaja Katri Raik kertoo videolla, miten karkotukset ovat vaikuttaneet Viron ven\u00e4j\u00e4nkielisimm\u00e4ss\u00e4 kaupungissa:<\/strong><\/p>\n<p class=\"aw-1gybjub aw-1p7kakr kEtdKx cEmitX yle__article__paragraph\">Suojelupoliisin osastop\u00e4\u00e4llikk\u00f6 Harrys Puuseppin mukaan karkoitusten tarkoitus ei ole rajoittaa sananvapautta tai muita perusoikeuksia. H\u00e4n toteaa, ett\u00e4 vaikutus on ollut \u201dyleisehk\u00e4isev\u00e4\u201d.<\/p>\n<p class=\"aw-1gybjub aw-1p7kakr kEtdKx cEmitX yle__article__paragraph\">\u2013 N\u00e4iss\u00e4 tapauksissa henkil\u00f6iden toiminta on ollut pitk\u00e4aikaista ja j\u00e4rjestelm\u00e4llist\u00e4 ja luonteeltaan sellaista, ett\u00e4 olemme arvioineet uhan kansalliselle turvallisuudelle niin suureksi, ett\u00e4 oleskeluluvan peruminen ja maahantulokielto olivat paikallaan, Puusepp kertoo.<\/p>\n<p>Asenteet kielteisempi\u00e4, Putiniakin odotetaan<\/p>\n<p class=\"aw-1gybjub aw-1p7kakr kEtdKx cEmitX yle__article__paragraph\">Kaikkiin vironven\u00e4l\u00e4isiin eiv\u00e4t suojelupoliisin perustelut uppoa. Kaupunginjohtaja Raik pit\u00e4\u00e4 kaupunkiinsa laskeutunutta hiljaisuutta jopa pahaenteisen\u00e4.<\/p>\n<p class=\"aw-1gybjub aw-1p7kakr kEtdKx cEmitX yle__article__paragraph\">\u2013 En pid\u00e4 siit\u00e4, ett\u00e4 ihmiset uskaltavat puhua pelk\u00e4st\u00e4\u00e4n keitti\u00f6iss\u00e4\u00e4n ja katselevat kotonaan vain ven\u00e4l\u00e4isi\u00e4 tv-kanavia.<\/p>\n<p class=\"aw-1gybjub aw-1p7kakr kEtdKx cEmitX yle__article__paragraph\">Raikin mukaan suhtautuminen Viron johtoon ja erityisesti Natoon on muuttunut Narvassa kielteisemm\u00e4ksi.<\/p>\n<p class=\"aw-1gybjub aw-1p7kakr kEtdKx cEmitX yle__article__paragraph\">\u2013 Viime vuoden kuntavaalien katukampanjoinnissa oli niit\u00e4kin, jotka sanoivat odottavansa Putinia, Raik kertoo.<\/p>\n<p><img decoding=\"async\" alt=\"Pipop\u00e4inen mies poliisi vierell\u00e4\u00e4n.\" src=\"https:\/\/www.europesays.com\/fi\/wp-content\/uploads\/2026\/01\/39-1278073662fb463dce19.jpeg\" loading=\"lazy\" class=\"aw-1l9m598 hKVVvP\"\/><\/p>\n<p>Avaa kuvien katselu<\/p>\n<p>T\u00e4ss\u00e4 kuvassa Aleksei Esakovia karkotetaan Ven\u00e4j\u00e4lle rajanylityspaikalla kes\u00e4ll\u00e4 2022. Kuva: Viron suojelupoliisin aineistoSuomen viranomaisilla niukka tiedotuslinja<\/p>\n<p class=\"aw-1gybjub aw-1p7kakr kEtdKx cEmitX yle__article__paragraph\">Viro on toimeenpannut Ven\u00e4j\u00e4-mielisten karkotukset valtaosin tarkoituksellisen n\u00e4kyv\u00e4sti. Media on ollut paikalla, ja <a class=\"aw-iao6s4 iHOxEa yle__article__link\" href=\"https:\/\/x.com\/kaitsepolitsei\" role=\"link\" rel=\"nofollow\">suojelupoliisi on tehnyt karkotuksista julkaisuja<\/a> sometileilleen.<\/p>\n<p class=\"aw-1gybjub aw-1p7kakr kEtdKx cEmitX yle__article__paragraph\">Suomessa sen sijaan viranomaisilta on vaikea saada tietoa edes siit\u00e4, onko Suomi tehnyt vastaavia karkotuksia, siis karkottanut Ven\u00e4j\u00e4n kansalaisia Kremlin-mielisen aktivismin takia hy\u00f6kk\u00e4yssodan aikana.<\/p>\n<p class=\"aw-1gybjub aw-1p7kakr kEtdKx cEmitX yle__article__paragraph\"><strong class=\"aw-ak79eh KyCXm yle__article__strong\">T\u00e4ss\u00e4 taulukossa n\u00e4kyv\u00e4t Viron ja Suomen karkottamien Ven\u00e4j\u00e4n kansalaisten m\u00e4\u00e4r\u00e4t. Rutiinikarkotukset koskevat muun muassa oleskelua maassa ilman voimassa olevaa viisumia tai oleskelupaa.<\/strong><\/p>\n<p class=\"aw-1gybjub aw-1p7kakr kEtdKx cEmitX yle__article__paragraph\">\u2013 Supo on antanut Maahanmuuttovirastolle voimassa olevan oleskeluluvan peruuttamista ja karkottamista koskevia lausuntoja. Emme valitettavasti voi kommentoida eri lupakategorioissa annettujen lausuntojen lukum\u00e4\u00e4ri\u00e4 tai niiden kohteena olevien henkil\u00f6iden kansallisuuksia, supon viestint\u00e4asiantuntija <strong class=\"aw-ak79eh KyCXm yle__article__strong\">Anni Lehtonen<\/strong> kertoo Ylelle s\u00e4hk\u00f6postitse.<\/p>\n<p class=\"aw-1gybjub aw-1p7kakr kEtdKx cEmitX yle__article__paragraph\">H\u00e4n kuitenkin vastaa tarkentaviin kysymyksiin, ett\u00e4 suojelupoliisi antoi kansallisen turvallisuuden perusteella 50 kielteist\u00e4 lausuntoa Maahanmuuttovirastolle vuonna 2025. Puolet koski Ven\u00e4j\u00e4n kansalaisia.<\/p>\n<p class=\"aw-1gybjub aw-1p7kakr kEtdKx cEmitX yle__article__paragraph\">\u2013 Suojelupoliisi ei voi ottaa kantaa, mink\u00e4laista kansallisen turvallisuuden uhkaa henkil\u00f6t ovat muodostaneet, Lehtonen lis\u00e4\u00e4.<\/p>\n<p><img decoding=\"async\" alt=\"Kaksi miest\u00e4 Viron poliisin kentt\u00e4puvussa k\u00e4velee Viron ja Ven\u00e4j\u00e4n v\u00e4lisell\u00e4 rajanylityspaikalla, v\u00e4liss\u00e4\u00e4n kassia kantava mies shortseissa.\" src=\"https:\/\/www.europesays.com\/fi\/wp-content\/uploads\/2026\/01\/39-157102769424a25ca471.jpeg\" loading=\"lazy\" class=\"aw-1l9m598 hKVVvP\"\/><\/p>\n<p>Avaa kuvien katselu<\/p>\n<p>Viro on karkottanut ven\u00e4l\u00e4isi\u00e4 my\u00f6s yhteyksist\u00e4 Ven\u00e4j\u00e4n tiedustelupalveluihin. Vuoden 2025 hein\u00e4kuussa rajan yli passitettiin Denis Ten, jonka viimeiset sanat Viron viranomaisille olivat: pilasitte el\u00e4m\u00e4ni. Kuva: Viron suojelupoliisi<\/p>\n<p class=\"aw-1gybjub aw-1p7kakr kEtdKx cEmitX yle__article__paragraph\">Yle kysyi kansalliseen turvallisuuteen perustuvista ven\u00e4l\u00e4isten karkotuksista my\u00f6s Maahanmuuttovirastosta. Sielt\u00e4 todettiin, ett\u00e4 \u201dkarkottamisp\u00e4\u00e4t\u00f6ksist\u00e4 ei ole olemassa tietoja tuolla tarkkuudella\u201d. Yle ohjattiin k\u00e4ytt\u00e4m\u00e4\u00e4n viraston <a class=\"aw-iao6s4 iHOxEa yle__article__link\" href=\"https:\/\/tilastot.migri.fi\/index.html#decisions\/23332\/52?start=625\" role=\"link\" rel=\"nofollow noopener\" target=\"_blank\">verkkosivujen tilastopalvelua<\/a>.<\/p>\n<p class=\"aw-1gybjub aw-1p7kakr kEtdKx cEmitX yle__article__paragraph\">Tilastopalvelussa karkotukset on luokiteltu kahden karkotusperusteen mukaan: luvaton oleskelu tai syyllistynyt rikoksiin. Tilasto ei kerro karkottamisten syit\u00e4 t\u00e4m\u00e4n tarkemmin. Hy\u00f6kk\u00e4yssodan alkamisen j\u00e4lkeen Suomesta on karkotettu 867 Ven\u00e4j\u00e4n kansalaista.<\/p>\n<p>Suomi aikoo kriminalisoida per\u00e4tt\u00f6m\u00e4n tiedon levitt\u00e4misen vieraan valtion lukuun<\/p>\n<p class=\"aw-1gybjub aw-1p7kakr kEtdKx cEmitX yle__article__paragraph\">Yleisell\u00e4 tasolla supo toteaa Ylelle, ett\u00e4 vaikka Ven\u00e4j\u00e4 harjoittaa monimuotoista ja laaja-alaista vaikuttamista eri Euroopan maissa, Suomi ei ole vaikuttamisen p\u00e4\u00e4kohde.<\/p>\n<p class=\"aw-1gybjub aw-1p7kakr kEtdKx cEmitX yle__article__paragraph\">\u2013 Ven\u00e4j\u00e4n hy\u00f6kk\u00e4yssotaa tukevaa tai muuta ven\u00e4j\u00e4mielist\u00e4 propagandaa on julkaistu somessa ja mediassa Suomessa hyvin v\u00e4h\u00e4n. Se johtuu siit\u00e4, ett\u00e4 Ven\u00e4j\u00e4n hy\u00f6kk\u00e4yssota Ukrainassa tuomitaan suomalaisessa yhteiskunnassa laajasti, Anni Lehtonen sanoo.<\/p>\n<p class=\"aw-1gybjub aw-1p7kakr kEtdKx cEmitX yle__article__paragraph\">Suomi kuitenkin hakee nyt j\u00e4re\u00e4mpi\u00e4 aseita informaatiovaikuttamista vastaan. Oikeusministeri\u00f6ss\u00e4 on parhaillaan vireill\u00e4 lakihanke ulkomaisen tiedustelupalvelun avustamisen kriminalisoinnista esimerkiksi informaatiovaikuttamisessa.<\/p>\n<p class=\"aw-1gybjub aw-1p7kakr kEtdKx cEmitX yle__article__paragraph\">\u2013 Supon tavoitteena on, ett\u00e4 j\u00e4rjestelm\u00e4llisen per\u00e4tt\u00f6m\u00e4n tiedon levitt\u00e4misest\u00e4 pit\u00e4isi voida rangaista silloin, kun tekij\u00e4 toimii tietoisesti ulkomaisen tiedustelupalvelun puolesta, Lehtonen kommentoi.<\/p>\n<p><img decoding=\"async\" alt=\"Ote Viron suojelupoliisin vuosikirjasta, jossa on kahdenkymmenen henkil\u00f6n nimet ja tuomitsemisvuodet.\" src=\"https:\/\/www.europesays.com\/fi\/wp-content\/uploads\/2026\/01\/39-123547065b8ee7c1223a.jpeg\" loading=\"lazy\" class=\"aw-1l9m598 hKVVvP\"\/><\/p>\n<p>Avaa kuvien katselu<\/p>\n<p>Varsinaiseen vakoiluun syyllistyneit\u00e4 on Virossa tuomittu vankilaan. Viron suojelupoliisi julkaisee heid\u00e4n kuvansa vuosikirjoissaan. Kuva: Rain Kooli \/ Yle<\/p>\n<p class=\"aw-1gybjub aw-1p7kakr kEtdKx cEmitX yle__article__paragraph\">Oikeusministeri\u00f6n erityisasiantuntija <strong class=\"aw-ak79eh KyCXm yle__article__strong\">Venus Mahmood<\/strong> on lakihankkeesta melko vaitonainen. H\u00e4nen mukaansa hanke toteuttaa hallitusohjelmaa ja <a class=\"aw-iao6s4 iHOxEa yle__article__link\" href=\"https:\/\/valtioneuvosto.fi\/hanke?tunnus=OM089:00\/2023\" role=\"link\" rel=\"nofollow noopener\" target=\"_blank\">on t\u00e4ll\u00e4 hetkell\u00e4 perusvalmistelussa<\/a>.<\/p>\n<p class=\"aw-1gybjub aw-1p7kakr kEtdKx cEmitX yle__article__paragraph\">Lakihankkeen perustana on muun muassa hallitusohjelman seuraava kirjaus:<\/p>\n<p class=\"aw-1gybjub aw-1p7kakr kEtdKx cEmitX yle__article__paragraph\">\u2013 Kriminalisoidaan j\u00e4rjestelm\u00e4llinen vahingoittamistarkoituksessa vieraan valtion lukuun tapahtuva Suomen yhteiskunnalliseen p\u00e4\u00e4t\u00f6ksentekoon vaikuttaminen ja Suomen p\u00e4\u00e4t\u00f6ksentekoa tai yhteiskunnallisia oloja koskevan per\u00e4tt\u00f6m\u00e4n tiedon levitt\u00e4minen.<\/p>\n<p class=\"aw-1gybjub aw-1p7kakr kEtdKx cEmitX yle__article__paragraph\">Yle kysyi Mahmoodilta kaksi tarkennusta.<\/p>\n<p class=\"aw-1gybjub aw-1p7kakr kEtdKx cEmitX yle__article__paragraph\">Mit\u00e4 \u201dvieraan valtion lukuun\u201d k\u00e4yt\u00e4nn\u00f6ss\u00e4 merkitsisi? Pit\u00e4isik\u00f6 olla todistettu yhteys vaikkapa vieraan valtion tiedustelupalveluun, vai riitt\u00e4isik\u00f6 somekirjoittelu, joka sis\u00e4ll\u00f6lt\u00e4\u00e4n vastaa Suomeen vihamielisesti suhtautuvan valtion ulkopoliittisia linjauksia?<\/p>\n<p class=\"aw-1gybjub aw-1p7kakr kEtdKx cEmitX yle__article__paragraph\">Ent\u00e4 mik\u00e4 olisi enimm\u00e4israngaistus n\u00e4ist\u00e4 teoista? Mahmoodin mukaan lakihankkeesta ei ole viel\u00e4 yksityiskohtaisempaa kerrottavaa.<\/p>\n","protected":false},"excerpt":{"rendered":"TALLINNA Ven\u00e4j\u00e4 hy\u00f6kk\u00e4si Ukrainaan Viron itsen\u00e4isyysp\u00e4iv\u00e4n\u00e4 24. helmikuuta kohta nelj\u00e4 vuotta sitten. Melko pian sen j\u00e4lkeen Viron suojelupoliisi&hellip;\n","protected":false},"author":2,"featured_media":142787,"comment_status":"","ping_status":"","sticky":false,"template":"","format":"standard","meta":{"footnotes":""},"categories":[12],"tags":[22,23,26,27,33,31,30,17,24515,9414,586,24,25,2596,28,29,24517,15,2750,18,21,7163,32,19,20,56,16,987,4029,24516],"class_list":{"0":"post-142786","1":"post","2":"type-post","3":"status-publish","4":"format-standard","5":"has-post-thumbnail","7":"category-suomi","8":"tag-breaking-news","9":"tag-breakingnews","10":"tag-featured-news","11":"tag-featurednews","12":"tag-fi","13":"tag-finland","14":"tag-finnish","15":"tag-headlines","16":"tag-informaatiovaikuttaminen","17":"tag-kansallinen-turvallisuus","18":"tag-karkotukset","19":"tag-latest-news","20":"tag-latestnews","21":"tag-maahanmuuttovirasto","22":"tag-main-news","23":"tag-mainnews","24":"tag-narva","25":"tag-news","26":"tag-oikeusministerio","27":"tag-otsikot","28":"tag-paauutiset","29":"tag-suojelupoliisi","30":"tag-suomi","31":"tag-top-stories","32":"tag-topstories","33":"tag-ulkomaat","34":"tag-uutiset","35":"tag-venajan-hyokkays","36":"tag-viro","37":"tag-viron-suojelupoliisi-kapo"},"share_on_mastodon":{"url":"","error":"Validation failed: Text character limit of 500 exceeded"},"_links":{"self":[{"href":"https:\/\/www.europesays.com\/fi\/wp-json\/wp\/v2\/posts\/142786","targetHints":{"allow":["GET"]}}],"collection":[{"href":"https:\/\/www.europesays.com\/fi\/wp-json\/wp\/v2\/posts"}],"about":[{"href":"https:\/\/www.europesays.com\/fi\/wp-json\/wp\/v2\/types\/post"}],"author":[{"embeddable":true,"href":"https:\/\/www.europesays.com\/fi\/wp-json\/wp\/v2\/users\/2"}],"replies":[{"embeddable":true,"href":"https:\/\/www.europesays.com\/fi\/wp-json\/wp\/v2\/comments?post=142786"}],"version-history":[{"count":0,"href":"https:\/\/www.europesays.com\/fi\/wp-json\/wp\/v2\/posts\/142786\/revisions"}],"wp:featuredmedia":[{"embeddable":true,"href":"https:\/\/www.europesays.com\/fi\/wp-json\/wp\/v2\/media\/142787"}],"wp:attachment":[{"href":"https:\/\/www.europesays.com\/fi\/wp-json\/wp\/v2\/media?parent=142786"}],"wp:term":[{"taxonomy":"category","embeddable":true,"href":"https:\/\/www.europesays.com\/fi\/wp-json\/wp\/v2\/categories?post=142786"},{"taxonomy":"post_tag","embeddable":true,"href":"https:\/\/www.europesays.com\/fi\/wp-json\/wp\/v2\/tags?post=142786"}],"curies":[{"name":"wp","href":"https:\/\/api.w.org\/{rel}","templated":true}]}}