{"id":142788,"date":"2026-01-15T07:25:06","date_gmt":"2026-01-15T07:25:06","guid":{"rendered":"https:\/\/www.europesays.com\/fi\/142788\/"},"modified":"2026-01-15T07:25:06","modified_gmt":"2026-01-15T07:25:06","slug":"niinisto-otti-mtvlla-kantaa-keskusteluihin-putinin-kanssa-tuntuu-kiusalliselta","status":"publish","type":"post","link":"https:\/\/www.europesays.com\/fi\/142788\/","title":{"rendered":"Niinist\u00f6 otti MTV:ll\u00e4 kantaa keskusteluihin Putinin kanssa: \u201dTuntuu kiusalliselta\u201d"},"content":{"rendered":"<p>Sauli Niinist\u00f6 on ehdottanut aiemminkin yhteydenpitoa Ven\u00e4j\u00e4\u00e4n.<\/p>\n<p class=\"article-body mb-nof-24 px-nof-16\">Presidentti <a class=\"font-bold underline-offset-[0.12em] [text-decoration:var(--person-link-text-decoration)] ![text-decoration-color:var(--person-link-text-decoration-color)]\" href=\"https:\/\/www.is.fi\/haku\/?query=Sauli%20Niinist%C3%B6\" rel=\"nofollow noopener\" target=\"_blank\">Sauli Niinist\u00f6<\/a> sanoo MTV:n Asian ytimess\u00e4 -ohjelmassa, ett\u00e4 Euroopan pit\u00e4isi olla aktiivinen, jotta p\u00e4\u00e4t\u00f6ksenteko ei j\u00e4\u00e4 suurvaltojen varaan.<\/p>\n<p class=\"article-body mb-nof-24 px-nof-16\">\u2013 Tuntuu kiusalliselta, ett\u00e4 me vannomme t\u00e4\u00e4ll\u00e4, ett\u00e4 sotarikollisen [Ven\u00e4j\u00e4n presidentti <a class=\"font-bold underline-offset-[0.12em] [text-decoration:var(--person-link-text-decoration)] ![text-decoration-color:var(--person-link-text-decoration-color)]\" href=\"https:\/\/www.is.fi\/haku\/?query=Vladimir\" rel=\"nofollow noopener\" target=\"_blank\">Vladimir<\/a>] <a class=\"font-bold underline-offset-[0.12em] [text-decoration:var(--person-link-text-decoration)] ![text-decoration-color:var(--person-link-text-decoration-color)]\" href=\"https:\/\/www.is.fi\/haku\/?query=Putinin\" rel=\"nofollow noopener\" target=\"_blank\">Putinin<\/a> kanssa emme halua puhua. Mutta sitten menemme kiireen vilkkaan Washingtonin kuulemaan, mit\u00e4 Trump on puhunut t\u00e4m\u00e4n sotarikollisen kanssa, Niinist\u00f6 sanoo MTV:lle.<\/p>\n<p class=\"article-body mb-nof-24 px-nof-16\">Niinist\u00f6 pit\u00e4\u00e4 kiusallisena my\u00f6s sit\u00e4, ett\u00e4 Yhdysvallat ja Ven\u00e4j\u00e4 neuvottelivat koko Euroopan turvallisuusrakennetta koskevista asioista ennen Ven\u00e4j\u00e4n suurhy\u00f6kk\u00e4yst\u00e4 Ukrainaan.<\/p>\n<p class=\"article-body mb-nof-24 px-nof-16\">Keskiviikkona uutisoitiin, ett\u00e4 Euroopan johtajat ovat painostaneet Euroopan unionia nime\u00e4m\u00e4\u00e4n oman neuvottelijan edustamaan EU:n intressej\u00e4 Ukraina-neuvotteluissa.<\/p>\n<p class=\"article-body mb-nof-24 px-nof-16\">Euroopan maat ovat huolissaan, ett\u00e4 Yhdysvallat ja Ven\u00e4j\u00e4 p\u00e4\u00e4tt\u00e4v\u00e4t Ukrainan asioista Euroopan ohi.<\/p>\n<p class=\"article-body mb-nof-24 px-nof-16\">Yhdysvaltalaislehti Politico kertoi keskiviikkona, ett\u00e4 tasavallan presidentti <a class=\"font-bold underline-offset-[0.12em] [text-decoration:var(--person-link-text-decoration)] ![text-decoration-color:var(--person-link-text-decoration-color)]\" href=\"https:\/\/www.is.fi\/haku\/?query=Alexander%20Stubb\" rel=\"nofollow noopener\" target=\"_blank\">Alexander Stubb<\/a> olisi yksi ehdokas edustamaan EU:ta. Politico mainitsee jutussaan muun muassa Stubbin hyv\u00e4t suhteet Yhdysvaltain presidentti <a class=\"font-bold underline-offset-[0.12em] [text-decoration:var(--person-link-text-decoration)] ![text-decoration-color:var(--person-link-text-decoration-color)]\" href=\"https:\/\/www.is.fi\/haku\/?query=Donald%20Trumpiin\" rel=\"nofollow noopener\" target=\"_blank\">Donald Trumpiin<\/a>.<\/p>\n<p class=\"article-body mb-nof-24 px-nof-16\">Suomessa presidentti Niinist\u00f6 on ehdottanut yhteytt\u00e4 Putiniin <a class=\"underline underline-offset-[0.12em] [text-decoration-thickness:var(--generic-link-underline-thickness)] [text-decoration-color:var(--generic-link-underline-color)] [text-decoration-skip-ink:var(--generic-link-underline-skip-ink)] break-words\" href=\"https:\/\/www.is.fi\/ulkomaat\/art-2000011617735.html\" rel=\"nofollow noopener\" target=\"_blank\">aiemminkin<\/a>.<\/p>\n<p class=\"article-body mb-nof-24 px-nof-16\">Stubb puolestaan on <a class=\"underline underline-offset-[0.12em] [text-decoration-thickness:var(--generic-link-underline-thickness)] [text-decoration-color:var(--generic-link-underline-color)] [text-decoration-skip-ink:var(--generic-link-underline-skip-ink)] break-words\" href=\"https:\/\/www.is.fi\/politiikka\/art-2000011143585.html\" rel=\"nofollow noopener\" target=\"_blank\">sanonut<\/a>, ett\u00e4 Euroopan pit\u00e4\u00e4 k\u00e4yd\u00e4 ennemmin tai my\u00f6hemmin neuvotteluja suoraan Ven\u00e4j\u00e4n kanssa. H\u00e4n ei ole ottanut tarkemmin kantaa siihen, koska neuvottelut pit\u00e4isi aloittaa.<\/p>\n","protected":false},"excerpt":{"rendered":"Sauli Niinist\u00f6 on ehdottanut aiemminkin yhteydenpitoa Ven\u00e4j\u00e4\u00e4n. Presidentti Sauli Niinist\u00f6 sanoo MTV:n Asian ytimess\u00e4 -ohjelmassa, ett\u00e4 Euroopan pit\u00e4isi&hellip;\n","protected":false},"author":2,"featured_media":142789,"comment_status":"","ping_status":"","sticky":false,"template":"","format":"standard","meta":{"footnotes":""},"categories":[5],"tags":[22,23,26,27,33,31,30,17,34,24,25,28,29,15,18,21,32,19,20,16],"class_list":{"0":"post-142788","1":"post","2":"type-post","3":"status-publish","4":"format-standard","5":"has-post-thumbnail","7":"category-otsikot","8":"tag-breaking-news","9":"tag-breakingnews","10":"tag-featured-news","11":"tag-featurednews","12":"tag-fi","13":"tag-finland","14":"tag-finnish","15":"tag-headlines","16":"tag-ilta-sanomat","17":"tag-latest-news","18":"tag-latestnews","19":"tag-main-news","20":"tag-mainnews","21":"tag-news","22":"tag-otsikot","23":"tag-paauutiset","24":"tag-suomi","25":"tag-top-stories","26":"tag-topstories","27":"tag-uutiset"},"share_on_mastodon":{"url":"https:\/\/pubeurope.com\/@fi\/115897927070055207","error":""},"_links":{"self":[{"href":"https:\/\/www.europesays.com\/fi\/wp-json\/wp\/v2\/posts\/142788","targetHints":{"allow":["GET"]}}],"collection":[{"href":"https:\/\/www.europesays.com\/fi\/wp-json\/wp\/v2\/posts"}],"about":[{"href":"https:\/\/www.europesays.com\/fi\/wp-json\/wp\/v2\/types\/post"}],"author":[{"embeddable":true,"href":"https:\/\/www.europesays.com\/fi\/wp-json\/wp\/v2\/users\/2"}],"replies":[{"embeddable":true,"href":"https:\/\/www.europesays.com\/fi\/wp-json\/wp\/v2\/comments?post=142788"}],"version-history":[{"count":0,"href":"https:\/\/www.europesays.com\/fi\/wp-json\/wp\/v2\/posts\/142788\/revisions"}],"wp:featuredmedia":[{"embeddable":true,"href":"https:\/\/www.europesays.com\/fi\/wp-json\/wp\/v2\/media\/142789"}],"wp:attachment":[{"href":"https:\/\/www.europesays.com\/fi\/wp-json\/wp\/v2\/media?parent=142788"}],"wp:term":[{"taxonomy":"category","embeddable":true,"href":"https:\/\/www.europesays.com\/fi\/wp-json\/wp\/v2\/categories?post=142788"},{"taxonomy":"post_tag","embeddable":true,"href":"https:\/\/www.europesays.com\/fi\/wp-json\/wp\/v2\/tags?post=142788"}],"curies":[{"name":"wp","href":"https:\/\/api.w.org\/{rel}","templated":true}]}}