{"id":142791,"date":"2026-01-15T07:37:07","date_gmt":"2026-01-15T07:37:07","guid":{"rendered":"https:\/\/www.europesays.com\/fi\/142791\/"},"modified":"2026-01-15T07:37:07","modified_gmt":"2026-01-15T07:37:07","slug":"juontaja-shirly-karvinen-sairastui-balilla-kohtasi-nyt-uuden-vastoinkaymisen","status":"publish","type":"post","link":"https:\/\/www.europesays.com\/fi\/142791\/","title":{"rendered":"Juontaja Shirly Karvinen sairastui Balilla: Kohtasi nyt uuden vastoink\u00e4ymisen"},"content":{"rendered":"<p>            Timo Korhonen\n        <\/p>\n<p class=\"subtitle \">Shirlyn luksusmatka paratiisisaarella on ollut ep\u00e4onninen.<\/p>\n<p class=\"article-content article-content-width !bg-background\">Juontaja , 33, lomailee parhaillaan p\u00e4iv\u00e4ntasaajan etel\u00e4puolella, Indonesian Pieniin Sundasaariin kuuluvalla Balilla.<\/p>\n<p class=\"font-weight-bold m-font-weight-bold article-content article-content-width !bg-background\">Video: Shirly Karvinen ja Ahti viihtyiv\u00e4t j\u00e4lleen yhdess\u00e4:<\/p>\n<p class=\"article-content article-content-width !bg-background\">Ex-missi aloitti lomansa rentouttavalla retriitill\u00e4, joka sis\u00e4lsi muun muassa kuivakuppaushoitoa ja patikointiretki\u00e4. Retriitin p\u00e4\u00e4tytty\u00e4 <a href=\"https:\/\/www.seiska.fi\/kotimaa\/shirly-karvisen-matkaseura-paljastui\/2037113\" target=\"_blank\" rel=\"nofollow noopener\">Shirlyn matkaseuraksi saapui h\u00e4nen twerkkaustaidoistaan tunnettu yst\u00e4v\u00e4ns\u00e4<\/a>  (oik. ).<\/p>\n<p>Turisteille tuttu vaiva<\/p>\n<p class=\"article-content article-content-width !bg-background\">Valitettavasti kaksikon reissu ei ole sujunut pelk\u00e4st\u00e4\u00e4n nautinnollisissa tunnelmissa. Shirly joutui hiljattain ruokamyrkytyksen kouriin.\u00a0<\/p>\n<p>                <img decoding=\"async\" src=\"https:\/\/www.europesays.com\/fi\/wp-content\/uploads\/2026\/01\/2046622.webp.jpeg\" width=\"576\" height=\"720\" alt=\"K\u00e4sihygienia ei riitt\u00e4nyt suojaamaan Shirly\u00e4 monille turisteille tutulta vaivalta.\" loading=\"lazy\" \/>            <\/p>\n<p>\n            K\u00e4sihygienia ei riitt\u00e4nyt suojaamaan Shirly\u00e4 monille turisteille tutulta vaivalta.<br \/>\n            Timo Korhonen\n        <\/p>\n<p class=\"article-content article-content-width !bg-background\">Shirly kertoi jo poistuneissa Instagram-tarinoissaan olleensa tietoinen niin kutsutun Bali bellyn eli Balilla varsin usein turisteja vaivaavan ruokamyrkytyksen mahdollisuudesta. H\u00e4n yritti taistella sit\u00e4 vastaan k\u00e4sidesill\u00e4, mutta t\u00e4ll\u00e4 kertaa toimenpiteet eiv\u00e4t riitt\u00e4neet suojaamaan Shirly\u00e4 vatsavaivoilta.\u00a0<\/p>\n<p>        <a itemprop=\"url\" href=\"https:\/\/www.seiska.fi\/kotimaa\/shirly-karvinen-jarkyttyi-okylomalla-erikoinen-puutos\/2037530\" rel=\"nofollow noopener\" target=\"_blank\"><\/p>\n<p>\nShirly s\u00e4ik\u00e4hti \u00f6kylomalla\n<\/p>\n<p class=\"section-date\">\n        <strong class=\"article-section\" data-section=\"kotimaa\"><br \/>\n            kotimaa<br \/>\n        <\/strong><br \/>\n        5.1. 14:03\n    <\/p>\n<p>Shirly Karvinen j\u00e4rkyttyi \u2013 \u00f6kylomalla erikoinen puutos\n    <\/p>\n<p itemprop=\"description\" class=\"subtitle \">\n    Shirlyn hotellissa on yll\u00e4tt\u00e4v\u00e4 piirre.\n<\/p>\n<p>        <\/a><\/p>\n<p class=\"article-content article-content-width !bg-background\">\u2013\u00a0Oksetusolo hiipi takaisin. T\u00e4\u00e4 on nyt 3 p\u00e4iv\u00e4, joku<br \/>\nsitkee bakteeri, Shirly kertoi voinnistaan perjantaina (9.1.).<\/p>\n<p>Uusi vastoink\u00e4yminen<\/p>\n<p class=\"article-content article-content-width !bg-background\">Sittemmin kiusalliset oireet ovat v\u00e4istyneet ja Shirly on p\u00e4\u00e4ssyt palaamaan joogan ja balilaisherkkujen pariin. Keskiviikkona (14.1.) kaunotar kuitenkin paljasti kohdanneensa lis\u00e4\u00e4 vastoink\u00e4ymisi\u00e4. Sometarina poistuu Suomen aikaa torstai-iltana.\u00a0<\/p>\n<p class=\"article-content article-content-width !bg-background\">\u2013 Eiku nyt sitte. Saa ittens\u00e4 terveeks ni sit teloo nilkan ku k\u00e4velee vaan ravintolasta ulos, Shirly kirjoittaa julkaisussaan, johon h\u00e4n on liitt\u00e4nyt kuvan tyynyn p\u00e4\u00e4ll\u00e4 lep\u00e4\u00e4v\u00e4st\u00e4 jalastaan.\u00a0<\/p>\n<p>        <a itemprop=\"url\" href=\"https:\/\/www.seiska.fi\/kotimaa\/shirly-karvinen-poseeraa-paidatta-naky-saikayttaa\/2035346\" rel=\"nofollow noopener\" target=\"_blank\"><\/p>\n<p>\nPoseeraa ilman paitaa\n<\/p>\n<p class=\"section-date\">\n        <strong class=\"article-section\" data-section=\"kotimaa\"><br \/>\n            kotimaa<br \/>\n        <\/strong><br \/>\n        1.1. 13:30\n    <\/p>\n<p>Shirly Karvinen poseeraa paidatta \u2013 n\u00e4ky s\u00e4ik\u00e4ytt\u00e4\u00e4\n    <\/p>\n<p itemprop=\"description\" class=\"subtitle \">\n    Shirly aloitti vuoden 2026 uudella kokemuksella, joka todella j\u00e4tti j\u00e4lkens\u00e4.\n<\/p>\n<p>        <\/a><\/p>\n<p class=\"article-content article-content-width !bg-background\">Shirlyn \u00f6kymatkaan on mahtunut niin paljon mutkia, ett\u00e4 tilanne vaikuttaa jo huvittavan juontajaa itse\u00e4\u00e4nkin.\u00a0<\/p>\n<p class=\"article-content article-content-width !bg-background\">\u2013 Olisko aika palata arkeen ku t\u00e4s lomailles sattuu jotain koko ajan, h\u00e4n pohdiskelee.\u00a0<\/p>\n","protected":false},"excerpt":{"rendered":"Timo Korhonen Shirlyn luksusmatka paratiisisaarella on ollut ep\u00e4onninen. Juontaja , 33, lomailee parhaillaan p\u00e4iv\u00e4ntasaajan etel\u00e4puolella, Indonesian Pieniin Sundasaariin&hellip;\n","protected":false},"author":2,"featured_media":142792,"comment_status":"","ping_status":"","sticky":false,"template":"","format":"standard","meta":{"footnotes":""},"categories":[136],"tags":[12510,23992,407,137,33,31,30,4034,408,2271,4544,1478,24518,11799,3496,5457,32,7734,18459,109],"class_list":{"0":"post-142791","1":"post","2":"type-post","3":"status-publish","4":"format-standard","5":"has-post-thumbnail","7":"category-julkkikset","8":"tag-bali","9":"tag-bali-belly","10":"tag-celebrities","11":"tag-entertainment","12":"tag-fi","13":"tag-finland","14":"tag-finnish","15":"tag-indonesia","16":"tag-julkkikset","17":"tag-loma","18":"tag-matka","19":"tag-matkailu","20":"tag-nilkka","21":"tag-ruokamyrkytys","22":"tag-sairastuminen","23":"tag-shirly-karvinen","24":"tag-suomi","25":"tag-tinze","26":"tag-vatsavaivat","27":"tag-viihde"},"share_on_mastodon":{"url":"https:\/\/pubeurope.com\/@fi\/115897974335348556","error":""},"_links":{"self":[{"href":"https:\/\/www.europesays.com\/fi\/wp-json\/wp\/v2\/posts\/142791","targetHints":{"allow":["GET"]}}],"collection":[{"href":"https:\/\/www.europesays.com\/fi\/wp-json\/wp\/v2\/posts"}],"about":[{"href":"https:\/\/www.europesays.com\/fi\/wp-json\/wp\/v2\/types\/post"}],"author":[{"embeddable":true,"href":"https:\/\/www.europesays.com\/fi\/wp-json\/wp\/v2\/users\/2"}],"replies":[{"embeddable":true,"href":"https:\/\/www.europesays.com\/fi\/wp-json\/wp\/v2\/comments?post=142791"}],"version-history":[{"count":0,"href":"https:\/\/www.europesays.com\/fi\/wp-json\/wp\/v2\/posts\/142791\/revisions"}],"wp:featuredmedia":[{"embeddable":true,"href":"https:\/\/www.europesays.com\/fi\/wp-json\/wp\/v2\/media\/142792"}],"wp:attachment":[{"href":"https:\/\/www.europesays.com\/fi\/wp-json\/wp\/v2\/media?parent=142791"}],"wp:term":[{"taxonomy":"category","embeddable":true,"href":"https:\/\/www.europesays.com\/fi\/wp-json\/wp\/v2\/categories?post=142791"},{"taxonomy":"post_tag","embeddable":true,"href":"https:\/\/www.europesays.com\/fi\/wp-json\/wp\/v2\/tags?post=142791"}],"curies":[{"name":"wp","href":"https:\/\/api.w.org\/{rel}","templated":true}]}}