{"id":142793,"date":"2026-01-15T07:40:07","date_gmt":"2026-01-15T07:40:07","guid":{"rendered":"https:\/\/www.europesays.com\/fi\/142793\/"},"modified":"2026-01-15T07:40:07","modified_gmt":"2026-01-15T07:40:07","slug":"digita-tekee-taajuusmuutostoita-vaasassa-kuusi-tv-kanavaa-hetkellisesti-poissa-kaytosta-pohjanmaa","status":"publish","type":"post","link":"https:\/\/www.europesays.com\/fi\/142793\/","title":{"rendered":"Digita tekee taajuusmuutost\u00f6it\u00e4 Vaasassa \u2013 kuusi tv-kanavaa hetkellisesti poissa k\u00e4yt\u00f6st\u00e4 | Pohjanmaa"},"content":{"rendered":"<p class=\"aw-1gybjub aw-5vja16 kEtdKx kmuxyA yle__article__paragraph\">Muutoksen j\u00e4lkeen osa antenni-tv-kotitalouksista tarvitsee kanavahaun, jotta kaikki kanavat l\u00f6ytyv\u00e4t uudelta taajuudelta.<\/p>\n<p><img decoding=\"async\" alt=\"Television katselua sohvalla, tv etualalla.\" src=\"https:\/\/www.europesays.com\/fi\/wp-content\/uploads\/2026\/01\/39-86548161644881443d1.jpeg\" class=\"aw-1l9m598 hKVVvP\"\/><\/p>\n<p>Avaa kuvien katselu<\/p>\n<p>Jos muutosty\u00f6t eiv\u00e4t valmistu suunnitellusti, varap\u00e4iv\u00e4n\u00e4 on huomenna torstaina. Kuva: Katriina Laine \/ Yle<\/p>\n<p class=\"aw-1gybjub aw-1p7kakr kEtdKx cEmitX yle__article__paragraph\">Digita tekee taajuusmuutost\u00f6it\u00e4 t\u00e4n\u00e4\u00e4n keskiviikkona klo 8\u201318 Vaasan radio- ja tv-asemalla.<\/p>\n<p class=\"aw-1gybjub aw-1p7kakr kEtdKx cEmitX yle__article__paragraph\">Muutost\u00f6iden aikana E-kanavanipussa l\u00e4hett\u00e4v\u00e4t televisiokanavat ovat poissa k\u00e4yt\u00f6st\u00e4 enint\u00e4\u00e4n kahden tunnin ajan. Katko koskee seuraavia HD-kanavia: MTV Sub HD, MTV Ava HD, Alfa HD, Iskuri.net HD, One Way TV HD ja VeikkausTV-19.<\/p>\n<p class=\"aw-1gybjub aw-1p7kakr kEtdKx cEmitX yle__article__paragraph\">E-kanavanipun uusi taajuus on 610 MHz. Taajuusmuutoksessa otetaan k\u00e4ytt\u00f6\u00f6n HD-siirtym\u00e4n vapauttamat, jo aiemmin samalla asemalla k\u00e4yt\u00f6ss\u00e4 olleet radiotaajuudet.<\/p>\n<p class=\"aw-1gybjub aw-1p7kakr kEtdKx cEmitX yle__article__paragraph\">Muutost\u00f6iden j\u00e4lkeen antenni-tv-kotitalouksissa voi olla tarpeen tehd\u00e4 kanavahaku, jotta kaikki kanavat l\u00f6ytyv\u00e4t uudelta taajuudelta. Useimmat vastaanottimet p\u00e4ivitt\u00e4v\u00e4t kanavat automaattisesti, mutta ongelmatilanteissa kanavahaku t\u00e4ytyy tehd\u00e4 k\u00e4sin. Vanhemmat laitteet saattavat vaatia tehdasasetusten palauttamisen ennen kanavahaun suorittamista.<\/p>\n<p class=\"aw-1gybjub aw-1p7kakr kEtdKx cEmitX yle__article__paragraph\">Jos muutosty\u00f6t eiv\u00e4t valmistu suunnitellusti, varap\u00e4iv\u00e4n\u00e4 on torstai 16. tammikuuta.<\/p>\n","protected":false},"excerpt":{"rendered":"Muutoksen j\u00e4lkeen osa antenni-tv-kotitalouksista tarvitsee kanavahaun, jotta kaikki kanavat l\u00f6ytyv\u00e4t uudelta taajuudelta. Avaa kuvien katselu Jos muutosty\u00f6t eiv\u00e4t&hellip;\n","protected":false},"author":2,"featured_media":142794,"comment_status":"","ping_status":"","sticky":false,"template":"","format":"standard","meta":{"footnotes":""},"categories":[133],"tags":[7723,137,33,31,30,449,32,206,156,859,109,1356],"class_list":{"0":"post-142793","1":"post","2":"type-post","3":"status-publish","4":"format-standard","5":"has-post-thumbnail","7":"category-televisiot","8":"tag-digita","9":"tag-entertainment","10":"tag-fi","11":"tag-finland","12":"tag-finnish","13":"tag-pohjanmaa","14":"tag-suomi","15":"tag-televisiot","16":"tag-tv","17":"tag-vaasa","18":"tag-viihde","19":"tag-yritykset"},"share_on_mastodon":{"url":"https:\/\/pubeurope.com\/@fi\/115897986125359128","error":""},"_links":{"self":[{"href":"https:\/\/www.europesays.com\/fi\/wp-json\/wp\/v2\/posts\/142793","targetHints":{"allow":["GET"]}}],"collection":[{"href":"https:\/\/www.europesays.com\/fi\/wp-json\/wp\/v2\/posts"}],"about":[{"href":"https:\/\/www.europesays.com\/fi\/wp-json\/wp\/v2\/types\/post"}],"author":[{"embeddable":true,"href":"https:\/\/www.europesays.com\/fi\/wp-json\/wp\/v2\/users\/2"}],"replies":[{"embeddable":true,"href":"https:\/\/www.europesays.com\/fi\/wp-json\/wp\/v2\/comments?post=142793"}],"version-history":[{"count":0,"href":"https:\/\/www.europesays.com\/fi\/wp-json\/wp\/v2\/posts\/142793\/revisions"}],"wp:featuredmedia":[{"embeddable":true,"href":"https:\/\/www.europesays.com\/fi\/wp-json\/wp\/v2\/media\/142794"}],"wp:attachment":[{"href":"https:\/\/www.europesays.com\/fi\/wp-json\/wp\/v2\/media?parent=142793"}],"wp:term":[{"taxonomy":"category","embeddable":true,"href":"https:\/\/www.europesays.com\/fi\/wp-json\/wp\/v2\/categories?post=142793"},{"taxonomy":"post_tag","embeddable":true,"href":"https:\/\/www.europesays.com\/fi\/wp-json\/wp\/v2\/tags?post=142793"}],"curies":[{"name":"wp","href":"https:\/\/api.w.org\/{rel}","templated":true}]}}