{"id":142795,"date":"2026-01-15T07:44:12","date_gmt":"2026-01-15T07:44:12","guid":{"rendered":"https:\/\/www.europesays.com\/fi\/142795\/"},"modified":"2026-01-15T07:44:12","modified_gmt":"2026-01-15T07:44:12","slug":"suomen-28-vuotias-ex-hiihtaja-sairaalaan-ei-pystynyt-liikkumaan","status":"publish","type":"post","link":"https:\/\/www.europesays.com\/fi\/142795\/","title":{"rendered":"Suomen 28-vuotias ex-hiiht\u00e4j\u00e4 sairaalaan \u2013 Ei pystynyt liikkumaan"},"content":{"rendered":"<p>Verneri Suhonen kertoi tilanteestaan.<\/p>\n<p><img decoding=\"async\" class=\"image image-show image-preview\" src=\"https:\/\/www.europesays.com\/fi\/wp-content\/uploads\/2026\/01\/7721bffda84d4667500b114cca4c9efa57bc5023a00f3e237f1d4d792fda2d5e.jpg\" alt=\"\"\/><img decoding=\"async\" class=\"image image-show\" src=\"https:\/\/www.europesays.com\/fi\/wp-content\/uploads\/2026\/01\/1768463050_400_7721bffda84d4667500b114cca4c9efa57bc5023a00f3e237f1d4d792fda2d5e.jpg\" alt=\"\"\/><\/p>\n<p>Verneri Suhosen jalat eiv\u00e4t en\u00e4\u00e4 kantaneet. PASI LIESIMAA<\/p>\n<p class=\"paragraph\">Hiihtouransa viime kauteen lopettanut <a href=\"https:\/\/www.iltalehti.fi\/henkilot\/Verneri Suhonen\" class=\"article-link-person-page\" rel=\"nofollow noopener\" target=\"_blank\">Verneri Suhonen<\/a>, 28, koki dramaattisia hetki\u00e4 joulun aikaan.<\/p>\n<p class=\"paragraph\">Ex-maajoukkuemies joutui kesken kuntosalitreenin sairaalaan, kun h\u00e4n lyyhistyi maahan eik\u00e4 pystynyt en\u00e4\u00e4 liikkumaan.<\/p>\n<p class=\"paragraph\">\u2013 Pisti oikein kunnon noidannuolen. Jouduin l\u00e4htem\u00e4\u00e4n ambulanssilla sairaalaan, kun omat jalat eiv\u00e4t en\u00e4\u00e4 kantaneet, Suhonen kertoo.<\/p>\n<p class=\"paragraph\">\u2013 Yritin liikkua, mutta oli niin viilt\u00e4v\u00e4 kipu, ett\u00e4 en pystynyt tekem\u00e4\u00e4n mit\u00e4\u00e4n. Meinasi taju l\u00e4hte\u00e4.<\/p>\n<p class=\"paragraph\">Suhonen selvisi s\u00e4ik\u00e4hdyksell\u00e4. Selk\u00e4lihaksessa todettiin kuitenkin kolmen sentin repe\u00e4m\u00e4 kahdeksan sentin matkalla.<\/p>\n<p class=\"paragraph\">\u2013 Kyll\u00e4 tuollainen tietysti s\u00e4ik\u00e4ytt\u00e4\u00e4, mutta kaikki oli sitten kuitenkin kondiksessa. Olen palautunut nopeasti.<\/p>\n<p class=\"paragraph\">Suulas urheilija repii vamman aiheuttaneesta tilanteesta jo huumoria.<\/p>\n<p class=\"paragraph\">\u2013 Tein kyykkyj\u00e4, ja ilmeisesti oli liian v\u00e4h\u00e4n painoa, kun oli 60 kiloa, h\u00e4n vitsailee.<\/p>\n<p>Podcast-is\u00e4nt\u00e4<\/p>\n<p>Suhosen uran p\u00e4\u00e4t\u00f6st\u00e4 juhlittiin Taivalkosken SM-hiihdoissa kev\u00e4\u00e4ll\u00e4 2025. jussi saarinen<\/p>\n<p class=\"paragraph\">Suhonen loikkasi urheilu-uransa j\u00e4lkeen tapahtuma-alalle. H\u00e4n edustaa nyky\u00e4\u00e4n useita hiihto- ja urheilubr\u00e4ndej\u00e4.<\/p>\n<p class=\"paragraph\">\u2013 T\u00e4ss\u00e4 on tosi paljon saavutettavaa, niin se pit\u00e4\u00e4 mielen virke\u00e4n\u00e4. Junnumainen into on tullut takaisin, h\u00e4n hehkuttaa.<\/p>\n<p class=\"paragraph\">Ladulle mies ei ole en\u00e4\u00e4 kaivannut.<\/p>\n<p class=\"paragraph\">\u2013 En ole haikaillut sit\u00e4 kyll\u00e4 yht\u00e4\u00e4n. Ei ole ollut ik\u00e4v\u00e4.<\/p>\n<p class=\"paragraph\">\u2013 Ammattiurheilu on aika raaka ammatti. Tulopuoli on aina omissa k\u00e4siss\u00e4, ja t\u00e4ss\u00e4 taloustilanteessa se on koko ajan vaikeampaa.<\/p>\n<p class=\"paragraph\">Sivuty\u00f6n\u00e4\u00e4n Suhonen py\u00f6ritt\u00e4\u00e4 hiihtoaiheista Vuoroveto-podcastia toimittaja <strong>Pertti Lappalaisen<\/strong> kanssa. Ohjelma alkoi lokakuussa.<\/p>\n<p class=\"paragraph\">Opittavaa on ollut paljon. Ex-hiiht\u00e4j\u00e4 on tottunut olemaan mikrofonin toisella puolella.<\/p>\n<p class=\"paragraph\">\u2013 Olen ihan amat\u00f6\u00f6ri tuossa hommassa, h\u00e4n my\u00f6nt\u00e4\u00e4.<\/p>\n<p class=\"paragraph\">\u2013 Mutta ei kukaan ole sepp\u00e4 syntyess\u00e4\u00e4n, eik\u00e4 maailmanmestaruutta havitella niin, ettei ole k\u00e4ynyt yht\u00e4\u00e4n lenkill\u00e4. Minulla on aina ollut halu ilmaista itse\u00e4ni ja puhua suoraan. T\u00e4m\u00e4 on ollut siisti juttu.<\/p>\n<p>Suoraa puhetta<\/p>\n<p>Podcastien tekeminen on Suhosen uusi sivuty\u00f6. Verneri Suhosen albumi<\/p>\n<p class=\"paragraph\">Suhosesta on tullut nopeasti iso \u00e4\u00e4nitorvi suomalaiseen hiihtoon, sill\u00e4 lajia k\u00e4sittelevi\u00e4 podcasteja ei ole liiaksi.<\/p>\n<p class=\"paragraph\">Humpan juoneen kuuluu, ett\u00e4 asioista on puhuttava niiden oikeilla nimill\u00e4. Vanhoja yst\u00e4vi\u00e4k\u00e4\u00e4n ei voi loputtomasti kumarrella, jos suksi ei kulje.<\/p>\n<p class=\"paragraph\">\u2013 Olen tyytyv\u00e4inen siit\u00e4, ett\u00e4 olen pystynyt sanomaan suoraan urheilijoiden edesottamuksista. Oli suorittaminen sitten hyv\u00e4\u00e4 tai heikkoa, olen pystynyt puhumaan siit\u00e4 kaunistelematta, Suhonen arvioi.<\/p>\n<p class=\"paragraph\">\u2013 Ja ei tuloslista valehtele \u2013 siit\u00e4h\u00e4n se on helppo ruotia. Jos ollaan sijalla 45, ei varmaan kukaan voi sanoa, ett\u00e4 olisi mennyt hirve\u00e4n putkeen. Totuus satuttaa eniten.<\/p>\n<p class=\"paragraph\">Ex-sprintteri kertoo tekev\u00e4ns\u00e4 podcastia \u201dhyv\u00e4ll\u00e4 sopimuksella\u201d, joka tuottaa my\u00f6s rahaa.<\/p>\n<p class=\"paragraph\">H\u00e4n ei sulje ovea my\u00f6sk\u00e4\u00e4n mahdollisilta tulevaisuuden tv-t\u00f6ilt\u00e4.<\/p>\n<p class=\"paragraph\">\u2013 Jos tuohon joku mielenkiintoinen tarjous tulee, en l\u00e4hde peruuttelemaankaan. Antaa kohtalon vied\u00e4.<\/p>\n<p>Hiihdolle her\u00e4tys<\/p>\n<p>Suhosen mielest\u00e4 Suomen hiihdolla on mietinn\u00e4n paikka. Verneri Suhosen albumi<\/p>\n<p class=\"paragraph\">Hiihdon ja tapahtuma-alan ammattilaisena Suhonen ei voi olla tarjoamatta n\u00e4k\u00f6kantaansa my\u00f6s suomalaiseen lajikeskusteluun.<\/p>\n<p class=\"paragraph\">\u2013 Hiihto tarvitsee kipe\u00e4sti br\u00e4ndiuudistusta, ett\u00e4 se kest\u00e4\u00e4 kilpailua muuhun harrastus- ja lajikirjoon, h\u00e4n painottaa.<\/p>\n<p class=\"paragraph\">Suhonen kehuu suomalaisia hiihtotapahtumia tunnelmallisiksi ja perinteikk\u00e4iksi, mutta niiss\u00e4 on silti paljon kehitett\u00e4v\u00e4\u00e4.<\/p>\n<p class=\"paragraph\">\u2013 Hiihdossa on se ongelma, ett\u00e4 se on talvinen ulkoilmatapahtuma. Ja hiihtokisan seuraaminen ylip\u00e4\u00e4t\u00e4\u00e4n on paljon helpompaa telkkarista.<\/p>\n<p class=\"paragraph\">\u2013 Kaikkea urheilun ymp\u00e4rille rakennettua pit\u00e4isi saada paremmaksi. Fasiliteetit, kilpailukeskuksen tarjonta ja houkuttimet, h\u00e4n luettelee.<\/p>\n<p><a href=\"https:\/\/www.iltalehti.fi\/telkku\/?utm_source=iltalehti.fi&amp;utm_medium=almainternal&amp;utm_campaign=urheilu_artikkelibanneri&amp;utm_content=banner_612_a\" rel=\"nofollow noopener\" target=\"_blank\"><img decoding=\"async\" src=\"https:\/\/www.europesays.com\/fi\/wp-content\/uploads\/2025\/08\/7ef604e47d46ca174b7df4149bd3557dbde56a86d520f8e1b2125548b0a2e03a.png\" alt=\"TV-ohjelmat t\u00e4n\u00e4\u00e4n, TV-opas\"\/><\/a><\/p>\n","protected":false},"excerpt":{"rendered":"Verneri Suhonen kertoi tilanteestaan. Verneri Suhosen jalat eiv\u00e4t en\u00e4\u00e4 kantaneet. PASI LIESIMAA Hiihtouransa viime kauteen lopettanut Verneri Suhonen,&hellip;\n","protected":false},"author":2,"featured_media":142796,"comment_status":"","ping_status":"","sticky":false,"template":"","format":"standard","meta":{"footnotes":""},"categories":[158],"tags":[35,33,31,30,2096,41,3318,2668,159,32,1145,160],"class_list":{"0":"post-142795","1":"post","2":"type-post","3":"status-publish","4":"format-standard","5":"has-post-thumbnail","7":"category-urheilu","8":"tag-24h","9":"tag-fi","10":"tag-finland","11":"tag-finnish","12":"tag-hiihtolajit","13":"tag-liikunta-ja-urheilu","14":"tag-maastohiihto","15":"tag-pohjoismaiset-hiihtolajit","16":"tag-sports","17":"tag-suomi","18":"tag-talviurheilu","19":"tag-urheilu"},"share_on_mastodon":{"url":"https:\/\/pubeurope.com\/@fi\/115898001913049740","error":""},"_links":{"self":[{"href":"https:\/\/www.europesays.com\/fi\/wp-json\/wp\/v2\/posts\/142795","targetHints":{"allow":["GET"]}}],"collection":[{"href":"https:\/\/www.europesays.com\/fi\/wp-json\/wp\/v2\/posts"}],"about":[{"href":"https:\/\/www.europesays.com\/fi\/wp-json\/wp\/v2\/types\/post"}],"author":[{"embeddable":true,"href":"https:\/\/www.europesays.com\/fi\/wp-json\/wp\/v2\/users\/2"}],"replies":[{"embeddable":true,"href":"https:\/\/www.europesays.com\/fi\/wp-json\/wp\/v2\/comments?post=142795"}],"version-history":[{"count":0,"href":"https:\/\/www.europesays.com\/fi\/wp-json\/wp\/v2\/posts\/142795\/revisions"}],"wp:featuredmedia":[{"embeddable":true,"href":"https:\/\/www.europesays.com\/fi\/wp-json\/wp\/v2\/media\/142796"}],"wp:attachment":[{"href":"https:\/\/www.europesays.com\/fi\/wp-json\/wp\/v2\/media?parent=142795"}],"wp:term":[{"taxonomy":"category","embeddable":true,"href":"https:\/\/www.europesays.com\/fi\/wp-json\/wp\/v2\/categories?post=142795"},{"taxonomy":"post_tag","embeddable":true,"href":"https:\/\/www.europesays.com\/fi\/wp-json\/wp\/v2\/tags?post=142795"}],"curies":[{"name":"wp","href":"https:\/\/api.w.org\/{rel}","templated":true}]}}