{"id":142813,"date":"2026-01-15T08:06:07","date_gmt":"2026-01-15T08:06:07","guid":{"rendered":"https:\/\/www.europesays.com\/fi\/142813\/"},"modified":"2026-01-15T08:06:07","modified_gmt":"2026-01-15T08:06:07","slug":"umkssa-kuullaan-linda-lampeniuksen-viulua-ja-pete-parkkosen-laulua-lupailevat-yllatyksellista-lavashowta-uutissuomalainen","status":"publish","type":"post","link":"https:\/\/www.europesays.com\/fi\/142813\/","title":{"rendered":"UMK:ssa kuullaan Linda Lampeniuksen viulua ja Pete Parkkosen laulua \u2013 lupailevat yll\u00e4tyksellist\u00e4 lavashow&#8217;ta | Uutissuomalainen"},"content":{"rendered":"<p>Aika, biisi ja hetki olivat juuri oikeat Uuden musiikin kilpailuun (UMK) osallistumiseksi, kertoivat viulisti Linda Lampenius ja laulaja Pete Parkkonen STT:lle keskiviikkona p\u00e4iv\u00e4ll\u00e4 j\u00e4rjestetyss\u00e4 mediatilaisuudessa. <\/p>\n<p>Kaksikko osallistuu kisaan duona kappaleellaan Liekinheitin. Kappale on ensimm\u00e4inen yhteinen.<\/p>\n<p>\u2013\u2009Rakastan sit\u00e4, ett\u00e4 p\u00e4\u00e4see tekem\u00e4\u00e4n eri ihmisten kanssa ja kokeilemaan musiikkia. Siit\u00e4 olin tietysti superonnellinen, ett\u00e4 p\u00e4\u00e4sin heti t\u00e4nne kokeilemaan Lindan kanssa, miten meid\u00e4n \u00e4\u00e4net sopivat yhteen, kertoi Parkkonen.<\/p>\n<p>Parkkosen mukaan tiimi l\u00e4hti tekem\u00e4\u00e4n UMK:n voittajabiisi\u00e4. Lampenius kuvaili suomalaisvoimin tehty\u00e4 kappaletta todella vahvaksi ja ekspressiiviseksi, mutta my\u00f6s herk\u00e4ksi.<\/p>\n<p>\u2013\u2009Tarvittiin laulaja, joka ei ole autotune-poplaulaja, vaan pystyy laulamaan tosi matalalta tosi korkealle, v\u00e4lill\u00e4 jopa rikkomaan v\u00e4h\u00e4n \u00e4\u00e4nt\u00e4. Soitettiin Petelle, ja h\u00e4n tuli seuraavana p\u00e4iv\u00e4n\u00e4 studioon, kertoi Lampenius.<\/p>\n<p>Kaksikko ei paljastanut viel\u00e4 yksityiskohtia kappaleestaan, mutta vakuuttivat etenkin sen livevedon olevan &#8221;vau-kokemus&#8221;. Lavaesiintyminen on molempien, Parkkosen mukaan &#8221;r\u00e4j\u00e4ht\u00e4vien persoonien&#8221;, vahvuus.<\/p>\n<p>\u2013\u2009Jo musiikkivideo on n\u00e4ytt\u00e4v\u00e4. Liveshow&#8217;hun tulee sitten ihan uusia, yll\u00e4tyksellisi\u00e4 elementtej\u00e4, sanoi Lampenius.<\/p>\n<p>\t\t\t\t&#8221;En voisi olla onnellisempi&#8221;<\/p>\n<p>UMK:ssa voittoa tavoittelee t\u00e4n\u00e4 vuonna seitsem\u00e4n kilpailukappaletta, joiden esitt\u00e4j\u00e4t Yle julkisti illalla suorassa l\u00e4hetyksess\u00e4. Lampeniuksen ja Parkkosen lis\u00e4ksi muut kilpailijat ovat artistit Etta, Sinikka Monte, Antti Paalanen, Chachi ja Kiki sek\u00e4 iskelm\u00e4yhtye Komiat.<\/p>\n<p>UMK:n kilpailukappaleet julkistetaan arkip\u00e4ivin\u00e4 yksi kerrallaan torstaista l\u00e4htien. Kappaleita voi kuunnella keskiy\u00f6st\u00e4 alkaen.<\/p>\n<p>Ensimm\u00e4isen\u00e4 kuunneltavaksi tulee Etan kappale Million dollar smile. Etta kertoo tiimins\u00e4 l\u00e4mmitelleen h\u00e4nt\u00e4 jo parin vuoden ajan UMK:hon osallistumiseksi, mutta jarrutelleensa ja sanoneensa osallistuvansa sitten, kun oikea kappale l\u00f6ytyy.<\/p>\n<p>\u2013\u2009Halusin, ett\u00e4 biisiss\u00e4 yhdistyv\u00e4t mun parhaat puolet, se stoori ja tulkinta ja kaikki. Ja sit me tehtiin se, tuli paras biisi, mit\u00e4 oon tyyliin urani aikana tehnyt, ja sill\u00e4 p\u00e4\u00e4stiin t\u00e4nne. En voisi olla onnellisempi, kertoi Etta.<\/p>\n<p>\t\t\t\tHaitarihumppaa ja kurkkulaulantaa<\/p>\n<p>Haitareita kuullaan t\u00e4m\u00e4n vuoden UMK:ssa per\u00e4ti kahdelta eri kilpailijalta.<\/p>\n<p>Haitaristi Antti Paalanen kertoo Takatukka-nimisess\u00e4 kappaleessa olevan &#8221;menoa ja meininki\u00e4&#8221;. H\u00e4nt\u00e4 kiehtoo etel\u00e4pohjalaisen pelimanniperinteen ja Mongoliasta juontuvan kurkkulauluperinteen istuvuus nykyaikaisempaan musiikkiin.<\/p>\n<p>\u2013\u2009P\u00e4\u00e4roolissa on haitari, laulut ja taustalla olevat biitit. Yhden miehen soolo, formaatti on mulle tuttu ja turvallinen. Esityksess\u00e4 on takatukka ja paljon kukkia, paljasti Paalanen UMK-kappaleestaan.<\/p>\n<p>Komiat-yhtyeess\u00e4 haitaria soittaa Antero Linden. Muut yhtyeen j\u00e4senet ovat laulaja Aleksi Yli-Sissala, kitaristi-laulaja Samuel J\u00e4rvinen, rumpali Eero Nummela ja basisti Juho Eskola.<\/p>\n<p>Komiat on kuvaillut musiikkiaan suoraviivaiseksi haitarihumpaksi. UMK-kappaleensa Lululai yhtye kertoo olevan menev\u00e4.<\/p>\n<p>\u2013\u2009Siin\u00e4 on hyv\u00e4 fiilis, siin\u00e4 on my\u00f6s hyv\u00e4 j\u00e4nnite ja yll\u00e4tyksellisyytt\u00e4. Ajattelemme aina, ett\u00e4 kun musiikkia tehd\u00e4\u00e4n, siin\u00e4 t\u00e4ytyy kokeilla jotain uutta ja erilaista, unohtamatta b\u00e4ndin ydint\u00e4, kertoi yhtye.<\/p>\n<p>\t\t\t\tPotkua musiikkiuralle<\/p>\n<p>Artisti Kikille osallistuminen UMK:hon on aina ollut haave ja unelma. H\u00e4n kertoo kappaleensa Rakkaudenkipee olevan rohkea ja lavashow&#8217;n olevan iso ja dramaattinen.<\/p>\n<p>\u2013\u2009Olen kerran aiemminkin hakenut, mutta onneksi en silloin p\u00e4\u00e4ssyt. Nyt on oikea aika, oikea paikka, oikea biisi, sanoi Kiki.<\/p>\n<p>My\u00f6s Sinikka Monte kertoo olevansa kilpailusta innoissaan. H\u00e4nkin haki UMK:hon kerran aiemmin, ennen kuin nyt p\u00e4\u00e4si mukaan. Monte osallistuu UMK:n kappaleellaan Ready to leave.<\/p>\n<p>\u2013\u2009Biisini on surullinen ja tuotannollisesti dynaaminen. Sanoisin, ett\u00e4 se on balladi, mutta ei kuitenkaan pelk\u00e4st\u00e4\u00e4n balladi, kertoi Monte.<\/p>\n<p>Muutaman vuoden Suomessa asunut, alkujaan yhdysvaltalainen Chachi kertoo olevansa osallistumismahdollisuudesta innoissaan. H\u00e4nen kilpailukappaleensa Cherry cake on artistin mukaan hyvin tanssittava ja korkeaenerginen.<\/p>\n<p>\u2013\u2009Toivon t\u00e4st\u00e4 potkua musiikkiuralleni. Tunnen itseni varmaksi siit\u00e4, kuka haluan olla ja mit\u00e4 tehd\u00e4, intoili Chachi.<\/p>\n<p>\t\t\t\tFinaalivoittajan tarkoitus edustaa Euroviisuissa<\/p>\n<p>UMK-kilpailijat valittiin avoimeen kappalehakuun l\u00e4hetetyist\u00e4 ehdokkaista, joita oli t\u00e4ll\u00e4 kertaa liki 500. Valintoihin vaikutti ammattilaisraadin lis\u00e4ksi viisi yleis\u00f6raatia, joissa oli mukana joukko eri alojen edustajia.<\/p>\n<p>UMK:n finaali on 28. helmikuuta. Voittajan on tarkoitus edustaa Suomea kev\u00e4\u00e4n Euroviisuissa. J\u00e4rjestyksess\u00e4\u00e4n 70. viisut kisataan toukokuun puoliv\u00e4liss\u00e4 It\u00e4vallan Wieniss\u00e4.<\/p>\n<p>Viime vuonna UMK:n voitti Erika Vikman, joka edusti Suomea Euroviisuissa kappaleellaan Ich komme.<\/p>\n<p>\t\t\t\tUseat maat boikotoivat Euroviisuja<\/p>\n<p>Kukaan tuoreista UMK:n kilpailijoista ei ottanut keskiviikkona kantaa kysymykseen siit\u00e4, aikooko osallistua Euroviisuihin, jos UMK:n voitto osuu kohdalle.<\/p>\n<p>Kev\u00e4\u00e4n Euroviisut ovat aiheuttaneet viime vuoden tapaan ennakkoon kuohuntaa Israelin osallistumisen takia. Monet riippumattomat tahot ovat arvioineet, ett\u00e4 Israel on syyllistynyt kansanmurhaan Gazassa.<\/p>\n<p>Espanja, Hollanti, Irlanti, Slovenia ja Islanti ovat ilmoittaneet boikotoivansa viisuja Israelin osallistumisen takia. Yle on ilmoittanut, ett\u00e4 Suomi valmistautuu osallistumaan laulukilpailuun.<\/p>\n","protected":false},"excerpt":{"rendered":"Aika, biisi ja hetki olivat juuri oikeat Uuden musiikin kilpailuun (UMK) osallistumiseksi, kertoivat viulisti Linda Lampenius ja laulaja&hellip;\n","protected":false},"author":2,"featured_media":142814,"comment_status":"","ping_status":"","sticky":false,"template":"","format":"standard","meta":{"footnotes":""},"categories":[133],"tags":[138,137,33,31,30,108,763,525,47,141,32,397,484,206,156,109],"class_list":{"0":"post-142813","1":"post","2":"type-post","3":"status-publish","4":"format-standard","5":"has-post-thumbnail","7":"category-televisiot","8":"tag-audio","9":"tag-entertainment","10":"tag-fi","11":"tag-finland","12":"tag-finnish","13":"tag-kulttuuri","14":"tag-kulttuuri-ja-viihde","15":"tag-laulaminen-ja-laulajat","16":"tag-musiikki","17":"tag-muusikot-bandit","18":"tag-suomi","19":"tag-taide","20":"tag-taiteellinen-ilmaisu-ja-mediat","21":"tag-televisiot","22":"tag-tv","23":"tag-viihde"},"share_on_mastodon":{"url":"https:\/\/pubeurope.com\/@fi\/115898088384912684","error":""},"_links":{"self":[{"href":"https:\/\/www.europesays.com\/fi\/wp-json\/wp\/v2\/posts\/142813","targetHints":{"allow":["GET"]}}],"collection":[{"href":"https:\/\/www.europesays.com\/fi\/wp-json\/wp\/v2\/posts"}],"about":[{"href":"https:\/\/www.europesays.com\/fi\/wp-json\/wp\/v2\/types\/post"}],"author":[{"embeddable":true,"href":"https:\/\/www.europesays.com\/fi\/wp-json\/wp\/v2\/users\/2"}],"replies":[{"embeddable":true,"href":"https:\/\/www.europesays.com\/fi\/wp-json\/wp\/v2\/comments?post=142813"}],"version-history":[{"count":0,"href":"https:\/\/www.europesays.com\/fi\/wp-json\/wp\/v2\/posts\/142813\/revisions"}],"wp:featuredmedia":[{"embeddable":true,"href":"https:\/\/www.europesays.com\/fi\/wp-json\/wp\/v2\/media\/142814"}],"wp:attachment":[{"href":"https:\/\/www.europesays.com\/fi\/wp-json\/wp\/v2\/media?parent=142813"}],"wp:term":[{"taxonomy":"category","embeddable":true,"href":"https:\/\/www.europesays.com\/fi\/wp-json\/wp\/v2\/categories?post=142813"},{"taxonomy":"post_tag","embeddable":true,"href":"https:\/\/www.europesays.com\/fi\/wp-json\/wp\/v2\/tags?post=142813"}],"curies":[{"name":"wp","href":"https:\/\/api.w.org\/{rel}","templated":true}]}}