{"id":142815,"date":"2026-01-15T08:08:07","date_gmt":"2026-01-15T08:08:07","guid":{"rendered":"https:\/\/www.europesays.com\/fi\/142815\/"},"modified":"2026-01-15T08:08:07","modified_gmt":"2026-01-15T08:08:07","slug":"spider-man-ja-superman-kohtaavat-kevaalla-ensimmaiset-kuvat-julkaistiin-jo","status":"publish","type":"post","link":"https:\/\/www.europesays.com\/fi\/142815\/","title":{"rendered":"Spider-Man ja Superman kohtaavat kev\u00e4\u00e4ll\u00e4 &#8211; ensimm\u00e4iset kuvat julkaistiin jo"},"content":{"rendered":"<p>Spider-Man ja Superman eli suomalaisittain H\u00e4m\u00e4h\u00e4kkimies ja Ter\u00e4smies kohtaavat t\u00e4n\u00e4 kev\u00e4\u00e4n\u00e4 vuosikymmenten tauon j\u00e4lkeen.<\/p>\n<p><a href=\"https:\/\/muropaketti.com\/elokuvat\/elokuvauutiset\/kuva-batman-kohtaa-deadpoolin-ja-wolverinen-ensi-syksyna\/\" rel=\"nofollow noopener\" target=\"_blank\">Deadpoolin ja Batmanin kahden lehden mittainen kohtaaminen<\/a> viime vuonna oli vasta alkua. T\u00e4n\u00e4 vuonna Marvel ja DC Comics jatkavat yhteisty\u00f6t\u00e4 H\u00e4miksen ja Teriksen j\u00e4lleenn\u00e4kemisell\u00e4.<\/p>\n<p>Edelt\u00e4j\u00e4ns\u00e4 tavoin uusi yhteisseikkailu on kaksiosainen.<\/p>\n<p>Homma vihellet\u00e4\u00e4n k\u00e4yntiin DC Comicsin puolella maaliskuussa Superman\/Spider-Manilla, ja huhtikuussa on sitten vuorossa Marvelin kustantama Spider-Man\/Superman.<\/p>\n<p>Yhteisseikkailun ideana on juhlistaa kaikkien aikojen ensimm\u00e4isen Marvel \/ DC -kohtaamisen eli Superman vs. The Amazing Spider-Manin 50-vuotismerkkip\u00e4iv\u00e4\u00e4 \u2013 sek\u00e4 k\u00e4\u00e4ri\u00e4 tietenkin isot hillot sarjakuvaharrastajilta.<\/p>\n<p>Aivan kuten Deadpool\/ Batmanissa ja Batman\/Deadpoolissa, uudet lehdet tulevat tarjoamaan my\u00f6s muiden supersankareiden kohtaamisia. Luvassa on esimerkiksi Spider-Man Noirin ja kulta-ajan Ter\u00e4smiehen sek\u00e4 Gwen Stacyn ja Lana Langin yhteisseikkailut.<\/p>\n<p>Marvel on julkaissut t\u00e4ll\u00e4 viikolla ensimm\u00e4iset kansikuvamaistiaiset omasta numerostaan. Niit\u00e4 voi ihailla alla.<\/p>\n<p>Loppuun viel\u00e4 vinkattakoon, ett\u00e4 Deadpool\/ Marvel saapui pari viikkoa sitten <a href=\"https:\/\/muropaketti.com\/elokuvat\/elokuva-artikkelit\/esittelyssa-sarjakuvien-spotifyt\/\" rel=\"nofollow noopener\" target=\"_blank\">Marvel Unlimited -palveluun<\/a>, josta sen voi lukea kuukausimaksua vastaan. Tarjolla on my\u00f6s noin 30 000 muuta sarjakuvaa, joten lukeminen ei ihan heti lopu kesken.<\/p>\n","protected":false},"excerpt":{"rendered":"Spider-Man ja Superman eli suomalaisittain H\u00e4m\u00e4h\u00e4kkimies ja Ter\u00e4smies kohtaavat t\u00e4n\u00e4 kev\u00e4\u00e4n\u00e4 vuosikymmenten tauon j\u00e4lkeen. Deadpoolin ja Batmanin kahden&hellip;\n","protected":false},"author":2,"featured_media":142816,"comment_status":"","ping_status":"","sticky":false,"template":"","format":"standard","meta":{"footnotes":""},"categories":[131],"tags":[24520,155,137,33,173,31,30,3282,172,9799,4626,32,183,1678,109],"class_list":{"0":"post-142815","1":"post","2":"type-post","3":"status-publish","4":"format-standard","5":"has-post-thumbnail","7":"category-elokuvat","8":"tag-dc-comics","9":"tag-elokuvat","10":"tag-entertainment","11":"tag-fi","12":"tag-film","13":"tag-finland","14":"tag-finnish","15":"tag-marvel","16":"tag-movies","17":"tag-sarjakuvat","18":"tag-spider-man","19":"tag-suomi","20":"tag-superman","21":"tag-terasmies","22":"tag-viihde"},"share_on_mastodon":{"url":"https:\/\/pubeurope.com\/@fi\/115898096192473606","error":""},"_links":{"self":[{"href":"https:\/\/www.europesays.com\/fi\/wp-json\/wp\/v2\/posts\/142815","targetHints":{"allow":["GET"]}}],"collection":[{"href":"https:\/\/www.europesays.com\/fi\/wp-json\/wp\/v2\/posts"}],"about":[{"href":"https:\/\/www.europesays.com\/fi\/wp-json\/wp\/v2\/types\/post"}],"author":[{"embeddable":true,"href":"https:\/\/www.europesays.com\/fi\/wp-json\/wp\/v2\/users\/2"}],"replies":[{"embeddable":true,"href":"https:\/\/www.europesays.com\/fi\/wp-json\/wp\/v2\/comments?post=142815"}],"version-history":[{"count":0,"href":"https:\/\/www.europesays.com\/fi\/wp-json\/wp\/v2\/posts\/142815\/revisions"}],"wp:featuredmedia":[{"embeddable":true,"href":"https:\/\/www.europesays.com\/fi\/wp-json\/wp\/v2\/media\/142816"}],"wp:attachment":[{"href":"https:\/\/www.europesays.com\/fi\/wp-json\/wp\/v2\/media?parent=142815"}],"wp:term":[{"taxonomy":"category","embeddable":true,"href":"https:\/\/www.europesays.com\/fi\/wp-json\/wp\/v2\/categories?post=142815"},{"taxonomy":"post_tag","embeddable":true,"href":"https:\/\/www.europesays.com\/fi\/wp-json\/wp\/v2\/tags?post=142815"}],"curies":[{"name":"wp","href":"https:\/\/api.w.org\/{rel}","templated":true}]}}