{"id":142817,"date":"2026-01-15T08:10:07","date_gmt":"2026-01-15T08:10:07","guid":{"rendered":"https:\/\/www.europesays.com\/fi\/142817\/"},"modified":"2026-01-15T08:10:07","modified_gmt":"2026-01-15T08:10:07","slug":"leijonat-finhockey-kaukalon-kasvatit-podcast-alkoi","status":"publish","type":"post","link":"https:\/\/www.europesays.com\/fi\/142817\/","title":{"rendered":"Leijonat &#8211; Finhockey &#8211; Kaukalon kasvatit -podcast alkoi"},"content":{"rendered":"<p class=\"pf0\">&#13;<br \/>\n\tEntinen huippusuunnistaja ja aloitteleva kiekko\u00e4iti <strong>Minna Kauppi<\/strong> keskustelee J\u00e4\u00e4kiekkoliiton uutuuspodcastissa siit\u00e4, millaisiin arvoihin lapsia lajin parissa kasvatetaan. Podcast tarjoaa my\u00f6s seuroille hyv\u00e4\u00e4 materiaalia vanhemmille, someen ja verkkoon. Sen teemat tukevat vahvasti seuratoimintaa ja kannustavat harkitsemaan lapsen lajiksi j\u00e4\u00e4kiekkoa perheiss\u00e4, joissa lajivalintoja viel\u00e4 pohditaan. Ensimm\u00e4inen jakso julkaistiin t\u00e4n\u00e4\u00e4n, tulevat jaksot ilmestyv\u00e4t torstaisin\u00a0Spotifyhin ja Apple Podcasts -sovellukseen.\u00a0<\/p>\n<p class=\"pf0\">&#13;<br \/>\n\tSuomen J\u00e4\u00e4kiekkoliiton uudessa podcastsarjassa Kaukalon kasvatit pohditaan lasten liikkumista: miten urheiluseurat ja vanhemmat pit\u00e4v\u00e4t huolta siit\u00e4, ett\u00e4 harrastaminen on lapsil\u00e4ht\u00f6ist\u00e4 ja miten taataan, ett\u00e4 liikunnasta tulee el\u00e4m\u00e4nmittainen ilo. Sarjan juontajana toimii entinen huippusuunnistaja Minna Kauppi.<\/p>\n<p class=\"pf0\">&#13;<br \/>\n\t&#8211; Kun poikani alkoi harrastaa j\u00e4\u00e4kiekkoa, jouduin p\u00e4ivitt\u00e4m\u00e4\u00e4n lajia kohtaan tuntemani ennakkoluulot. J\u00e4\u00e4kiekkohan on hyvin monipuolinen harrastus, ja poikani into on tarttunut meihin vanhempiinkin, lapsensa j\u00e4\u00e4kiekkojoukkueen turnausp\u00e4\u00e4llikk\u00f6n\u00e4 sek\u00e4 jalkapallojoukkueen apuvalmentajana toimiva Kauppi sanoo.<\/p>\n<p class=\"pf0\">&#13;<br \/>\n\t&#8211; Illat kuluvat kaukalon tai futiskent\u00e4n laidalla, enk\u00e4 haluaisi miss\u00e4\u00e4n muualla ollakaan. Samalla mietin kuitenkin, etten vanhempana luo paineita tai puutu lapsen harrastamiseen liikaa.<\/p>\n<p class=\"pf0\">&#13;<br \/>\n\tLajiliitot laativat viime vuonna yhdess\u00e4 joukkuepelien uudet linjaukset, jotka t\u00e4ht\u00e4\u00e4v\u00e4t lapsuusajan urheilun laadun parantamiseen. <\/p>\n<p class=\"pf0\">&#13;<br \/>\n\t&#8211; Haluamme podcastsarjalla her\u00e4tt\u00e4\u00e4 keskustelua siit\u00e4, miten seuroissa, kodeissa ja kouluissa innostetaan lapsia liikkumaan monilajisesti ja monipuolisesti. Haluamme my\u00f6s kannustaa vanhempia mukaan seuraty\u00f6h\u00f6n: sarjaan haastatellut vanhemmat osoittavat, kuinka t\u00e4rke\u00e4\u00e4 on olla lapsen harrastuksessa mukana ja mit\u00e4 se voi antaa meille aikuisille, kertoo J\u00e4\u00e4kiekkoliiton viestint\u00e4johtaja <strong>Henna Malmberg<\/strong>.<\/p>\n<p class=\"pf0\">&#13;<br \/>\n\tSarjan ensimm\u00e4isess\u00e4 jaksossa MM- ja olympiakultamitalisti sek\u00e4 Stanley Cup -voittaja, hiljattain uransa lopettanut <strong>Valtteri Filppula<\/strong> kertoo monilajisen liikkumisen eduista. <\/p>\n<p class=\"pf0\">&#13;<br \/>\n\tTulevissa jaksoissa tavataan muun muassa j\u00e4\u00e4kiekon SM-kulta- ja hopeamitalisti sek\u00e4 poikiensa junnuvalmentajana toiminut<strong> Pekka Saravo<\/strong>, Diili-ohjelman neuvonantaja, toimitusjohtaja ja j\u00e4\u00e4kiekon SM-kultamitalisti<strong> <\/strong><strong>Amel Gaily<\/strong> sek\u00e4 lasten ja nuorten liikunnan asiantuntija <strong>Hannamari Laitinen<\/strong>. <\/p>\n<p class=\"pf0\">&#13;<br \/>\n\tJokaisessa jaksossa \u00e4\u00e4neen p\u00e4\u00e4sev\u00e4t my\u00f6s lapset itse. Podcastissa matkataan j\u00e4\u00e4halleille eri puolille Suomea ja kuullaan junnupelaajien ja heid\u00e4n vanhempiensa kokemuksia harrastamisesta, lajikulttuurista ja j\u00e4\u00e4kiekkoyhteis\u00f6st\u00e4.<\/p>\n<p class=\"pf0\">&#13;<br \/>\n\tUusi jakso julkaistaan joka torstai Spotifyssa ja Apple Podcasts -sovelluksessa. Ohjelman tarjoavat J\u00e4\u00e4kiekkoliitto ja Leijonat Store. Sarjan on tuottanut F-tuotanto.<\/p>\n<p class=\"pf0\">&#13;<br \/>\n\t<strong>Sarjan ensimm\u00e4inen jakso on nyt julkaistu &#8211; kuuntele jakso ja jaa se my\u00f6s muiden kuunneltavaksi!<\/strong><\/p>\n<p class=\"pf0\">&#13;<br \/>\n\tLasten on tutkitusti parempi liikkua monilajisesti, ja siihen on alettu kannustaa my\u00f6s j\u00e4\u00e4kiekossa. Hiljattain uransa lopettanut kiekkolegenda <strong>Valtteri Filppula <\/strong>kertoo Kaukalon kasvatit -podcastin ensimm\u00e4isess\u00e4 jaksossa omasta liikunnallisesta lapsuudestaan. Filppulan mukaan eri lajit tekev\u00e4t liikkumisesta hauskaa ja tukevat my\u00f6s kehittymist\u00e4 p\u00e4\u00e4lajissa. Jaksossa kuullaan my\u00f6s Helsingin Vuosaaren Viikingeiss\u00e4 pelaavan 11-vuotiaan <strong>Elmon<\/strong> ja h\u00e4nen is\u00e4ns\u00e4 <strong>Nikon<\/strong> ajatuksia j\u00e4\u00e4kiekkoharrastuksesta.<\/p>\n<p>&#13;<br \/>\n\t\u00a0<\/p>\n<p>&#13;\n\t<\/p>\n","protected":false},"excerpt":{"rendered":"&#13; Entinen huippusuunnistaja ja aloitteleva kiekko\u00e4iti Minna Kauppi keskustelee J\u00e4\u00e4kiekkoliiton uutuuspodcastissa siit\u00e4, millaisiin arvoihin lapsia lajin parissa kasvatetaan.&hellip;\n","protected":false},"author":2,"featured_media":142818,"comment_status":"","ping_status":"","sticky":false,"template":"","format":"standard","meta":{"footnotes":""},"categories":[158],"tags":[33,31,30,159,32,160],"class_list":{"0":"post-142817","1":"post","2":"type-post","3":"status-publish","4":"format-standard","5":"has-post-thumbnail","7":"category-urheilu","8":"tag-fi","9":"tag-finland","10":"tag-finnish","11":"tag-sports","12":"tag-suomi","13":"tag-urheilu"},"share_on_mastodon":{"url":"https:\/\/pubeurope.com\/@fi\/115898104172480946","error":""},"_links":{"self":[{"href":"https:\/\/www.europesays.com\/fi\/wp-json\/wp\/v2\/posts\/142817","targetHints":{"allow":["GET"]}}],"collection":[{"href":"https:\/\/www.europesays.com\/fi\/wp-json\/wp\/v2\/posts"}],"about":[{"href":"https:\/\/www.europesays.com\/fi\/wp-json\/wp\/v2\/types\/post"}],"author":[{"embeddable":true,"href":"https:\/\/www.europesays.com\/fi\/wp-json\/wp\/v2\/users\/2"}],"replies":[{"embeddable":true,"href":"https:\/\/www.europesays.com\/fi\/wp-json\/wp\/v2\/comments?post=142817"}],"version-history":[{"count":0,"href":"https:\/\/www.europesays.com\/fi\/wp-json\/wp\/v2\/posts\/142817\/revisions"}],"wp:featuredmedia":[{"embeddable":true,"href":"https:\/\/www.europesays.com\/fi\/wp-json\/wp\/v2\/media\/142818"}],"wp:attachment":[{"href":"https:\/\/www.europesays.com\/fi\/wp-json\/wp\/v2\/media?parent=142817"}],"wp:term":[{"taxonomy":"category","embeddable":true,"href":"https:\/\/www.europesays.com\/fi\/wp-json\/wp\/v2\/categories?post=142817"},{"taxonomy":"post_tag","embeddable":true,"href":"https:\/\/www.europesays.com\/fi\/wp-json\/wp\/v2\/tags?post=142817"}],"curies":[{"name":"wp","href":"https:\/\/api.w.org\/{rel}","templated":true}]}}