{"id":142825,"date":"2026-01-15T08:15:07","date_gmt":"2026-01-15T08:15:07","guid":{"rendered":"https:\/\/www.europesays.com\/fi\/142825\/"},"modified":"2026-01-15T08:15:07","modified_gmt":"2026-01-15T08:15:07","slug":"noin-puolella-alle-30-vuotiaana-tyokyvyttomyyselakkeelle-siirtyneista-ei-lainkaan-tyouraa-uutisia-lyhyesti","status":"publish","type":"post","link":"https:\/\/www.europesays.com\/fi\/142825\/","title":{"rendered":"Noin puolella alle 30-vuotiaana ty\u00f6kyvytt\u00f6myysel\u00e4kkeelle siirtyneist\u00e4 ei lainkaan ty\u00f6uraa | Uutisia lyhyesti"},"content":{"rendered":"<p class=\"aw-1gybjub aw-1p7kakr kEtdKx cEmitX yle__article__paragraph\">Noin puolella alle 30-vuotiaana ty\u00f6kyvytt\u00f6myysel\u00e4kkeelle siirtyneist\u00e4 ei ole lainkaan ty\u00f6uraa, <a class=\"aw-iao6s4 iHOxEa yle__article__link\" href=\"https:\/\/www.etk.fi\/ajankohtaista\/alle-30-vuotiaiden-elakkeelle-siirtyneiden-tyohistoria-on-lyhyt-masennus-yleisin-syy-nuorten-aikuisten-tyokyvyttomyyselakkeille\/\" role=\"link\" rel=\"nofollow noopener\" target=\"_blank\">kertoo El\u00e4keturvakeskus<\/a>.<\/p>\n<p class=\"aw-1gybjub aw-1p7kakr kEtdKx cEmitX yle__article__paragraph\">Noin puolet 18\u201329-vuotiaana ty\u00f6kyvytt\u00f6myysel\u00e4kkeelle siirtyneist\u00e4 sai ainoastaan Kelan maksamaa el\u00e4kett\u00e4, eli heill\u00e4 ei ole l\u00e4ht\u00f6kohtaisesti lainkaan ty\u00f6uraa. My\u00f6s joskus ty\u00f6ss\u00e4 olleilla ty\u00f6urat ovat usein varsin lyhyit\u00e4 samanik\u00e4isiin verrattuna.<\/p>\n<p class=\"aw-1gybjub aw-1p7kakr kEtdKx cEmitX yle__article__paragraph\">Valtaosa alle 30-vuotiaiden ty\u00f6kyvytt\u00f6myysel\u00e4kkeist\u00e4 johtuu mielenterveyden h\u00e4iri\u00f6ist\u00e4.<\/p>\n<p class=\"aw-1gybjub aw-1p7kakr kEtdKx cEmitX yle__article__paragraph\">Tutkimuksessa tarkasteltiin vuosina 2020\u20132022 ty\u00f6kyvytt\u00f6myysel\u00e4kkeelle siirtyneit\u00e4 alle 30-vuotiaita. Heit\u00e4 oli noin 8 200.<\/p>\n","protected":false},"excerpt":{"rendered":"Noin puolella alle 30-vuotiaana ty\u00f6kyvytt\u00f6myysel\u00e4kkeelle siirtyneist\u00e4 ei ole lainkaan ty\u00f6uraa, kertoo El\u00e4keturvakeskus. Noin puolet 18\u201329-vuotiaana ty\u00f6kyvytt\u00f6myysel\u00e4kkeelle siirtyneist\u00e4 sai&hellip;\n","protected":false},"author":2,"featured_media":142826,"comment_status":"","ping_status":"","sticky":false,"template":"","format":"standard","meta":{"footnotes":""},"categories":[14],"tags":[22,23,26,27,33,31,30,17,71,24,25,28,29,15,18,21,32,19,20,860,56,16,59,60,61],"class_list":{"0":"post-142825","1":"post","2":"type-post","3":"status-publish","4":"format-standard","5":"has-post-thumbnail","7":"category-ulkomaat","8":"tag-breaking-news","9":"tag-breakingnews","10":"tag-featured-news","11":"tag-featurednews","12":"tag-fi","13":"tag-finland","14":"tag-finnish","15":"tag-headlines","16":"tag-kotimaa","17":"tag-latest-news","18":"tag-latestnews","19":"tag-main-news","20":"tag-mainnews","21":"tag-news","22":"tag-otsikot","23":"tag-paauutiset","24":"tag-suomi","25":"tag-top-stories","26":"tag-topstories","27":"tag-tyoelama","28":"tag-ulkomaat","29":"tag-uutiset","30":"tag-world","31":"tag-world-news","32":"tag-worldnews"},"share_on_mastodon":{"url":"https:\/\/pubeurope.com\/@fi\/115898123754941408","error":""},"_links":{"self":[{"href":"https:\/\/www.europesays.com\/fi\/wp-json\/wp\/v2\/posts\/142825","targetHints":{"allow":["GET"]}}],"collection":[{"href":"https:\/\/www.europesays.com\/fi\/wp-json\/wp\/v2\/posts"}],"about":[{"href":"https:\/\/www.europesays.com\/fi\/wp-json\/wp\/v2\/types\/post"}],"author":[{"embeddable":true,"href":"https:\/\/www.europesays.com\/fi\/wp-json\/wp\/v2\/users\/2"}],"replies":[{"embeddable":true,"href":"https:\/\/www.europesays.com\/fi\/wp-json\/wp\/v2\/comments?post=142825"}],"version-history":[{"count":0,"href":"https:\/\/www.europesays.com\/fi\/wp-json\/wp\/v2\/posts\/142825\/revisions"}],"wp:featuredmedia":[{"embeddable":true,"href":"https:\/\/www.europesays.com\/fi\/wp-json\/wp\/v2\/media\/142826"}],"wp:attachment":[{"href":"https:\/\/www.europesays.com\/fi\/wp-json\/wp\/v2\/media?parent=142825"}],"wp:term":[{"taxonomy":"category","embeddable":true,"href":"https:\/\/www.europesays.com\/fi\/wp-json\/wp\/v2\/categories?post=142825"},{"taxonomy":"post_tag","embeddable":true,"href":"https:\/\/www.europesays.com\/fi\/wp-json\/wp\/v2\/tags?post=142825"}],"curies":[{"name":"wp","href":"https:\/\/api.w.org\/{rel}","templated":true}]}}