{"id":142827,"date":"2026-01-15T08:16:07","date_gmt":"2026-01-15T08:16:07","guid":{"rendered":"https:\/\/www.europesays.com\/fi\/142827\/"},"modified":"2026-01-15T08:16:07","modified_gmt":"2026-01-15T08:16:07","slug":"naisopettajat-vaativat-viertolan-kouluampujalta-jattikorvauksia-oikeudessa","status":"publish","type":"post","link":"https:\/\/www.europesays.com\/fi\/142827\/","title":{"rendered":"Naisopettajat vaativat Viertolan kouluampujalta j\u00e4ttikorvauksia oikeudessa"},"content":{"rendered":"<p>Kauhua kokeneet naisopettajat vaativat Viertolan kouluampujalta yli 34\u202f000 euron korvauksia. IS seuraa oikeudenk\u00e4ynti\u00e4 hetki hetkelt\u00e4.<\/p>\n<p>Viertolan kouluampumisen esitutkinta valmistui lokakuussa 2024.<\/p>\n<p class=\"article-body mb-nof-24 px-nof-16\">Viertolan kouluampumisen traagisiin tapahtumiin palataan It\u00e4-Uudenmaan k\u00e4r\u00e4j\u00e4oikeudessa torstaina.<\/p>\n<p class=\"article-body mb-nof-24 px-nof-16\">Kyseess\u00e4 on riitaoikeudenk\u00e4ynti, jossa kaksi ampumista todistanutta opettajaa vaativat kouluampujalta yhteens\u00e4 yli 34\u202f000 euron korvauksia.<\/p>\n<p class=\"article-body mb-nof-24 px-nof-16\">Opettajat hakevat korvauksia k\u00e4rsimyksest\u00e4, s\u00e4ryst\u00e4, ansionmenetyksist\u00e4 ja oikeudenk\u00e4yntikuluista.<\/p>\n<ul class=\"mb-nof-16 px-nof-16 article-unordered-list unordered-list\">\n<li class=\"unordered-list-item\">\n<p class=\"article-body\">IS seuraa istuntoa hetki hetkelt\u00e4 noin kello 9.30 alkaen. Seuranta on t\u00e4m\u00e4n jutun lopussa.<\/p>\n<\/li>\n<\/ul>\n<p class=\"article-body mb-nof-24 px-nof-16\">Opettajat kokevat olevansa oikeutettuja korvauksiin, koska he pelk\u00e4siv\u00e4t henkens\u00e4 puolesta luokkahuoneessa.<\/p>\n<p class=\"article-body mb-nof-24 px-nof-16\">Opettajat ty\u00f6skenteliv\u00e4t Vantaan Viertolan koululla 2. huhtikuuta 2024, jolloin 12-vuotias poika saapui luokkahuoneeseen ja ampui kolmea oppilasta. Poika osoitti my\u00f6s kumpaakin opettajaa aseella.<\/p>\n<p class=\"article-body mb-nof-24 px-nof-16\">Oppilaista 12-vuotias poika menehtyi, kaksi samanik\u00e4ist\u00e4 tytt\u00f6\u00e4 loukkaantui.<\/p>\n<p class=\"article-body mb-nof-24 px-nof-16\">Kouluampuja pit\u00e4\u00e4 esitettyj\u00e4 korvausvaatimuksia ylimitoitettuina. H\u00e4n vaatii niiden kohtuullistamista taloustilanteensa ja nuoren ik\u00e4ns\u00e4 takia.<\/p>\n<p class=\"article-body mb-nof-24 px-nof-16\">Poliisi tutki asiaa murhana ja kahtena murhan yrityksen\u00e4 ja lopetti tutkinnan lokakuussa 2024. Asia ei edennyt rikosjuttuna oikeuteen, koska poika ei ollut ik\u00e4ns\u00e4 takia rikosoikeudellisessa vastuussa.<\/p>\n<p class=\"article-body mb-nof-24 px-nof-16\">Nuori ik\u00e4 ei poista kuitenkaan mahdollista korvausvastuuta, ja siksi asiaa k\u00e4sitell\u00e4\u00e4n riitajuttuna It\u00e4-Uudenmaan k\u00e4r\u00e4j\u00e4oikeudessa.<\/p>\n<p class=\"article-body mb-nof-24 px-nof-16\">Poika on vaihtanut ampumisen j\u00e4lkeen nimens\u00e4 ja jatkanut peruskoulun suorittamista. H\u00e4n on nyky\u00e4\u00e4n\u202f14-vuotias.<\/p>\n","protected":false},"excerpt":{"rendered":"Kauhua kokeneet naisopettajat vaativat Viertolan kouluampujalta yli 34\u202f000 euron korvauksia. IS seuraa oikeudenk\u00e4ynti\u00e4 hetki hetkelt\u00e4. Viertolan kouluampumisen esitutkinta&hellip;\n","protected":false},"author":2,"featured_media":142828,"comment_status":"","ping_status":"","sticky":false,"template":"","format":"standard","meta":{"footnotes":""},"categories":[12],"tags":[22,23,26,27,33,31,30,17,34,24,25,28,29,15,18,21,32,19,20,16],"class_list":{"0":"post-142827","1":"post","2":"type-post","3":"status-publish","4":"format-standard","5":"has-post-thumbnail","7":"category-suomi","8":"tag-breaking-news","9":"tag-breakingnews","10":"tag-featured-news","11":"tag-featurednews","12":"tag-fi","13":"tag-finland","14":"tag-finnish","15":"tag-headlines","16":"tag-ilta-sanomat","17":"tag-latest-news","18":"tag-latestnews","19":"tag-main-news","20":"tag-mainnews","21":"tag-news","22":"tag-otsikot","23":"tag-paauutiset","24":"tag-suomi","25":"tag-top-stories","26":"tag-topstories","27":"tag-uutiset"},"share_on_mastodon":{"url":"https:\/\/pubeurope.com\/@fi\/115898127707221464","error":""},"_links":{"self":[{"href":"https:\/\/www.europesays.com\/fi\/wp-json\/wp\/v2\/posts\/142827","targetHints":{"allow":["GET"]}}],"collection":[{"href":"https:\/\/www.europesays.com\/fi\/wp-json\/wp\/v2\/posts"}],"about":[{"href":"https:\/\/www.europesays.com\/fi\/wp-json\/wp\/v2\/types\/post"}],"author":[{"embeddable":true,"href":"https:\/\/www.europesays.com\/fi\/wp-json\/wp\/v2\/users\/2"}],"replies":[{"embeddable":true,"href":"https:\/\/www.europesays.com\/fi\/wp-json\/wp\/v2\/comments?post=142827"}],"version-history":[{"count":0,"href":"https:\/\/www.europesays.com\/fi\/wp-json\/wp\/v2\/posts\/142827\/revisions"}],"wp:featuredmedia":[{"embeddable":true,"href":"https:\/\/www.europesays.com\/fi\/wp-json\/wp\/v2\/media\/142828"}],"wp:attachment":[{"href":"https:\/\/www.europesays.com\/fi\/wp-json\/wp\/v2\/media?parent=142827"}],"wp:term":[{"taxonomy":"category","embeddable":true,"href":"https:\/\/www.europesays.com\/fi\/wp-json\/wp\/v2\/categories?post=142827"},{"taxonomy":"post_tag","embeddable":true,"href":"https:\/\/www.europesays.com\/fi\/wp-json\/wp\/v2\/tags?post=142827"}],"curies":[{"name":"wp","href":"https:\/\/api.w.org\/{rel}","templated":true}]}}