{"id":142839,"date":"2026-01-15T08:32:07","date_gmt":"2026-01-15T08:32:07","guid":{"rendered":"https:\/\/www.europesays.com\/fi\/142839\/"},"modified":"2026-01-15T08:32:07","modified_gmt":"2026-01-15T08:32:07","slug":"kolmiodraama-tomin-ja-vilman-puolisoehdokkaat-paatyvat-samaan-sankyyn","status":"publish","type":"post","link":"https:\/\/www.europesays.com\/fi\/142839\/","title":{"rendered":"Kolmiodraama: Tomin ja Vilman puolisoehdokkaat p\u00e4\u00e4tyv\u00e4t samaan s\u00e4nkyyn"},"content":{"rendered":"<p>\n            Kolmiodraama: Tino ja Tinna<br \/>\n            MTV\n        <\/p>\n<p class=\"subtitle \">Kolmiodraama-ohjelmasta ei puutu k\u00e4\u00e4nteit\u00e4. Tomin puolisoehdokas ja Vilman puolisoehdokas viett\u00e4v\u00e4t y\u00f6n yhdess\u00e4.<\/p>\n<p class=\"article-content article-content-width !bg-background\">Kolmiodraama-ohjelman yhdeks\u00e4nness\u00e4 jaksossa her\u00e4t\u00e4\u00e4n yhteisen illanvieton j\u00e4lkeen vieraasta osoitteesta. Jakso on jo katsottavissa MTV Katsomo+ -tilauksella. Tv:ss\u00e4 jakso esitet\u00e4\u00e4n 5. helmikuuta.<\/p>\n<p class=\"no_italic m-no_italic font-weight-bold m-font-weight-bold article-content article-content-width !bg-background\">Video: N\u00e4in kansa reagoi uuteen Bacheloriin.<\/p>\n<p class=\"article-content article-content-width !bg-background\">P\u00e4\u00e4sinkut saivat taannoin viestin, ett\u00e4 kolmannet py\u00f6r\u00e4t saapuvat kuvioihin. T\u00e4m\u00e4 tarkoitti sit\u00e4, ett\u00e4 uudet deittailtavat muuttivat saman katon alle. H\u00e4mmennyksen ja uusien juonenk\u00e4\u00e4nteiden j\u00e4lkeen kolmikot kohtasivat yhteisess\u00e4 illanvietossa edellisess\u00e4 jaksossa. Monet olivat l\u00e4hd\u00f6ss\u00e4 jatkoille ilman kameroita.<\/p>\n<p class=\"article-content article-content-width !bg-background\"> kanssa asuvat  ja . Tomi kertoi Tinnalle aiemmin, ett\u00e4 h\u00e4nen ajatuksensa ovat Carolinassa, joten sen syvemp\u00e4\u00e4 juttua ei heid\u00e4n v\u00e4lilleen syntyisi. Carolina puolestaan on ep\u00e4varma, voiko tulevaisuutta Tomin kanssa olla.<\/p>\n<p>        <a itemprop=\"url\" href=\"https:\/\/www.seiska.fi\/katso\/kolmiodraama-jennilta-raju-tilitys-treffikumppanistaan\/2017818\" rel=\"nofollow noopener\" target=\"_blank\"><\/p>\n<p>\nKolmiodraama\n<\/p>\n<p class=\"section-date\">\n        <strong class=\"article-section\" data-section=\"katso\"><br \/>\n            katso<br \/>\n        <\/strong><br \/>\n        10.12.2025 16:15\n    <\/p>\n<p>Kolmiodraama: Jennilt\u00e4 raju tilitys treffikumppanistaan\n    <\/p>\n<p itemprop=\"description\" class=\"subtitle \">\n    Jennin ja Ollin romanttinen suhden ei ota tuulta alleen Kolmiodraama-ohjelmassa.\n<\/p>\n<p>        <\/a><\/p>\n<p>Yll\u00e4tt\u00e4v\u00e4 k\u00e4\u00e4nne<\/p>\n<p class=\"article-content article-content-width !bg-background\">Tomi ja Carolina her\u00e4\u00e4v\u00e4t uuteen p\u00e4iv\u00e4\u00e4n Jollaksessa. Heid\u00e4n luokseen astelevat Tinna ja  kumppaniehdokas . Heill\u00e4 on p\u00e4\u00e4ll\u00e4\u00e4n aamutakit.<\/p>\n<p class=\"article-content article-content-width !bg-background\">\u2013 Onko sit\u00e4 nukuttu? Carolina kiusoittelee.<\/p>\n<p class=\"article-content article-content-width !bg-background\">\u2013 On. V\u00e4h\u00e4n, Tino vastaa Tinnan kihert\u00e4ess\u00e4 vierell\u00e4.<\/p>\n<p class=\"article-content article-content-width !bg-background\">Tomi haluaa tiet\u00e4\u00e4, miten kaksikon y\u00f6 meni. Tinna ja Tino eiv\u00e4t ensin saa sanotuksi mit\u00e4\u00e4n, vaan naurahtavat.<\/p>\n<p class=\"article-content article-content-width !bg-background\">\u2013 Hyvin. Keskustellen mentiin nukkumaan, Tinna vastaa.<\/p>\n<p class=\"article-content article-content-width !bg-background\">Carolina haluaa tiet\u00e4\u00e4, miten Tinna ja Tino p\u00e4\u00e4tyiv\u00e4t samaan s\u00e4nkyyn. Tinna on uusi tulokas ohjelmaan, h\u00e4n nimitt\u00e4in saapui Tomin ja Carolinan suhteen kolmanneksi py\u00f6r\u00e4ksi.<\/p>\n<p class=\"article-content article-content-width !bg-background\">\u2013 En ollut n\u00e4hnyt ket\u00e4\u00e4n tai tiennyt kenest\u00e4k\u00e4\u00e4n mit\u00e4\u00e4n. Halusin tutustua kaikkiin ja jutella kaikille. En oikeasti tied\u00e4, miten me p\u00e4\u00e4dyimme t\u00e4n\u00e4, Carolina kertoo.<\/p>\n<p class=\"article-content article-content-width !bg-background\">\u2013 Minusta tuntuu, ett\u00e4 muut ehdottivat Tinoa minulle ja minua Tinolle, h\u00e4n pohtii ja Tino komppaa.<\/p>\n<p>                <img decoding=\"async\" src=\"https:\/\/www.europesays.com\/fi\/wp-content\/uploads\/2026\/01\/2046777.webp.jpeg\" width=\"576\" height=\"274\" title=\"Kolmiodraama: Carolina, Timo, Tinna ja Tino\" alt=\"Kolmiodraama: Carolina, Timo, Tinna ja Tino istuvat sohvalla Jollaksessa.\" loading=\"lazy\" \/>            <\/p>\n<p>\n            Kolmiodraama: Carolina, Timo, Tinna ja Tino<br \/>\n            MTV\n        <\/p>\n<p class=\"article-content article-content-width !bg-background\">Tinna ja Tino asuvat samoilla suunnilla tosiel\u00e4m\u00e4ss\u00e4\u00e4n ja ovat samanik\u00e4isi\u00e4.<\/p>\n<p class=\"article-content article-content-width !bg-background\">\u2013 Siit\u00e4 se sitten l\u00e4hti. Jotain siin\u00e4 juteltiin, Tino toteaa.<\/p>\n<p class=\"article-content article-content-width !bg-background\">Kaksikko ei ole ehtinyt mietti\u00e4 suhdettaan sen pidemm\u00e4lle, saatikka keskustella.<\/p>\n<p class=\"article-content article-content-width !bg-background\">\u2013 Eilen juteltiin, muttei ehk\u00e4 p\u00e4\u00e4sty tutustumaan toisiimme. Meill\u00e4 on hyv\u00e4t l\u00e4ht\u00f6kohdat sille, Carolina pohtii.<\/p>\n<p>        <a itemprop=\"url\" href=\"https:\/\/www.seiska.fi\/katso\/kolmiodraama-sinkun-vaitteet-hammentavat-kavi-saaliksi\/2019133\" rel=\"nofollow noopener\" target=\"_blank\"><\/p>\n<p>\nKolmiodraama\n<\/p>\n<p class=\"section-date\">\n        <strong class=\"article-section\" data-section=\"katso\"><br \/>\n            katso<br \/>\n        <\/strong><br \/>\n        11.12.2025 16:15\n    <\/p>\n<p>Kolmiodraama-sinkun v\u00e4itteet h\u00e4mment\u00e4v\u00e4t: &#8221;K\u00e4vi s\u00e4\u00e4liksi&#8221;\n    <\/p>\n<p itemprop=\"description\" class=\"subtitle \">\n    Kolmiodraama-sarjassa draamanpoikasta alkaa synty\u00e4.\n<\/p>\n<p>        <\/a><\/p>\n<p class=\"article-content article-content-width !bg-background\">Tomi kertoo kaapanneensa Tinon taksiin kohti Jollasta.<\/p>\n<p>Ensitreffit<\/p>\n<p class=\"article-content article-content-width !bg-background\">Tuotanto utelee my\u00f6s Tinolta ja Tinnalta tapahtumia, kun he ovat kahden.<\/p>\n<p class=\"article-content article-content-width !bg-background\">\u2013 Nukuitteko lusikassa?<\/p>\n<p class=\"article-content article-content-width !bg-background\">\u2013 Joo. Olimme l\u00e4hekk\u00e4in, Carolina vastaa naurunsa seasta.<\/p>\n<p class=\"article-content article-content-width !bg-background\">Tino ja Tinna livahtavat ensitreffeille.<\/p>\n<p class=\"article-content article-content-width !bg-background\">\u2013 Herranjumala. Olen tuntenut h\u00e4net 24 tuntia, jos sit\u00e4k\u00e4\u00e4n. Ollaan vietetty jo y\u00f6 yhdess\u00e4, Tinna naurahtaa.<\/p>\n<p class=\"article-content article-content-width !bg-background\">\u2013 Tavattiin eilen, sitten mentiin jatkoille. Aamulla her\u00e4ttiin ja nyt ollaan t\u00e4ss\u00e4, Tino summaa.<\/p>\n<p class=\"article-content article-content-width !bg-background\">Kaksikko puhuu treffeill\u00e4\u00e4n muun muassa parisuhteen arvoista ja unelmakumppaneistaan. Tinna haluaa ottaa rauhassa Tinon suhteen, ettei heille k\u00e4y kuten Carolle ja Tomille, joiden suhde meni nopeasti syv\u00e4\u00e4n p\u00e4\u00e4tyyn, mutta l\u00e4ss\u00e4hti.<\/p>\n<p class=\"article-content article-content-width !bg-background\">Tinon on seuraavaksi matka kohti Kulosaarta ja Vilmaa. Tino l\u00e4hetti viiden aikaan aamuy\u00f6st\u00e4 Vilmalle viestin olevansa kunnossa. Vilmalla ei ole tietoa y\u00f6n tapahtumista, sill\u00e4 h\u00e4n poistui paikalta ennen Tinnan ja Tinon tutustumista.<\/p>\n<p>                <img decoding=\"async\" src=\"https:\/\/www.europesays.com\/fi\/wp-content\/uploads\/2026\/01\/2046787.webp.jpeg\" width=\"576\" height=\"274\" title=\"Tino on Vilman puolisoehdokas.\" alt=\"Kolmiodraama: Vilma\" loading=\"lazy\" \/>            <\/p>\n<p>\n            Tino on Vilman puolisoehdokas.<br \/>\n            MTV\n        <\/p>\n<p>        <a itemprop=\"url\" href=\"https:\/\/www.seiska.fi\/katso\/juho-40-etsii-nuorempaa-naista-tvssa-kiusallinen-tilanne-treffeilla\/2010904\" rel=\"nofollow noopener\" target=\"_blank\"><\/p>\n<p>\nJuho etsii rakkautta tv:ss\u00e4:\n<\/p>\n<p class=\"section-date\">\n        <strong class=\"article-section\" data-section=\"katso\"><br \/>\n            katso<br \/>\n        <\/strong><br \/>\n        4.12.2025 08:15\n    <\/p>\n<p>Juho, 40, etsii nuorempaa naista tv:ss\u00e4 \u2013 kiusallinen tilanne treffeill\u00e4\n    <\/p>\n<p itemprop=\"description\" class=\"subtitle \">\n    Kolmiodraama-sarjan toinen kausi alkaa. Ensimm\u00e4isess\u00e4 jaksossa Juho joutuu kiper\u00e4n tilanteen eteen.\n<\/p>\n<p>        <\/a><\/p>\n<p class=\"italic m-italic article-content article-content-width !bg-background\">Kolmiodraama torstaisin MTV3:lla ja MTV Katsomossa.<\/p>\n","protected":false},"excerpt":{"rendered":"Kolmiodraama: Tino ja Tinna MTV Kolmiodraama-ohjelmasta ei puutu k\u00e4\u00e4nteit\u00e4. Tomin puolisoehdokas ja Vilman puolisoehdokas viett\u00e4v\u00e4t y\u00f6n yhdess\u00e4. Kolmiodraama-ohjelman&hellip;\n","protected":false},"author":2,"featured_media":142840,"comment_status":"","ping_status":"","sticky":false,"template":"","format":"standard","meta":{"footnotes":""},"categories":[133],"tags":[24528,137,33,31,30,16798,905,7490,32,206,24525,24526,24527,1318,156,109],"class_list":{"0":"post-142839","1":"post","2":"type-post","3":"status-publish","4":"format-standard","5":"has-post-thumbnail","7":"category-televisiot","8":"tag-carolina","9":"tag-entertainment","10":"tag-fi","11":"tag-finland","12":"tag-finnish","13":"tag-kolmiodraama","14":"tag-mtv3","15":"tag-rakkausreality","16":"tag-suomi","17":"tag-televisiot","18":"tag-tinna","19":"tag-tino","20":"tag-tomi","21":"tag-tv-ohjelma","22":"tag-tv","23":"tag-viihde"},"share_on_mastodon":{"url":"https:\/\/pubeurope.com\/@fi\/115898190606193977","error":""},"_links":{"self":[{"href":"https:\/\/www.europesays.com\/fi\/wp-json\/wp\/v2\/posts\/142839","targetHints":{"allow":["GET"]}}],"collection":[{"href":"https:\/\/www.europesays.com\/fi\/wp-json\/wp\/v2\/posts"}],"about":[{"href":"https:\/\/www.europesays.com\/fi\/wp-json\/wp\/v2\/types\/post"}],"author":[{"embeddable":true,"href":"https:\/\/www.europesays.com\/fi\/wp-json\/wp\/v2\/users\/2"}],"replies":[{"embeddable":true,"href":"https:\/\/www.europesays.com\/fi\/wp-json\/wp\/v2\/comments?post=142839"}],"version-history":[{"count":0,"href":"https:\/\/www.europesays.com\/fi\/wp-json\/wp\/v2\/posts\/142839\/revisions"}],"wp:featuredmedia":[{"embeddable":true,"href":"https:\/\/www.europesays.com\/fi\/wp-json\/wp\/v2\/media\/142840"}],"wp:attachment":[{"href":"https:\/\/www.europesays.com\/fi\/wp-json\/wp\/v2\/media?parent=142839"}],"wp:term":[{"taxonomy":"category","embeddable":true,"href":"https:\/\/www.europesays.com\/fi\/wp-json\/wp\/v2\/categories?post=142839"},{"taxonomy":"post_tag","embeddable":true,"href":"https:\/\/www.europesays.com\/fi\/wp-json\/wp\/v2\/tags?post=142839"}],"curies":[{"name":"wp","href":"https:\/\/api.w.org\/{rel}","templated":true}]}}