{"id":142843,"date":"2026-01-15T08:37:07","date_gmt":"2026-01-15T08:37:07","guid":{"rendered":"https:\/\/www.europesays.com\/fi\/142843\/"},"modified":"2026-01-15T08:37:07","modified_gmt":"2026-01-15T08:37:07","slug":"seiska-joel-harkimo-ja-kastanja-rauhala-yhteiskuvissa","status":"publish","type":"post","link":"https:\/\/www.europesays.com\/fi\/142843\/","title":{"rendered":"Seiska: Joel Harkimo ja Kastanja Rauhala yhteiskuvissa"},"content":{"rendered":"<p>Kaksikko on julkaissut somessa paljon samankaltaisia kuvia Italiasta.<\/p>\n<p class=\"article-body mb-nof-24 px-nof-16\">Mediapersoona <a class=\"font-bold underline-offset-[0.12em] [text-decoration:var(--person-link-text-decoration)] ![text-decoration-color:var(--person-link-text-decoration-color)]\" href=\"https:\/\/www.is.fi\/haku\/?query=Joel%20Harkimon\" rel=\"nofollow noopener\" target=\"_blank\">Joel Harkimon<\/a>, 35, ja Tanssii t\u00e4htien kanssa -kilpailusta tuttu t\u00e4htivalmentaja <a class=\"font-bold underline-offset-[0.12em] [text-decoration:var(--person-link-text-decoration)] ![text-decoration-color:var(--person-link-text-decoration-color)]\" href=\"https:\/\/www.is.fi\/haku\/?query=Kastanja%20Rauhalan\" rel=\"nofollow noopener\" target=\"_blank\">Kastanja Rauhalan<\/a>, 29, v\u00e4lisest\u00e4 romanssista on kiert\u00e4nyt huhuja somessa.<\/p>\n<p class=\"article-body mb-nof-24 px-nof-16\">Nyt <a class=\"underline underline-offset-[0.12em] [text-decoration-thickness:var(--generic-link-underline-thickness)] [text-decoration-color:var(--generic-link-underline-color)] [text-decoration-skip-ink:var(--generic-link-underline-skip-ink)] break-words\" href=\"https:\/\/www.seiska.fi\/vain-seiskassa\/joel-harkimo-ja-kastanja-rauhala-paparazzikuvat-salatulta-lomalta\/2043310\" rel=\"nofollow noopener\" target=\"_blank\">Seiska<\/a> on julkaissut kuvia kaksikosta palaamassa yhdess\u00e4 takaisin Suomeen lomalta Italiasta. Lehden mukaan kaksikko erkaantui saavuttuaan Helsinki-Vantaan lentoaseman tuloaulaan.<\/p>\n<p class=\"article-body mb-nof-24 px-nof-16\">\u2013 En kommentoi, Harkimo vastasi Seiskalle kysymykseen parisuhteesta.<\/p>\n<p class=\"article-body mb-nof-24 px-nof-16\">\u2013 En ehdi nyt. Tulee puhelu, Rauhalan kerrotaan sanoneen.<\/p>\n<p class=\"article-body mb-nof-24 px-nof-16\">IS ei toistaiseksi ole tavoittanut Harkimoa tai Rauhalaa kommentoimaan.<\/p>\n<p class=\"article-body mb-nof-24 px-nof-16\">Huhut mahdollisesta romanssista alkoivat, kun sek\u00e4 Harkimo ett\u00e4 Rauhala julkaisivat Instagram-tarinoihinsa kuvia samoista paikoista.<\/p>\n<p class=\"article-body mb-nof-24 px-nof-16\">Molempien julkisissa tarinoissa on n\u00e4kynyt kuvia Levilt\u00e4 ja nyt viimeisimp\u00e4n\u00e4 Italiasta. Rauhala muun muassa ihasteli tarinoissaan hotellihuonetta ja julkaisi kuvia ravintoloista.<\/p>\n<p class=\"article-body mb-nof-24 px-nof-16\">Tarinat katoavat vuorokauden j\u00e4lkeen, mutta Harkimo on my\u00f6s p\u00e4ivitt\u00e4nyt Italiasta kuvasy\u00f6tteeseens\u00e4.<\/p>\n<p class=\"article-body mb-nof-24 px-nof-16\">Harkimo n\u00e4htiin my\u00f6s kutsuvieraana useasti viime syksyn TTK-l\u00e4hetyksiss\u00e4.<\/p>\n<p class=\"article-body mb-nof-24 px-nof-16\">Joel Harkimo tunnetaan muun muassa liikemiehen\u00e4 ja poliitikkona. H\u00e4n on ollut mukana muun muassa Iholla-ohjelmassa vuonna 2025. Harkimo ja <a class=\"font-bold underline-offset-[0.12em] [text-decoration:var(--person-link-text-decoration)] ![text-decoration-color:var(--person-link-text-decoration-color)]\" href=\"https:\/\/www.is.fi\/haku\/?query=Janni%20Hussi\" rel=\"nofollow noopener\" target=\"_blank\">Janni Hussi <\/a>ilmoittivat erostaan kes\u00e4ll\u00e4 ja 2025 ja heid\u00e4t tuomittiin avioeroon lokakuussa.<\/p>\n<p class=\"article-body mb-nof-24 px-nof-16\">Kastanja Rauhala on tanssinopettaja. H\u00e4n on toiminut TTK-t\u00e4htivalmentajana vuosina 2024 ja 2025.<\/p>\n","protected":false},"excerpt":{"rendered":"Kaksikko on julkaissut somessa paljon samankaltaisia kuvia Italiasta. Mediapersoona Joel Harkimon, 35, ja Tanssii t\u00e4htien kanssa -kilpailusta tuttu&hellip;\n","protected":false},"author":2,"featured_media":142844,"comment_status":"","ping_status":"","sticky":false,"template":"","format":"standard","meta":{"footnotes":""},"categories":[130],"tags":[137,33,31,30,34,32,109],"class_list":{"0":"post-142843","1":"post","2":"type-post","3":"status-publish","4":"format-standard","5":"has-post-thumbnail","7":"category-viihde","8":"tag-entertainment","9":"tag-fi","10":"tag-finland","11":"tag-finnish","12":"tag-ilta-sanomat","13":"tag-suomi","14":"tag-viihde"},"share_on_mastodon":{"url":"https:\/\/pubeurope.com\/@fi\/115898210216448506","error":""},"_links":{"self":[{"href":"https:\/\/www.europesays.com\/fi\/wp-json\/wp\/v2\/posts\/142843","targetHints":{"allow":["GET"]}}],"collection":[{"href":"https:\/\/www.europesays.com\/fi\/wp-json\/wp\/v2\/posts"}],"about":[{"href":"https:\/\/www.europesays.com\/fi\/wp-json\/wp\/v2\/types\/post"}],"author":[{"embeddable":true,"href":"https:\/\/www.europesays.com\/fi\/wp-json\/wp\/v2\/users\/2"}],"replies":[{"embeddable":true,"href":"https:\/\/www.europesays.com\/fi\/wp-json\/wp\/v2\/comments?post=142843"}],"version-history":[{"count":0,"href":"https:\/\/www.europesays.com\/fi\/wp-json\/wp\/v2\/posts\/142843\/revisions"}],"wp:featuredmedia":[{"embeddable":true,"href":"https:\/\/www.europesays.com\/fi\/wp-json\/wp\/v2\/media\/142844"}],"wp:attachment":[{"href":"https:\/\/www.europesays.com\/fi\/wp-json\/wp\/v2\/media?parent=142843"}],"wp:term":[{"taxonomy":"category","embeddable":true,"href":"https:\/\/www.europesays.com\/fi\/wp-json\/wp\/v2\/categories?post=142843"},{"taxonomy":"post_tag","embeddable":true,"href":"https:\/\/www.europesays.com\/fi\/wp-json\/wp\/v2\/tags?post=142843"}],"curies":[{"name":"wp","href":"https:\/\/api.w.org\/{rel}","templated":true}]}}