{"id":142854,"date":"2026-01-15T08:55:11","date_gmt":"2026-01-15T08:55:11","guid":{"rendered":"https:\/\/www.europesays.com\/fi\/142854\/"},"modified":"2026-01-15T08:55:11","modified_gmt":"2026-01-15T08:55:11","slug":"saara-sarma-on-opetellut-katsomaan-kehoaan-hyvaksyvasti","status":"publish","type":"post","link":"https:\/\/www.europesays.com\/fi\/142854\/","title":{"rendered":"Saara S\u00e4rm\u00e4 on opetellut katsomaan kehoaan hyv\u00e4ksyv\u00e4sti"},"content":{"rendered":"<p class=\"ingress\">Tutkija Saara S\u00e4rm\u00e4n mukaan kenenk\u00e4\u00e4n ei ole pakko rakastaa kehoaan, mutta sit\u00e4 on hyv\u00e4 oppia katsomaan hyv\u00e4ksyv\u00e4sti. Pari vuotta sitten alkanut liikuntaharrastus on tehnyt siit\u00e4 h\u00e4nelle helpompaa.<\/p>\n<p>Olohuoneen nurkassa makaa v\u00e4s\u00e4ht\u00e4nyt yksisarvinen, toukokuisista 50-vuotisp\u00e4ivist\u00e4 j\u00e4\u00e4nyt ilmapallo. <\/p>\n<p>Tutkija <strong>Saara S\u00e4rm\u00e4 <\/strong>tunnetusti diggaa yksisarvisia. Suurta symboliikkaa taruolentoon ei liity, Saara nyt vain mieluusti koettelee uskottavuuden rajoja. Tunnetun keskustelijan ja somevaikuttajan missiona on tuoda esiin valtaan ja sukupuolirooleihin liittyvi\u00e4 kirjoittamattomia s\u00e4\u00e4nt\u00f6j\u00e4.<\/p>\n<p>Yh\u00e4 viel\u00e4 feminismiin liitet\u00e4\u00e4n usein tiukkapipoisuus, mutta Saaran mielest\u00e4 kaikelle voi v\u00e4h\u00e4n nauraa. Asiallisen jakkupuvun sijaan tutkijatohtori suosii pinkkej\u00e4 h\u00f6rsel\u00f6it\u00e4, ja legginsit ovat h\u00e4nest\u00e4 aivan k\u00e4yp\u00e4inen vaate.<\/p>\n<p>H\u00e4n kutsuukin itse\u00e4\u00e4n h\u00f6mpp\u00e4feministiksi.<\/p>\n<p>Blogi sinkosi kansainv\u00e4liseen julkisuuteen<\/p>\n<p>Viime vuosi oli Saaralle juhlavuosi monesta syyst\u00e4. <strong>Rosa Meril\u00e4isen<\/strong> ja <strong>Johanna Vehkoon<\/strong> kanssa perustettu ajatushautomo Hattu t\u00e4ytti kymmenen vuotta, samoin Feministinen kiroiluiltama.\u00ad Iltamissa kuka tahansa voi open mic -hengess\u00e4 tulla kertomaan, mik\u00e4 feministi\u00e4 juuri nyt p\u00e4nnii. Kiroillakin saa, mutta ei ole pakko.<\/p>\n<p>Vuosikymmen tuli kuluneeksi my\u00f6s Congrats, you have an all male panel -blogin perustamisesta. Saara sai idean koota valokuvia pelk\u00e4st\u00e4\u00e4n miespuolisia keskustelijoita sis\u00e4lt\u00e4neist\u00e4 tilaisuuksista ja l\u00e4tk\u00e4ist\u00e4 p\u00e4\u00e4lle peukkua n\u00e4ytt\u00e4v\u00e4n Ritari \u00c4ss\u00e4n eli n\u00e4yttelij\u00e4 <strong>David Hasselhoffin<\/strong> kuvan.<\/p>\n<p>Blogi sinkosi tekij\u00e4ns\u00e4 yhdess\u00e4 y\u00f6ss\u00e4 kansainv\u00e4liseen kuuluisuuteen. H\u00e4net noteerattiin muun muassa Business Insiderin, The Guardianin ja Timen sivuilla.<\/p>\n<p>Blogissa on ollut hiljaisempia jaksoja, mutta viime syksyn\u00e4 Saara aktivoitui j\u00e4lleen. Nyt Hasselhoff n\u00e4ytt\u00e4\u00e4 per\u00e4ti kahta peukkua.<\/p>\n<p>\u201dKun puhutaan sodan tai talouden kaltaisista vakavista asioista, ajankohtaisohjelmiin ei useinkaan l\u00f6ydet\u00e4 yht\u00e4k\u00e4\u00e4n naispuolista asiantuntijaa.\u201d<\/p>\n<p>Mutta mit\u00e4 hy\u00f6ty\u00e4 miesosallistujien laskemisesta on?<\/p>\n<p>\u201dSe tekee rakenteet n\u00e4kyviksi. Kun v\u00e4itet\u00e4\u00e4n, ett\u00e4 valitaan vain p\u00e4tevimm\u00e4t eik\u00e4 ajatella sukupuolta, seuraa miesten yliedustus johtopaikoilla tai asiantuntijoina mediassa.\u201d<\/p>\n<p>Saara S\u00e4rm\u00e4: \u201dSeksistinen kulttuuri on syv\u00e4ll\u00e4 meiss\u00e4\u201d<\/p>\n<p>Viisivuotiaana Saara ja poikaserkku saivat isois\u00e4n veist\u00e4m\u00e4t puiset pyssyt. Kun serkku hukkasi aseensa, Saaraa vaadittiin luovuttamaan t\u00e4lle omansa. Ep\u00e4reilua! Yl\u00e4asteella Saara sai tunnilla rauhassa h\u00f6p\u00f6tell\u00e4 vieress\u00e4 istuvalle pojalle, mutta kun poika vastasi, opettaja komensi t\u00e4m\u00e4n ulos luokasta. E-pis-t\u00e4!<\/p>\n<p>Esimerkeiss\u00e4 kiteytyy sukupuolittunut ep\u00e4tasa-arvo. Tytt\u00f6 joutuu luopumaan sotalelusta, ja poikaa pidet\u00e4\u00e4n automaattisesti h\u00e4irikk\u00f6n\u00e4.<\/p>\n<p>Forssassa lapsuutensa viett\u00e4nyt Saara kasvatettiin maailmanparantamisen hengess\u00e4. \u00c4iti oli sosiaality\u00f6ntekij\u00e4, is\u00e4 teki toimittajan ja tiedottajan t\u00f6it\u00e4. Vanhemmat kannustivat lukemaan ja veiv\u00e4t ainokaistaan vappu- ja rauhanmarsseille. <\/p>\n<p>Lukiossa Saara meuhkasi naisten asepalveluksen puolesta ja \u00e4\u00e4nesti ensimm\u00e4isiss\u00e4 presidentinvaaleissaan\u2009\u2013\u2009tietysti\u2009\u2013\u2009naisehdokasta eli <strong>Elisabeth Rehni\u00e4<\/strong>. Mutta feministiksi h\u00e4n alkoi kutsua itse\u00e4\u00e4n vasta opiskeluaikoina Tampereen yliopistolla.<\/p>\n<p>Siell\u00e4 h\u00e4n tutustui my\u00f6s Rosa Meril\u00e4iseen, tulevaan yhteisty\u00f6kumppaniin. Naisia yhdist\u00e4\u00e4 samankaltainen huumorintaju. Molemmat ajattelevat, ett\u00e4 ollakseen vakavasti otettava ei tarvitse olla vakava.<\/p>\n<p><strong>Lue my\u00f6s:<\/strong> <a href=\"https:\/\/anna.fi\/ihmiset\/rosa-merilainen-ja-frans-frangen\" rel=\"nofollow noopener\" target=\"_blank\">Rosa Meril\u00e4isen lapsi Frans pukeutui vanhojen tansseihin mekkoon \u2013 \u00e4idilt\u00e4\u00e4n h\u00e4n on pyyt\u00e4nyt vain yht\u00e4 asiaa<\/a><\/p>\n<p>Yksi Saaran tutkimuskohteista on populaarikulttuuri, jota usein pidet\u00e4\u00e4n kepe\u00e4hk\u00f6n\u00e4 aiheena. H\u00e4n vei v\u00e4h\u00e4ttelij\u00f6ilt\u00e4 aseet k\u00e4sist\u00e4 alkamalla kutsua itse\u00e4\u00e4n h\u00f6mpp\u00e4feministiksi.<\/p>\n<p>Itseironisesta l\u00e4p\u00e4st\u00e4 l\u00e4hti my\u00f6s Saaran parikymment\u00e4 vuotta sitten k\u00e4ytt\u00f6\u00f6n ottama titteli \u201dhuippumisukka.\u201d<\/p>\n<p>\u201dToki ymm\u00e4rr\u00e4n, etten varsinaisesti mahdu \u2019misukoiden\u2019 kauneusnormeihin\u201d, h\u00e4n hym\u00e4ht\u00e4\u00e4.<\/p>\n<p>V\u00e4itelty\u00e4\u00e4n tohtoriksi vuonna 2014 Saara aprikoi, pit\u00e4isik\u00f6 h\u00e4nen uskottavuuden vuoksi vaihtaa Twitteriin ja s\u00e4hk\u00f6postiin virallinen nimens\u00e4 huippumisukan sijaan. Ja p\u00e4\u00e4tti, ett\u00e4 ei todellakaan.<\/p>\n<p>Nyky\u00e4\u00e4n julkisuudessa esiintyy asiantuntijoina politiikan tutkija <strong><a href=\"https:\/\/anna.fi\/ihmiset\/hanna-wass-ja-pete-kallionpaa-menivat-kihloihin\" rel=\"nofollow noopener\" target=\"_blank\">Hanna Wassin<\/a> <\/strong>ja somevaikuttaja <strong><a href=\"https:\/\/anna.fi\/ihmiset\/sointu-borgin-kumppani\" rel=\"nofollow noopener\" target=\"_blank\">Sointu Borgin<\/a><\/strong> kaltaisia n\u00e4ytt\u00e4vi\u00e4 naisia, todellisia huippumisukoita. Se on Saarasta upeaa. V\u00e4lill\u00e4 h\u00e4n tosin saa itsens\u00e4 kiinni ajatuksesta, ett\u00e4 vahva meikki ja naisellinen pukeutuminen sy\u00f6v\u00e4t uskottavuutta.<\/p>\n<p>\u201dSilloin pit\u00e4\u00e4 havahtua: hetkinen, mit\u00e4 juuri tapahtui? Eih\u00e4n tuo ole minun arvojeni mukaista ajattelua. Mutta seksistinen kulttuuri on syv\u00e4ll\u00e4 meiss\u00e4 kaikissa.\u201d<\/p>\n<p>Kolumni poiki vihaisen palautteen vy\u00f6ryn<\/p>\n<p>Harvoin on nimi niin naista my\u00f6ten kuin Saara S\u00e4rm\u00e4ll\u00e4. Ja kyll\u00e4, nimi on virallinen, joskaan ei alkuper\u00e4inen. Syntyj\u00e4\u00e4n Saara on <strong>Ollikainen<\/strong>. Vuonna 2007 h\u00e4n otti pitk\u00e4n harkinnan j\u00e4lkeen k\u00e4ytt\u00f6\u00f6n iso\u00e4itins\u00e4 sukunimen.<\/p>\n<p>Saara tunnetaan s\u00e4rmikk\u00e4ist\u00e4 kannanotoistaan. Ylen nettisivujen kolumneissa h\u00e4n on k\u00e4sitellyt muun muassa naiskiinti\u00f6it\u00e4 ja naisiin kohdistetun v\u00e4kivallan v\u00e4h\u00e4ttely\u00e4.<\/p>\n<p>Er\u00e4\u00e4seen aiheeseen tarttumista Saara empi pitk\u00e4\u00e4n. Abortti on moraalinen ja poliittinen kysymys, joka on pyritty ratkaisemaan lains\u00e4\u00e4d\u00e4nn\u00f6ll\u00e4: naisilta on joko kielletty oikeus tehd\u00e4 kehoaan koskevia p\u00e4\u00e4t\u00f6ksi\u00e4 tai sitten se on sallittu.<\/p>\n<p>Kolumnissaan Saara leikitteli ajatuksella, ett\u00e4 laki m\u00e4\u00e4r\u00e4isi jokaisen hedelm\u00e4llisess\u00e4 i\u00e4ss\u00e4 olevan pojan vasektomiaan. Ennen toimenpidett\u00e4 spermaa voisi s\u00e4il\u00f6\u00e4 pankkiin, josta sen saisi lunastaa sitten, kun haluaa ryhty\u00e4 vanhemmaksi. <\/p>\n<p>\u201dJos miehet ejakuloisivat vastuullisesti, emme kokisi ainuttakaan ei-toivottua raskautta\u201d, h\u00e4n kirjoitti. <\/p>\n<p>Teksti poiki noin 700 kommenttia, valtaosa my\u00f6nteisi\u00e4. <\/p>\n<p>Toisin k\u00e4vi, kun Saara pohti Kansan Uutisissa\u2009\u2013 sarkastisesti\u2009\u2013\u2009onko valkoinen heteromies ihminen. H\u00e4n viittasi l\u00e4nsimaisen kulttuurin ytimess\u00e4 olevaan kahtiajakoon mieheen ja naiseen, jossa mies on yht\u00e4 kuin ihminen ja nainen on se, jolla on sukupuoli. Miehen kokemuksista tehd\u00e4\u00e4n yleismaailmallisia kertomuksia, naisten kokemukset edustavat naisn\u00e4k\u00f6kulmaa. <\/p>\n<p>Kolumnin julkaisun j\u00e4lkeen Saaran viestikanavat t\u00e4yttyiv\u00e4t palautteesta, josta osa sis\u00e4lsi huonosti peitelty\u00e4 uhkaa.<\/p>\n<p>\u201dSilloin perusturvallisuuteni j\u00e4rkkyi. H\u00e4meenpuistossa kulkiessa tarkkailin vastaantulevia miehi\u00e4, ett\u00e4 k\u00e4yk\u00f6 joku noista kimppuuni.\u201d <\/p>\n<p>Yh\u00e4 l\u00f6ytyy niit\u00e4, jotka tulkitsevat feministien vihaavan miehi\u00e4. Hohhoijaa, heid\u00e4n kanssaan Saara ei en\u00e4\u00e4 jaksaisi keskustella. V\u00e4lill\u00e4 tekee mieli tokaista: Ent\u00e4s jos vihaavatkin! Katsopa ymp\u00e4rillesi, miten miehet t\u00e4ss\u00e4 maailmassa toimivat. Siis n\u00e4m\u00e4 putinit, trumpit, epsteinit ja weinsteinit. <\/p>\n<p>Tietenk\u00e4\u00e4n kaikki miehet eiv\u00e4t toimi niin, h\u00e4n lis\u00e4\u00e4.<\/p>\n<p> \u201dMutta vaikka feministit vihaisivat miehi\u00e4, kukaan ei sen takia kuolisi. Kun taas naisvihan seurauksena kuolee koko ajan ihmisi\u00e4.\u201d<\/p>\n<p>Saaran vastaisku oli k\u00e4\u00e4nt\u00e4\u00e4 viha taiteeksi. Vuonna 2018 h\u00e4n laati M\u00e4nt\u00e4n kuvataideviikoille installaation itselle ja tutuille l\u00e4hetetyist\u00e4 ik\u00e4vist\u00e4 viesteist\u00e4. Gallerian sein\u00e4ll\u00e4 sanalliset hy\u00f6kk\u00e4ykset menettiv\u00e4t tehoaan ja muuttuivat v\u00e4h\u00e4n naurettaviksi.<\/p>\n<p>\u201dT\u00e4\u00e4 on nyt t\u00e4mm\u00f6inen, t\u00e4\u00e4 mun keho\u201d<\/p>\n<p>Reilut kymmenen vuotta sitten Saara alkoi julkaista selfieit\u00e4. Nyky\u00e4\u00e4n h\u00e4n postaa Instagramissa omakuviaan l\u00e4hes p\u00e4ivitt\u00e4in. Niiden avulla h\u00e4n on opetellut katsomaan itse\u00e4\u00e4n \u2013 ja ehk\u00e4 jopa v\u00e4h\u00e4n pit\u00e4m\u00e4\u00e4n n\u00e4kem\u00e4st\u00e4\u00e4n.<\/p>\n<p>Pitk\u00e4\u00e4n Saara ajatteli, ettei voi olla liikunnallinen, koska on lihava. Teinin\u00e4 paino oli viel\u00e4 normaalin rajoissa ja harrastuksiin kuuluivat ratsastus ja laskettelu. Vaihto-oppilasvuonna Yhdysvalloissa kiloja alkoi kerty\u00e4. Kotiin palattua Saara k\u00e4vi \u00e4itins\u00e4 kanssa Painonvartijoissa. Jatkuvat dieetit sotkivat aineenvaihdunnan, ja kitukuurin j\u00e4lkeen kilot tulivat takaisin korkojen kera. Ruokasuhde v\u00e4\u00e4ristyi.<\/p>\n<p>Katkaistuaan viimein laihdutuskierteen vuonna 2008 Saaralla vapautui aikaa ja energiaa muuhun \u2013 esimerkiksi v\u00e4it\u00f6skirjan tekemiseen.<\/p>\n<p>\u201dTutkijatyyppin\u00e4 askaroin paljon p\u00e4\u00e4ni sis\u00e4ll\u00e4 ja kroppa j\u00e4\u00e4 helposti v\u00e4hemm\u00e4lle huomiolle. Liikkuminen unohtui, kunnes polvi alkoi vihoitella ja rajoittaa el\u00e4m\u00e4\u00e4. Portaiden nousu ja kauppakassien kanniskelu k\u00e4viv\u00e4t raskaiksi.\u201d<\/p>\n<p>Kaksi vuotta sitten polveen vaihdettiin tekonivel, ja nyky\u00e4\u00e4n Saara huoltaa kehoaan vesijuoksemalla ja kuntosalilla. <\/p>\n<p>\u201dKun ensimm\u00e4isen kerran pystyin roikkumaan tangolla viisi sekuntia, olin ihan ett\u00e4 whaat! Mit\u00e4 tapahtuu? Edelleenk\u00e4\u00e4n liikkuminen ei tuota suurta endorfiinimyrsky\u00e4. Mutta se, ett\u00e4 painoja ja toistoja voi pikkuhiljaa lis\u00e4t\u00e4, kielt\u00e4m\u00e4tt\u00e4 ilahduttaa.\u201d <\/p>\n<p>Oman kehon hyv\u00e4ksymisess\u00e4 Saaraa on auttanut Yhdysvalloista l\u00e4htenyt ns. l\u00e4skiaktivismi. Se l\u00e4hestyy asiaa hieman eri n\u00e4k\u00f6kulmasta kuin viime vuosina paljon esill\u00e4 ollut kehopositiivisuus. Saara puhuu kehorauhasta.<\/p>\n<p>\u201dIhmisen ei tarvitse yritt\u00e4\u00e4 rakastaa kroppaansa, koska se olisi taas yksi tavoite, jossa luultavasti ep\u00e4onnistuu. Sen sijaan siihen voi suhtautua neutraalisti. T\u00e4\u00e4 on nyt t\u00e4mm\u00f6inen, t\u00e4\u00e4 mun keho.\u201d<\/p>\n<p>Vaatteet ovat osa itsens\u00e4 hyv\u00e4ksymist\u00e4. Media ohjeistaa pukeutumaan \u201dvartalotyypin mukaisesti\u201d eli siten, ett\u00e4 n\u00e4ytt\u00e4isi mahdollisimman hoikalta. Saara antaa n\u00e4ille vinkeille piutpaut. Isokokoisen ihmisen ei tarvitse yritt\u00e4\u00e4 k\u00e4tke\u00e4 kurvejaan. <\/p>\n<p>Kun taiteilija <strong>Raisa Omaheimo<\/strong> ja Saara kutsuttiin taannoin Inhimillinen tekij\u00e4 -televisio-ohjelmaan puhumaan lihavuudesta, he miettiv\u00e4t asuvalintaa. Kehdattaisiinko laittaa jotakin ihonmy\u00f6t\u00e4ist\u00e4? Aika nopeasti p\u00e4\u00e4tettiin, ett\u00e4 kyll\u00e4 kehdataan.<\/p>\n<p>\u201dKetk\u00e4 sitten, jos emme me? Joidenkin pit\u00e4\u00e4 uskaltaa n\u00e4ytt\u00e4\u00e4 esimerkki\u00e4. Kukaan meist\u00e4 ei ole olemassa miellytt\u00e4\u00e4kseen toisten esteettist\u00e4 silm\u00e4\u00e4.\u201d <\/p>\n<p>Ty\u00f6uupumus vei voimat<\/p>\n<p>Tampereen Tammelassa sijaitsevan vuokrakodin sein\u00e4t ovat t\u00e4ynn\u00e4 nykytaidetta: <strong>Anssi Kasitonnin<\/strong>, <strong>Kim Somervuoren<\/strong>, <strong>Melina Paakkosen <\/strong>teoksia. Asuntoa Saaralla ei ole ollut varaa ostaa, mutta tauluja h\u00e4n on hankkinut pikkuhiljaa, osamaksulla. Suurin osa niist\u00e4 on v\u00e4rikk\u00e4it\u00e4 ja v\u00e4h\u00e4n humoristisia.<\/p>\n<p>Makuuhuoneeseen s\u00e4ngyn yl\u00e4puolelle ripustettu mustavalkoinen taulu poikkeaa linjasta. <strong>Janne Laineen<\/strong> teoksessa Overwhelming tumma hahmo seisoo uhkaavalta n\u00e4ytt\u00e4vien pilvien keskell\u00e4. Saaralle se kuvastaa viiden vuoden takaisia tunnelmia.<\/p>\n<p>Tutkijatohtori on joutunut opettelemaan akateemiseen p\u00e4tk\u00e4ty\u00f6l\u00e4isyyteen. <\/p>\n<p>\u201dNuorempana ja ep\u00e4varmempana otin hyl\u00e4tyt hakemukset henkil\u00f6kohtaisesti: miksi min\u00e4 en saa apurahaa? Mutta rakenteissa on vikaa, kun koulutetaan iso joukko tohtoreita, joille ei riit\u00e4 t\u00f6it\u00e4. V\u00e4lill\u00e4 tuntuu, ett\u00e4 lottovoitto on todenn\u00e4k\u00f6isempi kuin apuraha tai vakituinen ty\u00f6suhde.\u201d<\/p>\n<p>Vuonna 2019 kohdalle osui onnenpotku, Suomen Akatemian kolmevuotinen rahoitus, jonka turvin oli m\u00e4\u00e4r\u00e4 tutkia meemien merkityst\u00e4 maailmanpolitiikassa.<\/p>\n<p>Vuotta my\u00f6hemmin Saara havaitsi outoja oireita. Luetun ymm\u00e4rt\u00e4minen takkuili. Ikean lipaston kokoaminen osoittautui aiempaa hankalammaksi. Mik\u00e4\u00e4n ei innostanut, koko ajan v\u00e4sytti.<\/p>\n<p>\u201dHuolestuin, sill\u00e4 aivot ovat t\u00e4rkein ty\u00f6kaluni. Ty\u00f6ni perustuu l\u00e4hes yksinomaan tiedon k\u00e4sittelemiseen ja omaksumiseen lukemalla ja kirjoittamalla.\u201d<\/p>\n<p>Ensimm\u00e4isen\u00e4 koronakev\u00e4\u00e4n\u00e4 oireet voimistuivat, ja kun kes\u00e4loman j\u00e4lkeen olisi pit\u00e4nyt palata t\u00f6ihin, Saara ei kyennytk\u00e4\u00e4n. Diagnoosiksi tuli keskivaikea masennus ja ty\u00f6uupumus. Ulkopuolisille se n\u00e4ytt\u00e4ytyi ilmeiden katoamisena ja ilottomuutena.<\/p>\n<p><strong>Lue my\u00f6s Kotiliesi.fi<\/strong>: <a href=\"https:\/\/kotiliesi.fi\/hyvinvointi\/tyouupumus-riskitekijat\/\" rel=\"nofollow noopener\" target=\"_blank\">5 asiaa, joita ty\u00f6psykologi ei ty\u00f6ss\u00e4\u00e4n tekisi \u2013 lopeta sin\u00e4kin, tai olet vaarassa uupua<\/a><\/p>\n<p>Sairauslomaa my\u00f6nnettiin ensin kahden viikon jaksoissa, sitten loppuvuodeksi. L\u00e4\u00e4k\u00e4rin m\u00e4\u00e4r\u00e4yksest\u00e4 Saara teki vain asioita, jotka tuottivat mielihyv\u00e4\u00e4. Syksyn h\u00e4n siis p\u00f6tk\u00f6tti sohvalla, katsoi murhasarjoja ja luki dekkareita. <\/p>\n<p>\u201dNormaalisti en jaksaisi kiinnostua alkoholisoituneiden keski-ik\u00e4isten miesten angsteista, mutta dekkareissa sied\u00e4n niit\u00e4 hyvin. Ne ovat turvallista viihdett\u00e4: murhat aina ratkeavat.\u201d<\/p>\n<p>Toipuminen oli hidasta ja jatkuu yh\u00e4. V\u00e4h\u00e4 v\u00e4h\u00e4lt\u00e4 ilo ja ilmeet palasivat el\u00e4m\u00e4\u00e4n. Nyt Saara jaksaa taas innostua, ottaa kantaa ja luottaa tulevaan.<\/p>\n<p>Parhaillaan ty\u00f6n alla on median militarisoitumisen tutkiminen. Eli Saara saa ihan ty\u00f6n puolesta katsella muun muassa Erikoisjoukkoja ja Komppania Ketonen &amp; Gustafsbergia.<\/p>\n<p>Kolmen kuukauden apuraha p\u00e4\u00e4ttyy tammikuun lopulla. Mit\u00e4 seuraavaksi? Sen n\u00e4kee sitten. Yksisarvinen on taas ilmassa. <\/p>\n<p>Saara S\u00e4rm\u00e4, 50<\/p>\n<p><strong>Ty\u00f6<\/strong>: Apurahatutkija.<\/p>\n<p><strong>Asuu<\/strong>: Tampereen Tammelassa.<\/p>\n<p><strong>Perhe<\/strong>: Viisivuotias kummilapsi perheineen, l\u00e4heiset yst\u00e4v\u00e4t.<\/p>\n<p><strong>Ajankohtaista<\/strong>: Naiset, jotka laskevat miehi\u00e4 -podcast Virpi Salmen kanssa Spotifyssa.<\/p>\n<p>Juttu on julkaistu Annassa 3\/2026.<\/p>\n<p>    Sinua voi kiinnostaa my\u00f6s:<\/p>\n<ol class=\"read-also__list\">\n<li>\n<p>            <img loading=\"lazy\" decoding=\"async\" class=\"card__image awpo-lqip awpo-lazy\" width=\"2000\" height=\"1270\" src=\"https:\/\/www.europesays.com\/fi\/wp-content\/uploads\/2026\/01\/laura-gustafsson.jpg\"\/>                <a href=\"https:\/\/anna.fi\/kategoria\/ihmiset\" class=\"card__vignette\" rel=\"nofollow noopener\" target=\"_blank\"><br \/>\n            Ihmiset          <\/a><\/p>\n<p>      <a href=\"https:\/\/anna.fi\/ihmiset\/kirjailija-laura-gustafsson-ymmarsi-vasta-aikuisena-mita-oli-nuorena-kokenut-ikani-tuntui-sivuseikalta-niin-itselleni-kuin-miehille\" class=\"card__link-overlay\" rel=\"nofollow noopener\" target=\"_blank\">Kirjailija Laura Gustafsson ymm\u00e4rsi vasta aikuisena, mit\u00e4 oli nuorena kokenut \u2013 \u201dIk\u00e4ni tuntui sivuseikalta niin itselleni kuin miehille\u201d<\/a><\/p>\n<\/li>\n<li>\n<p>            <img loading=\"lazy\" decoding=\"async\" class=\"card__image awpo-lqip awpo-lazy\" width=\"1626\" height=\"1155\" src=\"https:\/\/www.europesays.com\/fi\/wp-content\/uploads\/2026\/01\/dscf0175.jpg\"\/>                <a href=\"https:\/\/anna.fi\/kategoria\/ihmiset\" class=\"card__vignette\" rel=\"nofollow noopener\" target=\"_blank\"><br \/>\n            Ihmiset          <\/a><\/p>\n<p>      <a href=\"https:\/\/anna.fi\/ihmiset\/matkalla-bussipysakille-rosa-merilainen-teki-jotain-mita-normaali-liikkuja-ei-edes-ajattelisi-rakas-harrastus-muuttui-addiktioksi\" class=\"card__link-overlay\" rel=\"nofollow noopener\" target=\"_blank\">Matkalla bussipys\u00e4kille Rosa Meril\u00e4inen teki jotain, mit\u00e4 normaali liikkuja ei edes ajattelisi \u2013 rakas harrastus muuttui addiktioksi<\/a><\/p>\n<\/li>\n<li>\n<p>            <img loading=\"lazy\" decoding=\"async\" class=\"card__image awpo-lqip awpo-lazy\" width=\"2000\" height=\"1500\" src=\"https:\/\/www.europesays.com\/fi\/wp-content\/uploads\/2026\/01\/dscf9877.jpg\"\/>                <a href=\"https:\/\/anna.fi\/kategoria\/ihmiset\" class=\"card__vignette\" rel=\"nofollow noopener\" target=\"_blank\"><br \/>\n            Ihmiset          <\/a><\/p>\n<p>      <a href=\"https:\/\/anna.fi\/ihmiset\/rosa-merilainen-ja-frans-frangen\" class=\"card__link-overlay\" rel=\"nofollow noopener\" target=\"_blank\">Rosa Meril\u00e4isen lapsi Frans pukeutui vanhojen tansseihin mekkoon \u2013 \u00e4idilt\u00e4\u00e4n h\u00e4n on pyyt\u00e4nyt vain yht\u00e4 asiaa<\/a><\/p>\n<\/li>\n<\/ol>\n","protected":false},"excerpt":{"rendered":"Tutkija Saara S\u00e4rm\u00e4n mukaan kenenk\u00e4\u00e4n ei ole pakko rakastaa kehoaan, mutta sit\u00e4 on hyv\u00e4 oppia katsomaan hyv\u00e4ksyv\u00e4sti. Pari&hellip;\n","protected":false},"author":2,"featured_media":142855,"comment_status":"","ping_status":"","sticky":false,"template":"","format":"standard","meta":{"footnotes":""},"categories":[136],"tags":[407,137,33,31,30,408,6453,21096,24529,32,12140,109],"class_list":{"0":"post-142854","1":"post","2":"type-post","3":"status-publish","4":"format-standard","5":"has-post-thumbnail","7":"category-julkkikset","8":"tag-celebrities","9":"tag-entertainment","10":"tag-fi","11":"tag-finland","12":"tag-finnish","13":"tag-julkkikset","14":"tag-kehopositiivisuus","15":"tag-rosa-merilainen","16":"tag-sukupuoliroolit","17":"tag-suomi","18":"tag-tyouupumus","19":"tag-viihde"},"share_on_mastodon":{"url":"https:\/\/pubeurope.com\/@fi\/115898281021197704","error":""},"_links":{"self":[{"href":"https:\/\/www.europesays.com\/fi\/wp-json\/wp\/v2\/posts\/142854","targetHints":{"allow":["GET"]}}],"collection":[{"href":"https:\/\/www.europesays.com\/fi\/wp-json\/wp\/v2\/posts"}],"about":[{"href":"https:\/\/www.europesays.com\/fi\/wp-json\/wp\/v2\/types\/post"}],"author":[{"embeddable":true,"href":"https:\/\/www.europesays.com\/fi\/wp-json\/wp\/v2\/users\/2"}],"replies":[{"embeddable":true,"href":"https:\/\/www.europesays.com\/fi\/wp-json\/wp\/v2\/comments?post=142854"}],"version-history":[{"count":0,"href":"https:\/\/www.europesays.com\/fi\/wp-json\/wp\/v2\/posts\/142854\/revisions"}],"wp:featuredmedia":[{"embeddable":true,"href":"https:\/\/www.europesays.com\/fi\/wp-json\/wp\/v2\/media\/142855"}],"wp:attachment":[{"href":"https:\/\/www.europesays.com\/fi\/wp-json\/wp\/v2\/media?parent=142854"}],"wp:term":[{"taxonomy":"category","embeddable":true,"href":"https:\/\/www.europesays.com\/fi\/wp-json\/wp\/v2\/categories?post=142854"},{"taxonomy":"post_tag","embeddable":true,"href":"https:\/\/www.europesays.com\/fi\/wp-json\/wp\/v2\/tags?post=142854"}],"curies":[{"name":"wp","href":"https:\/\/api.w.org\/{rel}","templated":true}]}}