{"id":142856,"date":"2026-01-15T08:58:13","date_gmt":"2026-01-15T08:58:13","guid":{"rendered":"https:\/\/www.europesays.com\/fi\/142856\/"},"modified":"2026-01-15T08:58:13","modified_gmt":"2026-01-15T08:58:13","slug":"yle-suunnittelee-jatkoa-katsojien-suosikiksi-nousseelle-sarjalle","status":"publish","type":"post","link":"https:\/\/www.europesays.com\/fi\/142856\/","title":{"rendered":"Yle suunnittelee jatkoa katsojien suosikiksi nousseelle sarjalle"},"content":{"rendered":"<p>Peltsin toinen luonto p\u00e4\u00e4ttyy t\u00e4n\u00e4\u00e4n, mutta vain toistaiseksi.<\/p>\n<p><img decoding=\"async\" class=\"image image-show image-preview\" src=\"https:\/\/www.europesays.com\/fi\/wp-content\/uploads\/2026\/01\/566d535e2a1253c6ae33b14ed4fbc6d8ff6f7706a6b28ab6787ce8f659305666.jpg\" alt=\"\"\/><img decoding=\"async\" class=\"image image-show\" src=\"https:\/\/www.europesays.com\/fi\/wp-content\/uploads\/2026\/01\/1768467493_882_566d535e2a1253c6ae33b14ed4fbc6d8ff6f7706a6b28ab6787ce8f659305666.jpg\" alt=\"\"\/><\/p>\n<p>\u2013\u2009Olemme eritt\u00e4in iloisia siit\u00e4, ett\u00e4 sarja on l\u00f6yt\u00e4nyt yleis\u00f6ns\u00e4 n\u00e4in hyvin. Suomalaisia tuntuu yhdist\u00e4v\u00e4n kiinnostus luontoon ja er\u00e4ilyyn, tuottaja Maarit Puttonen sanoo. Sami Jumppanen, Yle<\/p>\n<p class=\"paragraph\">Peltsin toinen luonto p\u00e4\u00e4ttyy t\u00e4n\u00e4\u00e4n, mutta vain toistaiseksi.<\/p>\n<p class=\"paragraph\">Viideskin kausi on nimitt\u00e4in osoittautunut sellaiseksi katsojamagneetiksi, ett\u00e4 jatkoa seuraa.<\/p>\n<p class=\"paragraph\">\u2013\u2009Kuudes kausi on tulossa t\u00e4m\u00e4n vuoden lopussa, tuottaja <strong>Maarit Puttonen<\/strong> paljastaa Iltalehdelle.<\/p>\n<p class=\"paragraph\">Ja onpa luvassa toinenkin uutinen:<\/p>\n<p class=\"paragraph\">\u2013 <strong>Osmon<\/strong> on tarkoitus vierailla my\u00f6s kuudennella kaudella ainakin yhdess\u00e4 jaksossa.<\/p>\n<p class=\"paragraph\">Osmo on tietysti <a href=\"https:\/\/www.iltalehti.fi\/henkilot\/Mikko Peltola\" class=\"article-link-person-page\" rel=\"nofollow noopener\" target=\"_blank\">Peltsi Peltolan<\/a> 13-vuotias poika, josta tuli tv-t\u00e4hti vuosi sitten n\u00e4hdyn Peltsi ja Osmo -sarjan my\u00f6t\u00e4. Kultainen Venla -gaalassa vuoden esiintyj\u00e4n\u00e4 palkittu <a href=\"https:\/\/www.iltalehti.fi\/tv-ja-leffat\/b113e55c-4862-4693-b046-80c51bc2417b\" rel=\"nofollow noopener\" target=\"_blank\">Osmo vieraili nyt t\u00e4ll\u00e4 is\u00e4ns\u00e4 sarjan vitoskaudellakin parissa jaksossa<\/a> \u2013 ja menestyksekk\u00e4\u00e4sti vierailikin.<\/p>\n<p class=\"paragraph\">\u2013\u2009Jaksot, joissa Peltsi ja Osmo seikkailevat yhdess\u00e4, ovat olleet erityisen suosittuja, Puttonen iloitsee.<\/p>\n<p class=\"paragraph\">\u2013\u2009Jaksoista eniten on kiinnostanut Osmon ensimm\u00e4inen kalareissu, joka on houkutellut selv\u00e4sti enemm\u00e4n katselua kuin muut jaksot, h\u00e4n vertaa.<\/p>\n<p>Osmo Peltola juhli vuosi sitten Kultainen Venla -gaalassa. Atte Kajova<\/p>\n<p class=\"paragraph\">Kaikkiaan sarjan viidennell\u00e4 tuotantokaudella on Areenassa yli miljoona starttia. TV2:llakin ohjelma kuuluu kanavan katsotuimpien joukkoon.<\/p>\n<p class=\"paragraph\">Osmolla riitt\u00e4\u00e4 suosiota my\u00f6s sosiaalisessa mediassa, mik\u00e4 on huomattu Ylell\u00e4kin.<\/p>\n<p class=\"paragraph\">\u2013\u2009Syd\u00e4mi\u00e4 on j\u00e4lleen satanut. Erityisesti someklipit, joissa Osmo on mukana, ovat menneet viraaleiksi eli levinneet hienosti, Puttonen kehuu.<\/p>\n<p class=\"paragraph\">Toisen luonnon toiseksi viimeisess\u00e4 jaksossa Peltsi-is\u00e4 lupaili Peltsi ja Osmo -sarjaan kakkoskautta sitten, kunhan pojalla kasvavat viikset. Viel\u00e4 ne eiv\u00e4t kasva, mutta millainen aikataulu uusilla jaksoilla on?<\/p>\n<p class=\"paragraph\">\u2013\u2009Kakkoskausi on suunnitelmissa, mutta tarkkaa ajankohtaa emme viel\u00e4 osaa sanoa, Puttonen muotoilee.<\/p>\n<p>Peltsin toisen luonnon kakkosjaksossa is\u00e4 ja poika l\u00e4htiv\u00e4t kalareissulle. Jakso on Areenassa kauden suosituin. Sami Jumppanen, Yle<\/p>\n<p class=\"paragraph\">Peltsin toinen luonto t\u00e4n\u00e4\u00e4n TV2:lla kello 21.00 &amp; Areenassa. <a href=\"https:\/\/www.iltalehti.fi\/telkku\/\" rel=\"nofollow noopener\" target=\"_blank\">Katso kaikki\u00a0TV-ohjelmat ja l\u00e4hetysajat Telkun TV-oppaasta<\/a>.<\/p>\n","protected":false},"excerpt":{"rendered":"Peltsin toinen luonto p\u00e4\u00e4ttyy t\u00e4n\u00e4\u00e4n, mutta vain toistaiseksi. \u2013\u2009Olemme eritt\u00e4in iloisia siit\u00e4, ett\u00e4 sarja on l\u00f6yt\u00e4nyt yleis\u00f6ns\u00e4 n\u00e4in&hellip;\n","protected":false},"author":2,"featured_media":142857,"comment_status":"","ping_status":"","sticky":false,"template":"","format":"standard","meta":{"footnotes":""},"categories":[133],"tags":[35,153,137,33,31,30,979,1999,32,206,140,139,156,109],"class_list":{"0":"post-142856","1":"post","2":"type-post","3":"status-publish","4":"format-standard","5":"has-post-thumbnail","7":"category-televisiot","8":"tag-24h","9":"tag-audiovisuaalinen-media","10":"tag-entertainment","11":"tag-fi","12":"tag-finland","13":"tag-finnish","14":"tag-sahkoinen-media","15":"tag-suomalaiset-tv-ohjelmat","16":"tag-suomi","17":"tag-televisiot","18":"tag-tv-ja-elokuvat","19":"tag-tv-ohjelmat","20":"tag-tv","21":"tag-viihde"},"share_on_mastodon":{"url":"https:\/\/pubeurope.com\/@fi\/115898292936011969","error":""},"_links":{"self":[{"href":"https:\/\/www.europesays.com\/fi\/wp-json\/wp\/v2\/posts\/142856","targetHints":{"allow":["GET"]}}],"collection":[{"href":"https:\/\/www.europesays.com\/fi\/wp-json\/wp\/v2\/posts"}],"about":[{"href":"https:\/\/www.europesays.com\/fi\/wp-json\/wp\/v2\/types\/post"}],"author":[{"embeddable":true,"href":"https:\/\/www.europesays.com\/fi\/wp-json\/wp\/v2\/users\/2"}],"replies":[{"embeddable":true,"href":"https:\/\/www.europesays.com\/fi\/wp-json\/wp\/v2\/comments?post=142856"}],"version-history":[{"count":0,"href":"https:\/\/www.europesays.com\/fi\/wp-json\/wp\/v2\/posts\/142856\/revisions"}],"wp:featuredmedia":[{"embeddable":true,"href":"https:\/\/www.europesays.com\/fi\/wp-json\/wp\/v2\/media\/142857"}],"wp:attachment":[{"href":"https:\/\/www.europesays.com\/fi\/wp-json\/wp\/v2\/media?parent=142856"}],"wp:term":[{"taxonomy":"category","embeddable":true,"href":"https:\/\/www.europesays.com\/fi\/wp-json\/wp\/v2\/categories?post=142856"},{"taxonomy":"post_tag","embeddable":true,"href":"https:\/\/www.europesays.com\/fi\/wp-json\/wp\/v2\/tags?post=142856"}],"curies":[{"name":"wp","href":"https:\/\/api.w.org\/{rel}","templated":true}]}}