{"id":142858,"date":"2026-01-15T08:59:09","date_gmt":"2026-01-15T08:59:09","guid":{"rendered":"https:\/\/www.europesays.com\/fi\/142858\/"},"modified":"2026-01-15T08:59:09","modified_gmt":"2026-01-15T08:59:09","slug":"kovaa-nousua-tekeva-moderni-black-metal-yhtye-gaerea-tarjoilee-uunituoreen-musiikkivideon","status":"publish","type":"post","link":"https:\/\/www.europesays.com\/fi\/142858\/","title":{"rendered":"Kovaa nousua tekev\u00e4 moderni black metal -yhtye Gaerea tarjoilee uunituoreen musiikkivideon"},"content":{"rendered":"<p><a href=\"https:\/\/www.inferno.fi\/live\/orbit-culture-gaerea-ja-atlas-helsingissa-katso-kuvat\/\" rel=\"nofollow noopener\" target=\"_blank\">Hiljattain Suomessa soittanut<\/a> portugalilainen post-black-ryhm\u00e4 <strong>Gaerea<\/strong> valmistautuu julkaisemaan viidennen studioalbuminsa Lossin 20. maaliskuuta.<\/p>\n<p>Levy\u00e4 esitell\u00e4\u00e4n juuri ilmestyneell\u00e4 musiikkivideolla, joka kantaa nime\u00e4 Phoenix.<\/p>\n<p>\u201dPhoenix on kappale, joka kertoo pett\u00e4misest\u00e4 ja k\u00e4rsimyksest\u00e4 selviytymisest\u00e4, ja siit\u00e4, kuinka k\u00e4ytt\u00e4\u00e4 sit\u00e4 kipua polttoaineena vahvemmaksi tulemiseen sen sijaan, ett\u00e4 antaisit sen sy\u00f6vytt\u00e4\u00e4 itse\u00e4si. Ly\u00f6tyin\u00e4, arpeutuneina ja pimeyteen j\u00e4tettyin\u00e4 nousemme j\u00e4lleen, katkaisemme kahleet ja otamme hallinnan takaisin.\u201d b\u00e4ndi kertoo tarinasta.<\/p>\n<p>Musiikkivideon ohjauksesta on vastuussa TRE Filmin <strong>Pavel Trebukhin<\/strong>.<\/p>\n<p><img loading=\"lazy\" decoding=\"async\" alt=\"YouTube video\" width=\"480\" height=\"360\" data-pin-nopin=\"true\" nopin=\"nopin\" class=\"perfmatters-lazy\" src=\"https:\/\/www.europesays.com\/fi\/wp-content\/uploads\/2026\/01\/1768467549_621_hqdefault.jpg\"\/><\/p>\n","protected":false},"excerpt":{"rendered":"Hiljattain Suomessa soittanut portugalilainen post-black-ryhm\u00e4 Gaerea valmistautuu julkaisemaan viidennen studioalbuminsa Lossin 20. maaliskuuta. Levy\u00e4 esitell\u00e4\u00e4n juuri ilmestyneell\u00e4 musiikkivideolla,&hellip;\n","protected":false},"author":2,"featured_media":142859,"comment_status":"","ping_status":"","sticky":false,"template":"","format":"standard","meta":{"footnotes":""},"categories":[132],"tags":[1877,137,33,31,30,195,47,1243,24530,1244,32,109],"class_list":{"0":"post-142858","1":"post","2":"type-post","3":"status-publish","4":"format-standard","5":"has-post-thumbnail","7":"category-musiikki","8":"tag-black-metal","9":"tag-entertainment","10":"tag-fi","11":"tag-finland","12":"tag-finnish","13":"tag-music","14":"tag-musiikki","15":"tag-musiikkivideo","16":"tag-post-black","17":"tag-single","18":"tag-suomi","19":"tag-viihde"},"share_on_mastodon":{"url":"https:\/\/pubeurope.com\/@fi\/115898296746407820","error":""},"_links":{"self":[{"href":"https:\/\/www.europesays.com\/fi\/wp-json\/wp\/v2\/posts\/142858","targetHints":{"allow":["GET"]}}],"collection":[{"href":"https:\/\/www.europesays.com\/fi\/wp-json\/wp\/v2\/posts"}],"about":[{"href":"https:\/\/www.europesays.com\/fi\/wp-json\/wp\/v2\/types\/post"}],"author":[{"embeddable":true,"href":"https:\/\/www.europesays.com\/fi\/wp-json\/wp\/v2\/users\/2"}],"replies":[{"embeddable":true,"href":"https:\/\/www.europesays.com\/fi\/wp-json\/wp\/v2\/comments?post=142858"}],"version-history":[{"count":0,"href":"https:\/\/www.europesays.com\/fi\/wp-json\/wp\/v2\/posts\/142858\/revisions"}],"wp:featuredmedia":[{"embeddable":true,"href":"https:\/\/www.europesays.com\/fi\/wp-json\/wp\/v2\/media\/142859"}],"wp:attachment":[{"href":"https:\/\/www.europesays.com\/fi\/wp-json\/wp\/v2\/media?parent=142858"}],"wp:term":[{"taxonomy":"category","embeddable":true,"href":"https:\/\/www.europesays.com\/fi\/wp-json\/wp\/v2\/categories?post=142858"},{"taxonomy":"post_tag","embeddable":true,"href":"https:\/\/www.europesays.com\/fi\/wp-json\/wp\/v2\/tags?post=142858"}],"curies":[{"name":"wp","href":"https:\/\/api.w.org\/{rel}","templated":true}]}}