{"id":142866,"date":"2026-01-15T09:06:07","date_gmt":"2026-01-15T09:06:07","guid":{"rendered":"https:\/\/www.europesays.com\/fi\/142866\/"},"modified":"2026-01-15T09:06:07","modified_gmt":"2026-01-15T09:06:07","slug":"pk-consumer-health-sijoittaa-suomalaiseen-puhdistamoon-tavoitteena-rakentaa-yhdessa-euroopan-johtava-hyvinvointiyritys","status":"publish","type":"post","link":"https:\/\/www.europesays.com\/fi\/142866\/","title":{"rendered":"PK Consumer Health sijoittaa suomalaiseen Puhdistamoon \u2013 tavoitteena rakentaa yhdess\u00e4 Euroopan johtava hyvinvointiyritys"},"content":{"rendered":"<p>Puhdistamo \u2013 Real Foods Oy (\u201dPuhdistamo\u201d), yksi Pohjoismaiden johtavista hyvinvointiyrityksist\u00e4, ja PK Consumer Health (\u201dPK\u201d) yhdist\u00e4v\u00e4t voimansa. Yhdysvaltalaisen Avista Healthcare Partnersin ja belgialaisen Damier Groupin omistama PK ostaa Puhdistamon koko osakekannan yhti\u00f6n nykyisilt\u00e4 omistajilta. Nykyiset omistajat, mukaan lukien Rite Ventures ja yhti\u00f6n toimiva johto, tekev\u00e4t samassa yhteydess\u00e4 merkitt\u00e4v\u00e4n uudelleensijoituksen PK:hon ja jatkavat yhti\u00f6n kasvun tukemista. Puhdistamon johto jatkaa yrityskaupan toteuduttua yhti\u00f6n palveluksessa nykyisiss\u00e4 rooleissaan.<\/p>\n<p>Puhdistamo on nopeasti kasvava pohjoismainen hyvinvointiyritys, joka tunnetaan ennen kaikkea korkealaatuisista ravintolisist\u00e4, urheilulis\u00e4ravinteista ja funktionaalisista juomista. Yhti\u00f6n liikevaihto on kasvanut viime vuosina keskim\u00e4\u00e4rin 20 % vuodessa ja oli 30.6.2025 p\u00e4\u00e4ttyneell\u00e4 tilikaudella 33,6 miljoonaa euroa. Yhti\u00f6 ty\u00f6llist\u00e4\u00e4 Suomessa ja Ruotsissa yhteens\u00e4 120 henkil\u00f6\u00e4.<\/p>\n<p>Lemp\u00e4\u00e4l\u00e4st\u00e4 l\u00e4ht\u00f6isin olevan Puhdistamon juuret ovat syv\u00e4ll\u00e4 Suomessa ja Pohjoismaissa. Yrityskaupan my\u00f6t\u00e4 yhti\u00f6ll\u00e4 on entist\u00e4kin paremmat mahdollisuudet jatkaa vahvaa kasvuaan ennen kaikkea keskeisill\u00e4 markkina-alueillaan Suomessa ja Ruotsissa. Lis\u00e4ksi yrityskauppa mahdollistaa Puhdistamon laajentumisen uusille markkinoille Euroopassa.<\/p>\n<p><strong>Yhteinen n\u00e4kemys ja intohimo kuluttajaterveysalan kehitt\u00e4miseen<\/strong><\/p>\n<p>\u201dPysymme uskollisina sille, mik\u00e4 on tehnyt Puhdistamosta menestystarinan alusta alkaen. Toimintamme ydin, eli yritt\u00e4jyys ja tinkim\u00e4tt\u00f6myys tuotteidemme laadun suhteen, s\u00e4ilyv\u00e4t my\u00f6s yrityskaupan j\u00e4lkeen. Olen kiitollinen henkil\u00f6st\u00f6llemme, asiakkaillemme ja kumppaneillemme, jotka ovat kulkeneet mukanamme kaikki n\u00e4m\u00e4 vuodet. Yrityskaupan my\u00f6t\u00e4 olemme siirtym\u00e4ss\u00e4 merkitt\u00e4v\u00e4\u00e4n uuteen vaiheeseen kasvutarinassamme. Avista Healthcare Partnersista ja Damier Groupista saamme kumppanit, joilla on laaja-alainen osaaminen ja kokemus kuluttajaterveyden sektorilta ja jotka jakavat arvomme ja visiomme. Tavoitteenamme on rakentaa PK:sta Euroopan johtava hyvinvointiyritys, ja t\u00e4t\u00e4 tavoitetta kohti l\u00e4hdemme nyt innolla\u201d, Puhdistamon toimitusjohtaja <strong>Carl-Gustaf Elfving<\/strong> sanoo.<\/p>\n<p>\u201dJ\u00e4rjestelyn my\u00f6t\u00e4 meill\u00e4 on my\u00f6s vahvempi pohja Puhdistamon kasvun vauhdittamiseen ennen kaikkea Suomessa ja Ruotsissa. Lis\u00e4ksi yrityskauppa mahdollistaa br\u00e4ndimme viemisen uusille kansainv\u00e4lisille markkinoille sek\u00e4 investoinnit uusiin innovaatioihin. Meill\u00e4 on erinomainen tiimi, ja olen innoissani siit\u00e4, mit\u00e4 voimme yhdess\u00e4 saavuttaa\u201d,<strong> <\/strong>Elfving jatkaa.<\/p>\n<p>\u201dPuhdistamolla on vahva johto ja vakuuttava asema nopeasti kasvavassa terveys- ja hyvinvointituotteiden premium-segmentiss\u00e4, mik\u00e4 luo erinomaiset edellytykset kasvun jatkumiselle PK:n tukemana. Puhdistamon liittyminen mukaan vahvana alueellisena toimijana vahvistaa asemaamme Pohjoismaissa ja laajentaa tuotevalikoimaamme uusiin, houkutteleviin tuotekategorioihin kuten urheilulis\u00e4ravinteisiin ja funktionaalisiin juomiin\u201d, toteaa PK Consumer Healthin hallituksen puheenjohtaja <strong>Yvan Vindevogel<\/strong>.<\/p>\n<p>&#8221;Haluan toivottaa Puhdistamon koko henkil\u00f6st\u00f6n l\u00e4mpim\u00e4sti tervetulleeksi PK-perheeseen. Puhdistamo sopii t\u00e4ydellisesti strategiaamme luoda yleiseurooppalainen kuluttajaterveysalan yhti\u00f6 partneroitumalla johtavien paikallisten toimijoiden kanssa\u201d, Vindevogel jatkaa.<\/p>\n<p>\u201dHaemme portfolioomme asemansa vakiinnuttaneita alansa johtavia yrityksi\u00e4, ja meihin tekiv\u00e4t erityisen vaikutuksen Puhdistamon kaupallinen osaaminen, erinomaiset tuotteet ja uskollinen k\u00e4ytt\u00e4j\u00e4kunta sek\u00e4 vahva br\u00e4ndi. Olen vakuuttunut siit\u00e4, ett\u00e4 PK Consumer Healthissa Puhdistamon edellytykset kasvaa entisest\u00e4\u00e4n ovat erinomaiset\u201d, sanoo Avista Healthcare Partnersin hallituksen puheenjohtaja <strong>Thompson Dean<\/strong>.<\/p>\n<p>Osapuolet ovat sopineet, ett\u00e4 yrityskaupan arvoa ei julkisteta. J\u00e4rjestelyn toteutuminen on ehdollinen tiettyjen normaalien kaupan ehtojen t\u00e4yttymiselle, ja se arvioidaan saatavan p\u00e4\u00e4t\u00f6kseen tammikuun 2026 loppuun menness\u00e4.<\/p>\n","protected":false},"excerpt":{"rendered":"Puhdistamo \u2013 Real Foods Oy (\u201dPuhdistamo\u201d), yksi Pohjoismaiden johtavista hyvinvointiyrityksist\u00e4, ja PK Consumer Health (\u201dPK\u201d) yhdist\u00e4v\u00e4t voimansa. Yhdysvaltalaisen&hellip;\n","protected":false},"author":2,"featured_media":142867,"comment_status":"","ping_status":"","sticky":false,"template":"","format":"standard","meta":{"footnotes":""},"categories":[76],"tags":[79,77,33,31,30,32,78],"class_list":{"0":"post-142866","1":"post","2":"type-post","3":"status-publish","4":"format-standard","5":"has-post-thumbnail","7":"category-talous","8":"tag-business","9":"tag-economy","10":"tag-fi","11":"tag-finland","12":"tag-finnish","13":"tag-suomi","14":"tag-talous"},"share_on_mastodon":{"url":"https:\/\/pubeurope.com\/@fi\/115898324354009456","error":""},"_links":{"self":[{"href":"https:\/\/www.europesays.com\/fi\/wp-json\/wp\/v2\/posts\/142866","targetHints":{"allow":["GET"]}}],"collection":[{"href":"https:\/\/www.europesays.com\/fi\/wp-json\/wp\/v2\/posts"}],"about":[{"href":"https:\/\/www.europesays.com\/fi\/wp-json\/wp\/v2\/types\/post"}],"author":[{"embeddable":true,"href":"https:\/\/www.europesays.com\/fi\/wp-json\/wp\/v2\/users\/2"}],"replies":[{"embeddable":true,"href":"https:\/\/www.europesays.com\/fi\/wp-json\/wp\/v2\/comments?post=142866"}],"version-history":[{"count":0,"href":"https:\/\/www.europesays.com\/fi\/wp-json\/wp\/v2\/posts\/142866\/revisions"}],"wp:featuredmedia":[{"embeddable":true,"href":"https:\/\/www.europesays.com\/fi\/wp-json\/wp\/v2\/media\/142867"}],"wp:attachment":[{"href":"https:\/\/www.europesays.com\/fi\/wp-json\/wp\/v2\/media?parent=142866"}],"wp:term":[{"taxonomy":"category","embeddable":true,"href":"https:\/\/www.europesays.com\/fi\/wp-json\/wp\/v2\/categories?post=142866"},{"taxonomy":"post_tag","embeddable":true,"href":"https:\/\/www.europesays.com\/fi\/wp-json\/wp\/v2\/tags?post=142866"}],"curies":[{"name":"wp","href":"https:\/\/api.w.org\/{rel}","templated":true}]}}