{"id":142868,"date":"2026-01-15T09:07:12","date_gmt":"2026-01-15T09:07:12","guid":{"rendered":"https:\/\/www.europesays.com\/fi\/142868\/"},"modified":"2026-01-15T09:07:12","modified_gmt":"2026-01-15T09:07:12","slug":"senaatin-republikaanit-tyrmasivat-esityksen-joka-suitsisi-trumpin-oikeutta-sotatoimiin-venezuelassa","status":"publish","type":"post","link":"https:\/\/www.europesays.com\/fi\/142868\/","title":{"rendered":"Senaatin republikaanit tyrm\u00e4siv\u00e4t esityksen, joka suitsisi Trumpin oikeutta sotatoimiin Venezuelassa"},"content":{"rendered":"<p>Yhdysvalloissa senaatin republikaanit ovat tyrm\u00e4nneet esityksen, joka olisi rajoittanut presidentti <strong>Donald Trumpin<\/strong> valtuuksia ryhty\u00e4 sotatoimiin Venezuelassa. Esitys olisi edellytt\u00e4nyt kongressilta lupaa uusille sotatoimille.<\/p>\n<p>Sama esitys eteni viime viikolla, kun viisi republikaanisenaattoria asettui demokraattien tueksi, mit\u00e4 pidettiin merkitt\u00e4v\u00e4n\u00e4 takaiskuna Trumpille Venezuelan iskun j\u00e4lkeen.<\/p>\n<p>Trump hy\u00f6kk\u00e4si voimakkaasti puolueen linjasta poikenneita republikaanisenaattoreita vastaan sosiaalisessa mediassa, ja Valkoinen talo k\u00e4ynnisti vimmaisen vaikutuskampanjan upottaakseen esityksen kongressissa.<\/p>\n<p>Viidest\u00e4 republikaanisenaattorista kaksi taipui Trumpin tahtoon ja muutti kantaansa.<\/p>\n<p><strong>REPUBLIKAANIT<\/strong> pys\u00e4yttiv\u00e4t esityksen prosessiteknisell\u00e4 menetelm\u00e4ll\u00e4, jonka my\u00f6t\u00e4 esityksen hyv\u00e4ksynt\u00e4\u00e4n tarvittaisiin 51 senaattorin yksinkertaisen enemmist\u00f6n sijasta 60 senaattoria. T\u00e4t\u00e4 pidet\u00e4\u00e4n k\u00e4yt\u00e4nn\u00f6ss\u00e4 mahdottomana rajana.<\/p>\n<p>-\u2009Trump v\u00e4itt\u00e4\u00e4 sotaansa Venezuelassa oikeudenmukaiseksi. Jos niin on, miksi h\u00e4n kovistelee puoluettaan k\u00e4ytt\u00e4m\u00e4\u00e4n prosessiteknist\u00e4 menetelm\u00e4\u00e4 v\u00e4ltt\u00e4\u00e4kseen v\u00e4ittelyn ja \u00e4\u00e4nestyksen kongressissa yhdysvaltalaisten edess\u00e4? arvosteli demokraattisenaattori<strong> Tim Kaine<\/strong>.<\/p>\n<p>Republikaaneilla on senaatissa 53-47-enemmist\u00f6, ja puolueen edustajat ovat t\u00e4h\u00e4n asti seisoneet presidentti Trumpin tukena hyvin yksimielisesti.<\/p>\n<p>Vaikka esitys olisikin l\u00e4p\u00e4issyt senaatin, se olisi silti j\u00e4\u00e4nyt kaikella todenn\u00e4k\u00f6isyydell\u00e4 symboliseksi eleeksi. Se olisi kaatunut l\u00e4hes varmasti niin ik\u00e4\u00e4n republikaanien hallitseman edustajainhuoneen \u00e4\u00e4nestyksess\u00e4. Trumpin veto-oikeuden kumoamiseen tarvittaisiin kahden kolmanneksen enemmist\u00f6 kongressin molemmista kamareista.<\/p>\n<blockquote>\n<p>Olemme ottamassa valtavia edistysaskeleita.<\/p>\n<\/blockquote>\n<p><strong>VENEZUELAN<\/strong> v\u00e4liaikainen presidentti<strong> Delcy Rodriguez<\/strong> kehuu Yhdysvaltain presidentin Donald Trumpin kanssa k\u00e4ym\u00e4\u00e4ns\u00e4 puhelinkeskustelua. Trump ja Rodriguez juttelivat puhelimessa paikallista aikaa keskiviikkona.<\/p>\n<p>Kyseess\u00e4 on tiett\u00e4v\u00e4sti kaksikon ensimm\u00e4inen keskustelu sen j\u00e4lkeen, Yhdysvallat sieppasi Venezuelan presidentti <strong>Nicolas Maduron<\/strong>.<\/p>\n<p>Rodriguezin mukaan puhelinkeskustelu oli pitk\u00e4, antoisa ja kohtelias.<\/p>\n<p>My\u00f6s Trump suitsutti puhelua ja kehui Rodriguezia.<\/p>\n<p>-\u2009Meill\u00e4 oli juuri hieno puhelu, ja h\u00e4n on upea ihminen, Trump sanoi toimittajille Valkoisessa talossa.<\/p>\n<p><strong>MY\u00d6HEMMIN<\/strong> Trump <a href=\"https:\/\/truthsocial.com\/@realDonaldTrump\/posts\/115895806350456434\" rel=\"nofollow noopener\" target=\"_blank\">kirjoitti<\/a> omistamassaan Truth Social -viestipalvelussa, ett\u00e4 johtajien keskustelu k\u00e4sitteli monia asioita, kuten \u00f6ljy\u00e4, mineraaleja, kauppaa ja kansallista turvallisuutta.<\/p>\n<p>-\u2009Olemme ottamassa valtavia edistysaskeleita, Trump sanoi.<\/p>\n<p>Trump on toistaiseksi j\u00e4tt\u00e4nyt sivuun oppositiojohtaja <strong>Maria Corina Machadon<\/strong> Venezuelan Maduron j\u00e4lkeisest\u00e4 siirtym\u00e4vaiheesta v\u00e4itt\u00e4en, ettei Machadolla ole riitt\u00e4v\u00e4\u00e4 arvovaltaa maassaan.<\/p>\n<p>Nobelin rauhanpalkinnon saanut Machado tapaa Trumpin t\u00e4n\u00e4\u00e4n Valkoisessa talossa. Kyseess\u00e4 on kaksikon ensimm\u00e4inen tapaaminen.<\/p>\n<p>Yhdysvallat hy\u00f6kk\u00e4si tammikuun alussa Venezuelaan ja sieppasi maan itsevaltaisen presidentin Maduron. Yhdysvallat syytt\u00e4\u00e4 Maduroa muun muassa huume- ja aserikoksista. Maduro on kiist\u00e4nyt syyllisyytens\u00e4.<\/p>\n","protected":false},"excerpt":{"rendered":"Yhdysvalloissa senaatin republikaanit ovat tyrm\u00e4nneet esityksen, joka olisi rajoittanut presidentti Donald Trumpin valtuuksia ryhty\u00e4 sotatoimiin Venezuelassa. Esitys olisi&hellip;\n","protected":false},"author":2,"featured_media":142869,"comment_status":"","ping_status":"","sticky":false,"template":"","format":"standard","meta":{"footnotes":""},"categories":[14],"tags":[22,23,26,27,33,31,30,17,24,25,28,29,15,18,21,32,19,20,56,16,59,60,61],"class_list":{"0":"post-142868","1":"post","2":"type-post","3":"status-publish","4":"format-standard","5":"has-post-thumbnail","7":"category-ulkomaat","8":"tag-breaking-news","9":"tag-breakingnews","10":"tag-featured-news","11":"tag-featurednews","12":"tag-fi","13":"tag-finland","14":"tag-finnish","15":"tag-headlines","16":"tag-latest-news","17":"tag-latestnews","18":"tag-main-news","19":"tag-mainnews","20":"tag-news","21":"tag-otsikot","22":"tag-paauutiset","23":"tag-suomi","24":"tag-top-stories","25":"tag-topstories","26":"tag-ulkomaat","27":"tag-uutiset","28":"tag-world","29":"tag-world-news","30":"tag-worldnews"},"share_on_mastodon":{"url":"https:\/\/pubeurope.com\/@fi\/115898328337108325","error":""},"_links":{"self":[{"href":"https:\/\/www.europesays.com\/fi\/wp-json\/wp\/v2\/posts\/142868","targetHints":{"allow":["GET"]}}],"collection":[{"href":"https:\/\/www.europesays.com\/fi\/wp-json\/wp\/v2\/posts"}],"about":[{"href":"https:\/\/www.europesays.com\/fi\/wp-json\/wp\/v2\/types\/post"}],"author":[{"embeddable":true,"href":"https:\/\/www.europesays.com\/fi\/wp-json\/wp\/v2\/users\/2"}],"replies":[{"embeddable":true,"href":"https:\/\/www.europesays.com\/fi\/wp-json\/wp\/v2\/comments?post=142868"}],"version-history":[{"count":0,"href":"https:\/\/www.europesays.com\/fi\/wp-json\/wp\/v2\/posts\/142868\/revisions"}],"wp:featuredmedia":[{"embeddable":true,"href":"https:\/\/www.europesays.com\/fi\/wp-json\/wp\/v2\/media\/142869"}],"wp:attachment":[{"href":"https:\/\/www.europesays.com\/fi\/wp-json\/wp\/v2\/media?parent=142868"}],"wp:term":[{"taxonomy":"category","embeddable":true,"href":"https:\/\/www.europesays.com\/fi\/wp-json\/wp\/v2\/categories?post=142868"},{"taxonomy":"post_tag","embeddable":true,"href":"https:\/\/www.europesays.com\/fi\/wp-json\/wp\/v2\/tags?post=142868"}],"curies":[{"name":"wp","href":"https:\/\/api.w.org\/{rel}","templated":true}]}}