{"id":142888,"date":"2026-01-15T09:33:06","date_gmt":"2026-01-15T09:33:06","guid":{"rendered":"https:\/\/www.europesays.com\/fi\/142888\/"},"modified":"2026-01-15T09:33:06","modified_gmt":"2026-01-15T09:33:06","slug":"venezuelan-valiaikainen-johtaja-ja-trump-kavivat-puhelinkeskustelun-han-on-upea-ihminen","status":"publish","type":"post","link":"https:\/\/www.europesays.com\/fi\/142888\/","title":{"rendered":"Venezuelan v\u00e4liaikainen johtaja ja Trump k\u00e4viv\u00e4t puhelinkeskustelun \u2013 &#8221;H\u00e4n on upea ihminen&#8221;"},"content":{"rendered":"<p>\n\t\t\t\tNobelin rauhanpalkinnon saanut Machado tapaa Trumpin t\u00e4n\u00e4\u00e4n Valkoisessa talossa.\n\t\t\t<\/p>\n<p>\n\tSuomenmaa \u2013 STT\t15.1.2026 8:52, muokattu<br \/>\n\t15.1.2026 9:12\n<\/p>\n<p>\t\t\t\t\t\t\t\t\tUlkomaat<\/p>\n<p>Venezuelan v\u00e4liaikainen presidentti <strong>Delcy Rodriguez<\/strong> kehuu Yhdysvaltain presidentin <strong>Donald Trumpin <\/strong>kanssa k\u00e4ym\u00e4\u00e4ns\u00e4 puhelinkeskustelua. Trump ja Rodriguez juttelivat puhelimessa paikallista aikaa keskiviikkona.<\/p>\n<p>Kyseess\u00e4 on tiett\u00e4v\u00e4sti kaksikon ensimm\u00e4inen keskustelu sen j\u00e4lkeen, Yhdysvallat sieppasi Venezuelan presidentti <strong>Nicolas Maduron<\/strong>.<\/p>\n<p>Rodriguezin mukaan puhelinkeskustelu oli pitk\u00e4, antoisa ja kohtelias.<\/p>\n<p>My\u00f6s Trump suitsutti puhelua ja kehui Rodriguezia.<\/p>\n<p>\u2013\u2009Meill\u00e4 oli juuri hieno puhelu, ja h\u00e4n on upea ihminen, Trump sanoi toimittajille Valkoisessa talossa.<\/p>\n<p>My\u00f6hemmin Trump <a href=\"https:\/\/truthsocial.com\/@realDonaldTrump\/posts\/115895806350456434\" rel=\"nofollow noopener\" target=\"_blank\">kirjoitti<\/a> omistamassaan Truth Social -viestipalvelussa, ett\u00e4 johtajien keskustelu k\u00e4sitteli monia asioita, kuten \u00f6ljy\u00e4, mineraaleja, kauppaa ja kansallista turvallisuutta.<\/p>\n<p>\u2013\u2009Olemme ottamassa valtavia edistysaskeleita, Trump sanoi.<\/p>\n<p>Trump on toistaiseksi j\u00e4tt\u00e4nyt sivuun oppositiojohtaja <strong>Maria Corina Machadon<\/strong> Venezuelan Maduron j\u00e4lkeisest\u00e4 siirtym\u00e4vaiheesta v\u00e4itt\u00e4en, ettei Machadolla ole riitt\u00e4v\u00e4\u00e4 arvovaltaa maassaan.<\/p>\n<p>Nobelin rauhanpalkinnon saanut Machado tapaa Trumpin t\u00e4n\u00e4\u00e4n Valkoisessa talossa. Kyseess\u00e4 on kaksikon ensimm\u00e4inen tapaaminen.<\/p>\n<p>Yhdysvallat hy\u00f6kk\u00e4si tammikuun alussa Venezuelaan ja sieppasi maan itsevaltaisen presidentin Maduron. Yhdysvallat syytt\u00e4\u00e4 Maduroa muun muassa huume- ja aserikoksista. Maduro on kiist\u00e4nyt syyllisyytens\u00e4.<\/p>\n<p>Yhdysvallat on myynyt ensimm\u00e4isen er\u00e4n Venezuelan \u00f6ljy\u00e4, kertoo hallitusl\u00e4hde uutiskanava <a href=\"https:\/\/edition.cnn.com\/2026\/01\/14\/business\/venezuelan-oil-us-sell-trump\" rel=\"nofollow noopener\" target=\"_blank\">CNN:lle<\/a>. Kaupan arvoksi kerrotaan 500 miljoonaa dollaria. L\u00e4hip\u00e4iville ja -viikoille odotetaan lis\u00e4kauppoja.\u00a0<\/p>\n<p>\u00d6ljykaupasta ei kerrottu julkisuuteen t\u00e4m\u00e4n enemp\u00e4\u00e4 yksityiskohtia.\u00a0<\/p>\n<p>Presidentti Trump on sanonut yhdysvaltalaisten \u00f6ljy-yhti\u00f6iden investoivan Venezuelan \u00f6ljyteollisuuteen noin 100 miljardia dollaria.\u00a0<\/p>\n<p>On ep\u00e4selv\u00e4\u00e4, mihin Trumpin mainitsema luku perustuu. Yhti\u00f6t ovat itse olleet kommenteissaan varovaisempia.<\/p>\n","protected":false},"excerpt":{"rendered":"Nobelin rauhanpalkinnon saanut Machado tapaa Trumpin t\u00e4n\u00e4\u00e4n Valkoisessa talossa. Suomenmaa \u2013 STT 15.1.2026 8:52, muokattu 15.1.2026 9:12 Ulkomaat&hellip;\n","protected":false},"author":2,"featured_media":142889,"comment_status":"","ping_status":"","sticky":false,"template":"","format":"standard","meta":{"footnotes":""},"categories":[14],"tags":[22,23,26,27,33,31,30,17,24,25,28,29,15,18,21,32,19,20,56,16,59,60,61],"class_list":{"0":"post-142888","1":"post","2":"type-post","3":"status-publish","4":"format-standard","5":"has-post-thumbnail","7":"category-ulkomaat","8":"tag-breaking-news","9":"tag-breakingnews","10":"tag-featured-news","11":"tag-featurednews","12":"tag-fi","13":"tag-finland","14":"tag-finnish","15":"tag-headlines","16":"tag-latest-news","17":"tag-latestnews","18":"tag-main-news","19":"tag-mainnews","20":"tag-news","21":"tag-otsikot","22":"tag-paauutiset","23":"tag-suomi","24":"tag-top-stories","25":"tag-topstories","26":"tag-ulkomaat","27":"tag-uutiset","28":"tag-world","29":"tag-world-news","30":"tag-worldnews"},"share_on_mastodon":{"url":"https:\/\/pubeurope.com\/@fi\/115898430631705996","error":""},"_links":{"self":[{"href":"https:\/\/www.europesays.com\/fi\/wp-json\/wp\/v2\/posts\/142888","targetHints":{"allow":["GET"]}}],"collection":[{"href":"https:\/\/www.europesays.com\/fi\/wp-json\/wp\/v2\/posts"}],"about":[{"href":"https:\/\/www.europesays.com\/fi\/wp-json\/wp\/v2\/types\/post"}],"author":[{"embeddable":true,"href":"https:\/\/www.europesays.com\/fi\/wp-json\/wp\/v2\/users\/2"}],"replies":[{"embeddable":true,"href":"https:\/\/www.europesays.com\/fi\/wp-json\/wp\/v2\/comments?post=142888"}],"version-history":[{"count":0,"href":"https:\/\/www.europesays.com\/fi\/wp-json\/wp\/v2\/posts\/142888\/revisions"}],"wp:featuredmedia":[{"embeddable":true,"href":"https:\/\/www.europesays.com\/fi\/wp-json\/wp\/v2\/media\/142889"}],"wp:attachment":[{"href":"https:\/\/www.europesays.com\/fi\/wp-json\/wp\/v2\/media?parent=142888"}],"wp:term":[{"taxonomy":"category","embeddable":true,"href":"https:\/\/www.europesays.com\/fi\/wp-json\/wp\/v2\/categories?post=142888"},{"taxonomy":"post_tag","embeddable":true,"href":"https:\/\/www.europesays.com\/fi\/wp-json\/wp\/v2\/tags?post=142888"}],"curies":[{"name":"wp","href":"https:\/\/api.w.org\/{rel}","templated":true}]}}